{"id":869,"date":"2020-01-13T15:07:03","date_gmt":"2020-01-13T14:07:03","guid":{"rendered":"https:\/\/alle-im-digitalen-wandel.de\/home\/?p=869"},"modified":"2022-09-08T08:56:44","modified_gmt":"2022-09-08T06:56:44","slug":"eine-plattform-fuer-das-gemeinsame-vernetzte-lernen","status":"publish","type":"post","link":"https:\/\/alle-im-digitalen-wandel.de\/home\/eine-plattform-fuer-das-gemeinsame-vernetzte-lernen\/","title":{"rendered":"Eine Plattform f\u00fcr das gemeinsame, vernetzte Lernen"},"content":{"rendered":"\n<h2>Eine Plattform f\u00fcr das gemeinsame, vernetzte Lernen<\/h2>\n\n\n\n<div class=\"is-layout-flex wp-container-3 wp-block-columns alignwide\">\n<div class=\"is-layout-flow wp-block-column\">\n<p>Das Projekt \u201eALLE im digitalen Wandel\u201c will auch in der konkreten Unterst\u00fctzung von Projektteams und Lerngruppen neue Wege gehen. Zusammen mit unserem Projektpartner \u201eschenck.de\u201c wurde deshalb eine Lernplattform gesucht, die nicht nur die Vermittlung von Lerninhalten, sondern auch die Kommunikation der Teilnehmenden und die Arbeit in Gruppen unterst\u00fctzt. Denn eine zukunftsgerichtete Lernumgebung sollte ja gerade das selbstorganisierte, informelle Lernen der Nutzer f\u00f6rdern und ihnen M\u00f6glichkeiten geben, selbst aktiv zu werden: in Form von eigenen Beitr\u00e4gen, der Erstellung eigener Lerninhalte und der spontanen Vernetzung in der Lernumgebung, aber auch \u00fcber sie hinaus.<\/p>\n\n\n\n<p>Die Entscheidung fiel letztendlich auf LearnDash, eine moderne, virtuelle Lernumgebung, die auf dem offenen Content-Management-System WordPress aufsetzt und viele Funktionen bietet, die man von Social Media-Plattformen kennt.<\/p>\n\n\n\n<p>Als Pilotgruppe nutzen seit November 2019 die Teilnehmenden des \u201eFuture Skills bei Merck\u201c die neue Lerninfrastruktur. Im ersten Schritt bildet sie die zentrale Kommunikationsplattform f\u00fcr die Merck-Auszubildenden und das h_da-Projektteam. Inzwischen haben sich die meisten Teilnehmenden auf der Plattform angemeldet und ein eigenes Profil erstellt. Lerngruppen wurden eingerichtet. Dort werden auch die Projekt-Pl\u00e4ne (Project Canvas) abgelegt, die jede Gruppe f\u00fcr ihr Projekt erstellen muss.<\/p>\n<\/div>\n\n\n\n<div class=\"is-layout-flow wp-block-column\">\n<p>Weitere mit der Lernplattform verbundene Ziele: Die Auszubildenden werden angeregt, in einem Lerntagebuch regelm\u00e4\u00dfig \u00fcber ihre Projektfortschritte zu berichten. Das Projektteam von Merck und h_da wird zudem \u00fcber die Plattform kontinuierlich Lernressourcen und Arbeitshilfen zur Verf\u00fcgung stellen. Und es ist der Wunsch, dass die Auszubildenden die Plattform nutzen, um selbst Inhalte zu erstellen, weiterzugeben und sich untereinander zu vernetzen. Schon heute k\u00f6nnen sie sich durch Posts, Kommentare und Likes aktiv an der Kommunikation beteiligen.<\/p>\n\n\n\n<p>Wer Interesse an einem Blick hinter die Kulissen der Lernplattform hat bzw. sie selbst im Rahmen eines Projekts einsetzen m\u00f6chte, kann uns gerne ansprechen!<\/p>\n<\/div>\n<\/div>\n\n\n<p><\/p>\n<figure id=\"attachment_870\" aria-describedby=\"caption-attachment-870\" style=\"width: 1012px\" class=\"wp-caption aligncenter\"><img decoding=\"async\" loading=\"lazy\" class=\"wp-image-870 size-full\" src=\"https:\/\/alle-im-digitalen-wandel.de\/wp-content\/uploads\/2020\/02\/2020_01_06_LearnDash_Screenshot.png\" alt=\"\" width=\"1012\" height=\"548\" srcset=\"https:\/\/alle-im-digitalen-wandel.de\/wp-content\/uploads\/2020\/02\/2020_01_06_LearnDash_Screenshot.png 1012w, https:\/\/alle-im-digitalen-wandel.de\/wp-content\/uploads\/2020\/02\/2020_01_06_LearnDash_Screenshot-300x162.png 300w, https:\/\/alle-im-digitalen-wandel.de\/wp-content\/uploads\/2020\/02\/2020_01_06_LearnDash_Screenshot-768x416.png 768w\" sizes=\"(max-width: 1012px) 100vw, 1012px\" \/><figcaption id=\"caption-attachment-870\" class=\"wp-caption-text\">Abbildung: Einstiegsseite der Lernplattform<\/figcaption><\/figure>\n\n\n<figure class=\"wp-block-image\"><img alt=\"\"\/><\/figure>\n","protected":false},"excerpt":{"rendered":"<p>Das Projekt \u201eALLE im digitalen Wandel\u201c will auch in der konkreten Unterst\u00fctzung von Projektteams und Lerngruppen neue Wege gehen. Zusammen mit unserem Projektpartner \u201eschenck.de\u201c wurde deshalb eine Lernplattform gesucht, die nicht nur die Vermittlung von Lerninhalten, sondern auch die Kommunikation der Teilnehmenden und die Arbeit in Gruppen unterst\u00fctzt.<\/p>\n","protected":false},"author":1,"featured_media":870,"comment_status":"closed","ping_status":"open","sticky":false,"template":"","format":"standard","meta":{"_themeisle_gutenberg_block_has_review":false},"categories":[45,1,10],"tags":[49],"yoast_head":"<!-- This site is optimized with the Yoast SEO plugin v19.11 - https:\/\/yoast.com\/wordpress\/plugins\/seo\/ -->\n<title>Eine Plattform f\u00fcr das gemeinsame, vernetzte Lernen - Alle im digitalen Wandel<\/title>\n<meta name=\"robots\" content=\"index, follow, max-snippet:-1, max-image-preview:large, max-video-preview:-1\" \/>\n<link rel=\"canonical\" href=\"https:\/\/alle-im-digitalen-wandel.de\/home\/eine-plattform-fuer-das-gemeinsame-vernetzte-lernen\/\" \/>\n<meta property=\"og:locale\" content=\"de_DE\" \/>\n<meta property=\"og:type\" content=\"article\" \/>\n<meta property=\"og:title\" content=\"Eine Plattform f\u00fcr das gemeinsame, vernetzte Lernen - Alle im digitalen Wandel\" \/>\n<meta property=\"og:description\" content=\"Das Projekt \u201eALLE im digitalen Wandel\u201c will auch in der konkreten Unterst\u00fctzung von Projektteams und Lerngruppen neue Wege gehen. Zusammen mit unserem Projektpartner \u201eschenck.de\u201c wurde deshalb eine Lernplattform gesucht, die nicht nur die Vermittlung von Lerninhalten, sondern auch die Kommunikation der Teilnehmenden und die Arbeit in Gruppen unterst\u00fctzt.\" \/>\n<meta property=\"og:url\" content=\"https:\/\/alle-im-digitalen-wandel.de\/home\/eine-plattform-fuer-das-gemeinsame-vernetzte-lernen\/\" \/>\n<meta property=\"og:site_name\" content=\"Alle im digitalen Wandel\" \/>\n<meta property=\"article:published_time\" content=\"2020-01-13T14:07:03+00:00\" \/>\n<meta property=\"article:modified_time\" content=\"2022-09-08T06:56:44+00:00\" \/>\n<meta property=\"og:image\" content=\"https:\/\/alle-im-digitalen-wandel.de\/wp-content\/uploads\/2020\/02\/2020_01_06_LearnDash_Screenshot.png\" \/>\n\t<meta property=\"og:image:width\" content=\"1012\" \/>\n\t<meta property=\"og:image:height\" content=\"548\" \/>\n\t<meta property=\"og:image:type\" content=\"image\/png\" \/>\n<meta name=\"author\" content=\"admin\" \/>\n<meta name=\"twitter:card\" content=\"summary_large_image\" \/>\n<meta name=\"twitter:label1\" content=\"Geschrieben von\" \/>\n\t<meta name=\"twitter:data1\" content=\"admin\" \/>\n\t<meta name=\"twitter:label2\" content=\"Gesch\u00e4tzte Lesezeit\" \/>\n\t<meta name=\"twitter:data2\" content=\"2\u00a0Minuten\" \/>\n<script type=\"application\/ld+json\" class=\"yoast-schema-graph\">{\"@context\":\"https:\/\/schema.org\",\"@graph\":[{\"@type\":\"Article\",\"@id\":\"https:\/\/alle-im-digitalen-wandel.de\/home\/eine-plattform-fuer-das-gemeinsame-vernetzte-lernen\/#article\",\"isPartOf\":{\"@id\":\"https:\/\/alle-im-digitalen-wandel.de\/home\/eine-plattform-fuer-das-gemeinsame-vernetzte-lernen\/\"},\"author\":{\"name\":\"admin\",\"@id\":\"https:\/\/alle-im-digitalen-wandel.de\/home\/#\/schema\/person\/aba2c887bf097e6be68caeba38b9c526\"},\"headline\":\"Eine Plattform f\u00fcr das gemeinsame, vernetzte Lernen\",\"datePublished\":\"2020-01-13T14:07:03+00:00\",\"dateModified\":\"2022-09-08T06:56:44+00:00\",\"mainEntityOfPage\":{\"@id\":\"https:\/\/alle-im-digitalen-wandel.de\/home\/eine-plattform-fuer-das-gemeinsame-vernetzte-lernen\/\"},\"wordCount\":321,\"publisher\":{\"@id\":\"https:\/\/alle-im-digitalen-wandel.de\/home\/#organization\"},\"keywords\":[\"lernplattform\"],\"articleSection\":{\"0\":\"Aktuelles\",\"2\":\"Lebenslanges Lernen\"},\"inLanguage\":\"de\"},{\"@type\":\"WebPage\",\"@id\":\"https:\/\/alle-im-digitalen-wandel.de\/home\/eine-plattform-fuer-das-gemeinsame-vernetzte-lernen\/\",\"url\":\"https:\/\/alle-im-digitalen-wandel.de\/home\/eine-plattform-fuer-das-gemeinsame-vernetzte-lernen\/\",\"name\":\"Eine Plattform f\u00fcr das gemeinsame, vernetzte Lernen - Alle im digitalen Wandel\",\"isPartOf\":{\"@id\":\"https:\/\/alle-im-digitalen-wandel.de\/home\/#website\"},\"datePublished\":\"2020-01-13T14:07:03+00:00\",\"dateModified\":\"2022-09-08T06:56:44+00:00\",\"breadcrumb\":{\"@id\":\"https:\/\/alle-im-digitalen-wandel.de\/home\/eine-plattform-fuer-das-gemeinsame-vernetzte-lernen\/#breadcrumb\"},\"inLanguage\":\"de\",\"potentialAction\":[{\"@type\":\"ReadAction\",\"target\":[\"https:\/\/alle-im-digitalen-wandel.de\/home\/eine-plattform-fuer-das-gemeinsame-vernetzte-lernen\/\"]}]},{\"@type\":\"BreadcrumbList\",\"@id\":\"https:\/\/alle-im-digitalen-wandel.de\/home\/eine-plattform-fuer-das-gemeinsame-vernetzte-lernen\/#breadcrumb\",\"itemListElement\":[{\"@type\":\"ListItem\",\"position\":1,\"name\":\"Startseite\",\"item\":\"https:\/\/alle-im-digitalen-wandel.de\/home\/\"},{\"@type\":\"ListItem\",\"position\":2,\"name\":\"Eine Plattform f\u00fcr das gemeinsame, vernetzte Lernen\"}]},{\"@type\":\"WebSite\",\"@id\":\"https:\/\/alle-im-digitalen-wandel.de\/home\/#website\",\"url\":\"https:\/\/alle-im-digitalen-wandel.de\/home\/\",\"name\":\"Alle im digitalen Wandel\",\"description\":\"Ein Projekt der Hochschule Darmstadt\",\"publisher\":{\"@id\":\"https:\/\/alle-im-digitalen-wandel.de\/home\/#organization\"},\"potentialAction\":[{\"@type\":\"SearchAction\",\"target\":{\"@type\":\"EntryPoint\",\"urlTemplate\":\"https:\/\/alle-im-digitalen-wandel.de\/home\/?s={search_term_string}\"},\"query-input\":\"required name=search_term_string\"}],\"inLanguage\":\"de\"},{\"@type\":\"Organization\",\"@id\":\"https:\/\/alle-im-digitalen-wandel.de\/home\/#organization\",\"name\":\"Alle im digitalen Wandel\",\"url\":\"https:\/\/alle-im-digitalen-wandel.de\/home\/\",\"logo\":{\"@type\":\"ImageObject\",\"inLanguage\":\"de\",\"@id\":\"https:\/\/alle-im-digitalen-wandel.de\/home\/#\/schema\/logo\/image\/\",\"url\":\"https:\/\/alle-im-digitalen-wandel.de\/wp-content\/uploads\/2020\/07\/cropped-Frame21.png\",\"contentUrl\":\"https:\/\/alle-im-digitalen-wandel.de\/wp-content\/uploads\/2020\/07\/cropped-Frame21.png\",\"width\":1786,\"height\":782,\"caption\":\"Alle im digitalen Wandel\"},\"image\":{\"@id\":\"https:\/\/alle-im-digitalen-wandel.de\/home\/#\/schema\/logo\/image\/\"}},{\"@type\":\"Person\",\"@id\":\"https:\/\/alle-im-digitalen-wandel.de\/home\/#\/schema\/person\/aba2c887bf097e6be68caeba38b9c526\",\"name\":\"admin\",\"image\":{\"@type\":\"ImageObject\",\"inLanguage\":\"de\",\"@id\":\"https:\/\/alle-im-digitalen-wandel.de\/home\/#\/schema\/person\/image\/\",\"url\":\"https:\/\/secure.gravatar.com\/avatar\/20e0375322246cb402e46562715ccc80?s=96&d=mm&r=g\",\"contentUrl\":\"https:\/\/secure.gravatar.com\/avatar\/20e0375322246cb402e46562715ccc80?s=96&d=mm&r=g\",\"caption\":\"admin\"},\"url\":\"https:\/\/alle-im-digitalen-wandel.de\/home\/author\/admin\/\"}]}<\/script>\n<!-- \/ Yoast SEO plugin. -->","yoast_head_json":{"title":"Eine Plattform f\u00fcr das gemeinsame, vernetzte Lernen - Alle im digitalen Wandel","robots":{"index":"index","follow":"follow","max-snippet":"max-snippet:-1","max-image-preview":"max-image-preview:large","max-video-preview":"max-video-preview:-1"},"canonical":"https:\/\/alle-im-digitalen-wandel.de\/home\/eine-plattform-fuer-das-gemeinsame-vernetzte-lernen\/","og_locale":"de_DE","og_type":"article","og_title":"Eine Plattform f\u00fcr das gemeinsame, vernetzte Lernen - Alle im digitalen Wandel","og_description":"Das Projekt \u201eALLE im digitalen Wandel\u201c will auch in der konkreten Unterst\u00fctzung von Projektteams und Lerngruppen neue Wege gehen. Zusammen mit unserem Projektpartner \u201eschenck.de\u201c wurde deshalb eine Lernplattform gesucht, die nicht nur die Vermittlung von Lerninhalten, sondern auch die Kommunikation der Teilnehmenden und die Arbeit in Gruppen unterst\u00fctzt.","og_url":"https:\/\/alle-im-digitalen-wandel.de\/home\/eine-plattform-fuer-das-gemeinsame-vernetzte-lernen\/","og_site_name":"Alle im digitalen Wandel","article_published_time":"2020-01-13T14:07:03+00:00","article_modified_time":"2022-09-08T06:56:44+00:00","og_image":[{"width":1012,"height":548,"url":"https:\/\/alle-im-digitalen-wandel.de\/wp-content\/uploads\/2020\/02\/2020_01_06_LearnDash_Screenshot.png","type":"image\/png"}],"author":"admin","twitter_card":"summary_large_image","twitter_misc":{"Geschrieben von":"admin","Gesch\u00e4tzte Lesezeit":"2\u00a0Minuten"},"schema":{"@context":"https:\/\/schema.org","@graph":[{"@type":"Article","@id":"https:\/\/alle-im-digitalen-wandel.de\/home\/eine-plattform-fuer-das-gemeinsame-vernetzte-lernen\/#article","isPartOf":{"@id":"https:\/\/alle-im-digitalen-wandel.de\/home\/eine-plattform-fuer-das-gemeinsame-vernetzte-lernen\/"},"author":{"name":"admin","@id":"https:\/\/alle-im-digitalen-wandel.de\/home\/#\/schema\/person\/aba2c887bf097e6be68caeba38b9c526"},"headline":"Eine Plattform f\u00fcr das gemeinsame, vernetzte Lernen","datePublished":"2020-01-13T14:07:03+00:00","dateModified":"2022-09-08T06:56:44+00:00","mainEntityOfPage":{"@id":"https:\/\/alle-im-digitalen-wandel.de\/home\/eine-plattform-fuer-das-gemeinsame-vernetzte-lernen\/"},"wordCount":321,"publisher":{"@id":"https:\/\/alle-im-digitalen-wandel.de\/home\/#organization"},"keywords":["lernplattform"],"articleSection":{"0":"Aktuelles","2":"Lebenslanges Lernen"},"inLanguage":"de"},{"@type":"WebPage","@id":"https:\/\/alle-im-digitalen-wandel.de\/home\/eine-plattform-fuer-das-gemeinsame-vernetzte-lernen\/","url":"https:\/\/alle-im-digitalen-wandel.de\/home\/eine-plattform-fuer-das-gemeinsame-vernetzte-lernen\/","name":"Eine Plattform f\u00fcr das gemeinsame, vernetzte Lernen - Alle im digitalen Wandel","isPartOf":{"@id":"https:\/\/alle-im-digitalen-wandel.de\/home\/#website"},"datePublished":"2020-01-13T14:07:03+00:00","dateModified":"2022-09-08T06:56:44+00:00","breadcrumb":{"@id":"https:\/\/alle-im-digitalen-wandel.de\/home\/eine-plattform-fuer-das-gemeinsame-vernetzte-lernen\/#breadcrumb"},"inLanguage":"de","potentialAction":[{"@type":"ReadAction","target":["https:\/\/alle-im-digitalen-wandel.de\/home\/eine-plattform-fuer-das-gemeinsame-vernetzte-lernen\/"]}]},{"@type":"BreadcrumbList","@id":"https:\/\/alle-im-digitalen-wandel.de\/home\/eine-plattform-fuer-das-gemeinsame-vernetzte-lernen\/#breadcrumb","itemListElement":[{"@type":"ListItem","position":1,"name":"Startseite","item":"https:\/\/alle-im-digitalen-wandel.de\/home\/"},{"@type":"ListItem","position":2,"name":"Eine Plattform f\u00fcr das gemeinsame, vernetzte Lernen"}]},{"@type":"WebSite","@id":"https:\/\/alle-im-digitalen-wandel.de\/home\/#website","url":"https:\/\/alle-im-digitalen-wandel.de\/home\/","name":"Alle im digitalen Wandel","description":"Ein Projekt der Hochschule Darmstadt","publisher":{"@id":"https:\/\/alle-im-digitalen-wandel.de\/home\/#organization"},"potentialAction":[{"@type":"SearchAction","target":{"@type":"EntryPoint","urlTemplate":"https:\/\/alle-im-digitalen-wandel.de\/home\/?s={search_term_string}"},"query-input":"required name=search_term_string"}],"inLanguage":"de"},{"@type":"Organization","@id":"https:\/\/alle-im-digitalen-wandel.de\/home\/#organization","name":"Alle im digitalen Wandel","url":"https:\/\/alle-im-digitalen-wandel.de\/home\/","logo":{"@type":"ImageObject","inLanguage":"de","@id":"https:\/\/alle-im-digitalen-wandel.de\/home\/#\/schema\/logo\/image\/","url":"https:\/\/alle-im-digitalen-wandel.de\/wp-content\/uploads\/2020\/07\/cropped-Frame21.png","contentUrl":"https:\/\/alle-im-digitalen-wandel.de\/wp-content\/uploads\/2020\/07\/cropped-Frame21.png","width":1786,"height":782,"caption":"Alle im digitalen Wandel"},"image":{"@id":"https:\/\/alle-im-digitalen-wandel.de\/home\/#\/schema\/logo\/image\/"}},{"@type":"Person","@id":"https:\/\/alle-im-digitalen-wandel.de\/home\/#\/schema\/person\/aba2c887bf097e6be68caeba38b9c526","name":"admin","image":{"@type":"ImageObject","inLanguage":"de","@id":"https:\/\/alle-im-digitalen-wandel.de\/home\/#\/schema\/person\/image\/","url":"https:\/\/secure.gravatar.com\/avatar\/20e0375322246cb402e46562715ccc80?s=96&d=mm&r=g","contentUrl":"https:\/\/secure.gravatar.com\/avatar\/20e0375322246cb402e46562715ccc80?s=96&d=mm&r=g","caption":"admin"},"url":"https:\/\/alle-im-digitalen-wandel.de\/home\/author\/admin\/"}]}},"_links":{"self":[{"href":"https:\/\/alle-im-digitalen-wandel.de\/home\/wp-json\/wp\/v2\/posts\/869"}],"collection":[{"href":"https:\/\/alle-im-digitalen-wandel.de\/home\/wp-json\/wp\/v2\/posts"}],"about":[{"href":"https:\/\/alle-im-digitalen-wandel.de\/home\/wp-json\/wp\/v2\/types\/post"}],"author":[{"embeddable":true,"href":"https:\/\/alle-im-digitalen-wandel.de\/home\/wp-json\/wp\/v2\/users\/1"}],"replies":[{"embeddable":true,"href":"https:\/\/alle-im-digitalen-wandel.de\/home\/wp-json\/wp\/v2\/comments?post=869"}],"version-history":[{"count":10,"href":"https:\/\/alle-im-digitalen-wandel.de\/home\/wp-json\/wp\/v2\/posts\/869\/revisions"}],"predecessor-version":[{"id":1057,"href":"https:\/\/alle-im-digitalen-wandel.de\/home\/wp-json\/wp\/v2\/posts\/869\/revisions\/1057"}],"wp:featuredmedia":[{"embeddable":true,"href":"https:\/\/alle-im-digitalen-wandel.de\/home\/wp-json\/wp\/v2\/media\/870"}],"wp:attachment":[{"href":"https:\/\/alle-im-digitalen-wandel.de\/home\/wp-json\/wp\/v2\/media?parent=869"}],"wp:term":[{"taxonomy":"category","embeddable":true,"href":"https:\/\/alle-im-digitalen-wandel.de\/home\/wp-json\/wp\/v2\/categories?post=869"},{"taxonomy":"post_tag","embeddable":true,"href":"https:\/\/alle-im-digitalen-wandel.de\/home\/wp-json\/wp\/v2\/tags?post=869"}],"curies":[{"name":"wp","href":"https:\/\/api.w.org\/{rel}","templated":true}]}}