{"id":847,"date":"2019-07-03T09:54:54","date_gmt":"2019-07-03T07:54:54","guid":{"rendered":"https:\/\/alle-im-digitalen-wandel.de\/home\/?p=847"},"modified":"2022-09-08T08:57:02","modified_gmt":"2022-09-08T06:57:02","slug":"tool-tag-17-juni-2019","status":"publish","type":"post","link":"https:\/\/alle-im-digitalen-wandel.de\/home\/tool-tag-17-juni-2019\/","title":{"rendered":"&#8222;TOOL-Tag&#8220;, 17. Juni 2019"},"content":{"rendered":"<p>Der digitale Wandel bedeutet Ver\u00e4nderung. Als sich die Verbundpartner im Projekt \u201eALLE im digitalen Wandel\u201c zum ersten Mal trafen, um sich \u00fcber ihre weiteren Schritte auszutauschen, tauchte eine Herausforderung immer wieder auf: der Umgang mit der gro\u00dfen, wachsenden Zahl neuer Tools und Methoden, die der digitale Wandel mit sich bringt. Das betrifft Unternehmensf\u00fchrungen, die den \u201eWildwuchs\u201c an Tools eind\u00e4mmen wollen; das besch\u00e4ftigt Verwaltungen, wenn sie ihre internen Abstimmungsprozesse durch den Einsatz neuer Kommunikationsm\u00f6glichkeiten verbessern wollen; das ber\u00fchrt aber auch jeden einzelnen Projektpartner pers\u00f6nlich, wenn sie in ihren beruflichen wie privaten Netzwerken auf dem Laufenden bleiben wollen.<\/p>\n<p>Vor diesem Hintergrund war es naheliegend, diese Fragen unter dem Titel \u201eALLE experimentieren: TOOLS\u201c ins Zentrum eines gemeinsamen, ganzt\u00e4tigen Projekttreffens zu stellen. Zu diesem Anlass trafen sich 25 TeilnehmerInnen am 17. Juni auf dem Mediencampus der Hochschule Darmstadt in Dieburg. Als Startpunkt des Tages nutzten sie das gerade eingeweihte \u201eInnovation-Lab\u201c, den Experimentierraum am Mediencampus in Dieburg. Im Anschluss hatten sie die M\u00f6glichkeit, sich in 12, teils parallelen Sessions auszutauschen. Das Themenspektrum war weit gespannt. Als Ordnungsraster dienten die Schwerpunkte des Verbundprojekts: Lebenslanges Lernen, Ver\u00e4nderung und Kommunikation, Neugier und Experimentierraum. Ein Auszug aus dem Session-Angebot:<\/p>\n<p>Wie halte ich mich auf dem Laufenden? \u2014 Video\/ Audio: Wann bringt es was? \u2014 \u201eStart with Why\u201c: Wann gelingen Ver\u00e4nderungsprozesse? \u2014 Zielgruppen verstehen: Wie arbeitet man mit Personas? \u2014 Lego Serious Play oder: Kann man ernsthaft spielen? \u2014 Mit Geschichten Menschen mitnehmen: Heldenreise &amp; Storytelling \u2014 Von BarCamps bis Fuck Up Nights: Wie man kreativ voneinander lernt \u2014 Working Out Loud: Kann man das Wissen-Teilen lernen? \u2014 Ver\u00e4ndern Business Messenger wie Slack, Teams &amp; Co. die Organisation?&nbsp; \u2014 Apps &amp; Datenbrillen: Neue M\u00f6glichkeiten der Digitalisierung \u2014 Wie gehen wir mit der Flut an Tools um? Ein Werkstattbericht \u2014 Quick Wins &amp; Mindset: Tools und Abl\u00e4ufe f\u00fcr bessere Meetings.<\/p>\n<p>In den kurzweiligen Sessions konnten sich die Teilnehmenden informieren, selbst experimentieren und eigene Erfahrungen teilen. Zu vielen Themen werden weiterf\u00fchrende Informationen auf der Projektplattform zur Verf\u00fcgung gestellt. Wo der Wunsch nach Vertiefung bestand, werden die Themen in die n\u00e4chsten Projektphasen und abschlie\u00dfenden Workshops integriert. Schon w\u00e4hrend des \u201eTool-Tages\u201c wurde gro\u00dfen Wert daraufgelegt, die Themen und Stichworte zu identifizieren, an denen verschiedene Projektpartner gemeinsam weiterarbeiten wollen. Das Thema f\u00fcr den n\u00e4chsten gemeinsamen Projekttag (voraussichtlich im November 2019) steht auch bereits fest: \u201eALLE entdecken: NEUGIER\u201c.<\/p>\n<div id='gallery-1' class='gallery galleryid-847 gallery-columns-2 gallery-size-medium'><figure class='gallery-item'>\n\t\t\t<div class='gallery-icon landscape'>\n\t\t\t\t<a href='https:\/\/alle-im-digitalen-wandel.de\/home\/photo_2019-09-06_12-07-46-1\/'><img width=\"300\" height=\"225\" src=\"https:\/\/alle-im-digitalen-wandel.de\/wp-content\/uploads\/2019\/09\/photo_2019-09-06_12-07-46-1-300x225.jpg\" class=\"attachment-medium size-medium\" alt=\"\" decoding=\"async\" loading=\"lazy\" srcset=\"https:\/\/alle-im-digitalen-wandel.de\/wp-content\/uploads\/2019\/09\/photo_2019-09-06_12-07-46-1-300x225.jpg 300w, https:\/\/alle-im-digitalen-wandel.de\/wp-content\/uploads\/2019\/09\/photo_2019-09-06_12-07-46-1-768x576.jpg 768w, https:\/\/alle-im-digitalen-wandel.de\/wp-content\/uploads\/2019\/09\/photo_2019-09-06_12-07-46-1-1024x768.jpg 1024w, https:\/\/alle-im-digitalen-wandel.de\/wp-content\/uploads\/2019\/09\/photo_2019-09-06_12-07-46-1.jpg 1280w\" sizes=\"(max-width: 300px) 100vw, 300px\" \/><\/a>\n\t\t\t<\/div><\/figure><figure class='gallery-item'>\n\t\t\t<div class='gallery-icon landscape'>\n\t\t\t\t<a href='https:\/\/alle-im-digitalen-wandel.de\/home\/photo_2019-09-06_12-05-23-1\/'><img width=\"300\" height=\"225\" src=\"https:\/\/alle-im-digitalen-wandel.de\/wp-content\/uploads\/2019\/09\/photo_2019-09-06_12-05-23-1-300x225.jpg\" class=\"attachment-medium size-medium\" alt=\"\" decoding=\"async\" loading=\"lazy\" srcset=\"https:\/\/alle-im-digitalen-wandel.de\/wp-content\/uploads\/2019\/09\/photo_2019-09-06_12-05-23-1-300x225.jpg 300w, https:\/\/alle-im-digitalen-wandel.de\/wp-content\/uploads\/2019\/09\/photo_2019-09-06_12-05-23-1-768x576.jpg 768w, https:\/\/alle-im-digitalen-wandel.de\/wp-content\/uploads\/2019\/09\/photo_2019-09-06_12-05-23-1-1024x768.jpg 1024w, https:\/\/alle-im-digitalen-wandel.de\/wp-content\/uploads\/2019\/09\/photo_2019-09-06_12-05-23-1.jpg 1280w\" sizes=\"(max-width: 300px) 100vw, 300px\" \/><\/a>\n\t\t\t<\/div><\/figure><figure class='gallery-item'>\n\t\t\t<div class='gallery-icon landscape'>\n\t\t\t\t<a href='https:\/\/alle-im-digitalen-wandel.de\/home\/photo_2019-09-06_12-05-40\/'><img width=\"300\" height=\"225\" src=\"https:\/\/alle-im-digitalen-wandel.de\/wp-content\/uploads\/2019\/09\/photo_2019-09-06_12-05-40-300x225.jpg\" class=\"attachment-medium size-medium\" alt=\"\" decoding=\"async\" loading=\"lazy\" srcset=\"https:\/\/alle-im-digitalen-wandel.de\/wp-content\/uploads\/2019\/09\/photo_2019-09-06_12-05-40-300x225.jpg 300w, https:\/\/alle-im-digitalen-wandel.de\/wp-content\/uploads\/2019\/09\/photo_2019-09-06_12-05-40-768x576.jpg 768w, https:\/\/alle-im-digitalen-wandel.de\/wp-content\/uploads\/2019\/09\/photo_2019-09-06_12-05-40-1024x768.jpg 1024w, https:\/\/alle-im-digitalen-wandel.de\/wp-content\/uploads\/2019\/09\/photo_2019-09-06_12-05-40.jpg 1280w\" sizes=\"(max-width: 300px) 100vw, 300px\" \/><\/a>\n\t\t\t<\/div><\/figure><figure class='gallery-item'>\n\t\t\t<div class='gallery-icon landscape'>\n\t\t\t\t<a href='https:\/\/alle-im-digitalen-wandel.de\/home\/photo_2019-09-06_12-07-46\/'><img width=\"300\" height=\"225\" src=\"https:\/\/alle-im-digitalen-wandel.de\/wp-content\/uploads\/2019\/09\/photo_2019-09-06_12-07-46-300x225.jpg\" class=\"attachment-medium size-medium\" alt=\"\" decoding=\"async\" loading=\"lazy\" srcset=\"https:\/\/alle-im-digitalen-wandel.de\/wp-content\/uploads\/2019\/09\/photo_2019-09-06_12-07-46-300x225.jpg 300w, https:\/\/alle-im-digitalen-wandel.de\/wp-content\/uploads\/2019\/09\/photo_2019-09-06_12-07-46-768x576.jpg 768w, https:\/\/alle-im-digitalen-wandel.de\/wp-content\/uploads\/2019\/09\/photo_2019-09-06_12-07-46-1024x768.jpg 1024w, https:\/\/alle-im-digitalen-wandel.de\/wp-content\/uploads\/2019\/09\/photo_2019-09-06_12-07-46.jpg 1280w\" sizes=\"(max-width: 300px) 100vw, 300px\" \/><\/a>\n\t\t\t<\/div><\/figure><figure class='gallery-item'>\n\t\t\t<div class='gallery-icon landscape'>\n\t\t\t\t<a href='https:\/\/alle-im-digitalen-wandel.de\/home\/photo_2019-09-06_16-10-10\/'><img width=\"300\" height=\"130\" src=\"https:\/\/alle-im-digitalen-wandel.de\/wp-content\/uploads\/2019\/09\/photo_2019-09-06_16-10-10-300x130.jpg\" class=\"attachment-medium size-medium\" alt=\"\" decoding=\"async\" loading=\"lazy\" srcset=\"https:\/\/alle-im-digitalen-wandel.de\/wp-content\/uploads\/2019\/09\/photo_2019-09-06_16-10-10-300x130.jpg 300w, https:\/\/alle-im-digitalen-wandel.de\/wp-content\/uploads\/2019\/09\/photo_2019-09-06_16-10-10-768x333.jpg 768w, https:\/\/alle-im-digitalen-wandel.de\/wp-content\/uploads\/2019\/09\/photo_2019-09-06_16-10-10-1024x444.jpg 1024w, https:\/\/alle-im-digitalen-wandel.de\/wp-content\/uploads\/2019\/09\/photo_2019-09-06_16-10-10.jpg 1280w\" sizes=\"(max-width: 300px) 100vw, 300px\" \/><\/a>\n\t\t\t<\/div><\/figure>\n\t\t<\/div>\n\n<p>Impressionen vom Projekttreffen \u201eALLE experimentieren: TOOLS\u201c mit TeilnehmerInnen der Projektpartner Fink &amp; Fuchs AG, Wiesbaden; Kreisausschuss des Landkreises Darmstadt-Dieburg, Darmstadt; Kunzler Service GmbH, Frankfurt am Main; Merck KgaA, Darmstadt; Schenck.de AG, M\u00fclheim an der Ruhr; VITRONIC Dr.-Ing. Stein Bildverabeitungssysteme GmbH, Wiesbaden; Hochschule Darmstadt<br \/>\n(Fotos: Hannah Sch\u00fcrr, Hochschule Darmstadt)<\/p>\n","protected":false},"excerpt":{"rendered":"<p>Der digitale Wandel bedeutet Ver\u00e4nderung. Als sich die Verbundpartner im Projekt \u201eALLE im digitalen Wandel\u201c zum ersten Mal trafen, um sich \u00fcber ihre weiteren Schritte auszutauschen, tauchte eine Herausforderung immer wieder auf: der Umgang mit der gro\u00dfen, wachsenden Zahl neuer Tools und Methoden, die der digitale Wandel mit sich bringt.<\/p>\n","protected":false},"author":1,"featured_media":856,"comment_status":"closed","ping_status":"open","sticky":false,"template":"","format":"standard","meta":{"_themeisle_gutenberg_block_has_review":false},"categories":[45,11],"tags":[14],"yoast_head":"<!-- This site is optimized with the Yoast SEO plugin v19.11 - https:\/\/yoast.com\/wordpress\/plugins\/seo\/ -->\n<title>&quot;TOOL-Tag&quot;, 17. Juni 2019 - Alle im digitalen Wandel<\/title>\n<meta name=\"robots\" content=\"index, follow, max-snippet:-1, max-image-preview:large, max-video-preview:-1\" \/>\n<link rel=\"canonical\" href=\"https:\/\/alle-im-digitalen-wandel.de\/home\/tool-tag-17-juni-2019\/\" \/>\n<meta property=\"og:locale\" content=\"de_DE\" \/>\n<meta property=\"og:type\" content=\"article\" \/>\n<meta property=\"og:title\" content=\"&quot;TOOL-Tag&quot;, 17. Juni 2019 - Alle im digitalen Wandel\" \/>\n<meta property=\"og:description\" content=\"Der digitale Wandel bedeutet Ver\u00e4nderung. Als sich die Verbundpartner im Projekt \u201eALLE im digitalen Wandel\u201c zum ersten Mal trafen, um sich \u00fcber ihre weiteren Schritte auszutauschen, tauchte eine Herausforderung immer wieder auf: der Umgang mit der gro\u00dfen, wachsenden Zahl neuer Tools und Methoden, die der digitale Wandel mit sich bringt.\" \/>\n<meta property=\"og:url\" content=\"https:\/\/alle-im-digitalen-wandel.de\/home\/tool-tag-17-juni-2019\/\" \/>\n<meta property=\"og:site_name\" content=\"Alle im digitalen Wandel\" \/>\n<meta property=\"article:published_time\" content=\"2019-07-03T07:54:54+00:00\" \/>\n<meta property=\"article:modified_time\" content=\"2022-09-08T06:57:02+00:00\" \/>\n<meta property=\"og:image\" content=\"https:\/\/alle-im-digitalen-wandel.de\/wp-content\/uploads\/2019\/07\/maxim-selyuk-flQuOWF18Y-unsplash-scaled.jpg\" \/>\n\t<meta property=\"og:image:width\" content=\"2560\" \/>\n\t<meta property=\"og:image:height\" content=\"1707\" \/>\n\t<meta property=\"og:image:type\" content=\"image\/jpeg\" \/>\n<meta name=\"author\" content=\"admin\" \/>\n<meta name=\"twitter:card\" content=\"summary_large_image\" \/>\n<meta name=\"twitter:label1\" content=\"Geschrieben von\" \/>\n\t<meta name=\"twitter:data1\" content=\"admin\" \/>\n\t<meta name=\"twitter:label2\" content=\"Gesch\u00e4tzte Lesezeit\" \/>\n\t<meta name=\"twitter:data2\" content=\"2\u00a0Minuten\" \/>\n<script type=\"application\/ld+json\" class=\"yoast-schema-graph\">{\"@context\":\"https:\/\/schema.org\",\"@graph\":[{\"@type\":\"Article\",\"@id\":\"https:\/\/alle-im-digitalen-wandel.de\/home\/tool-tag-17-juni-2019\/#article\",\"isPartOf\":{\"@id\":\"https:\/\/alle-im-digitalen-wandel.de\/home\/tool-tag-17-juni-2019\/\"},\"author\":{\"name\":\"admin\",\"@id\":\"https:\/\/alle-im-digitalen-wandel.de\/home\/#\/schema\/person\/aba2c887bf097e6be68caeba38b9c526\"},\"headline\":\"&#8222;TOOL-Tag&#8220;, 17. Juni 2019\",\"datePublished\":\"2019-07-03T07:54:54+00:00\",\"dateModified\":\"2022-09-08T06:57:02+00:00\",\"mainEntityOfPage\":{\"@id\":\"https:\/\/alle-im-digitalen-wandel.de\/home\/tool-tag-17-juni-2019\/\"},\"wordCount\":451,\"publisher\":{\"@id\":\"https:\/\/alle-im-digitalen-wandel.de\/home\/#organization\"},\"keywords\":[\"tools\"],\"articleSection\":[\"Aktuelles\",\"Events\"],\"inLanguage\":\"de\"},{\"@type\":\"WebPage\",\"@id\":\"https:\/\/alle-im-digitalen-wandel.de\/home\/tool-tag-17-juni-2019\/\",\"url\":\"https:\/\/alle-im-digitalen-wandel.de\/home\/tool-tag-17-juni-2019\/\",\"name\":\"\\\"TOOL-Tag\\\", 17. Juni 2019 - Alle im digitalen Wandel\",\"isPartOf\":{\"@id\":\"https:\/\/alle-im-digitalen-wandel.de\/home\/#website\"},\"datePublished\":\"2019-07-03T07:54:54+00:00\",\"dateModified\":\"2022-09-08T06:57:02+00:00\",\"breadcrumb\":{\"@id\":\"https:\/\/alle-im-digitalen-wandel.de\/home\/tool-tag-17-juni-2019\/#breadcrumb\"},\"inLanguage\":\"de\",\"potentialAction\":[{\"@type\":\"ReadAction\",\"target\":[\"https:\/\/alle-im-digitalen-wandel.de\/home\/tool-tag-17-juni-2019\/\"]}]},{\"@type\":\"BreadcrumbList\",\"@id\":\"https:\/\/alle-im-digitalen-wandel.de\/home\/tool-tag-17-juni-2019\/#breadcrumb\",\"itemListElement\":[{\"@type\":\"ListItem\",\"position\":1,\"name\":\"Startseite\",\"item\":\"https:\/\/alle-im-digitalen-wandel.de\/home\/\"},{\"@type\":\"ListItem\",\"position\":2,\"name\":\"&#8222;TOOL-Tag&#8220;, 17. Juni 2019\"}]},{\"@type\":\"WebSite\",\"@id\":\"https:\/\/alle-im-digitalen-wandel.de\/home\/#website\",\"url\":\"https:\/\/alle-im-digitalen-wandel.de\/home\/\",\"name\":\"Alle im digitalen Wandel\",\"description\":\"Ein Projekt der Hochschule Darmstadt\",\"publisher\":{\"@id\":\"https:\/\/alle-im-digitalen-wandel.de\/home\/#organization\"},\"potentialAction\":[{\"@type\":\"SearchAction\",\"target\":{\"@type\":\"EntryPoint\",\"urlTemplate\":\"https:\/\/alle-im-digitalen-wandel.de\/home\/?s={search_term_string}\"},\"query-input\":\"required name=search_term_string\"}],\"inLanguage\":\"de\"},{\"@type\":\"Organization\",\"@id\":\"https:\/\/alle-im-digitalen-wandel.de\/home\/#organization\",\"name\":\"Alle im digitalen Wandel\",\"url\":\"https:\/\/alle-im-digitalen-wandel.de\/home\/\",\"logo\":{\"@type\":\"ImageObject\",\"inLanguage\":\"de\",\"@id\":\"https:\/\/alle-im-digitalen-wandel.de\/home\/#\/schema\/logo\/image\/\",\"url\":\"https:\/\/alle-im-digitalen-wandel.de\/wp-content\/uploads\/2020\/07\/cropped-Frame21.png\",\"contentUrl\":\"https:\/\/alle-im-digitalen-wandel.de\/wp-content\/uploads\/2020\/07\/cropped-Frame21.png\",\"width\":1786,\"height\":782,\"caption\":\"Alle im digitalen Wandel\"},\"image\":{\"@id\":\"https:\/\/alle-im-digitalen-wandel.de\/home\/#\/schema\/logo\/image\/\"}},{\"@type\":\"Person\",\"@id\":\"https:\/\/alle-im-digitalen-wandel.de\/home\/#\/schema\/person\/aba2c887bf097e6be68caeba38b9c526\",\"name\":\"admin\",\"image\":{\"@type\":\"ImageObject\",\"inLanguage\":\"de\",\"@id\":\"https:\/\/alle-im-digitalen-wandel.de\/home\/#\/schema\/person\/image\/\",\"url\":\"https:\/\/secure.gravatar.com\/avatar\/20e0375322246cb402e46562715ccc80?s=96&d=mm&r=g\",\"contentUrl\":\"https:\/\/secure.gravatar.com\/avatar\/20e0375322246cb402e46562715ccc80?s=96&d=mm&r=g\",\"caption\":\"admin\"},\"url\":\"https:\/\/alle-im-digitalen-wandel.de\/home\/author\/admin\/\"}]}<\/script>\n<!-- \/ Yoast SEO plugin. -->","yoast_head_json":{"title":"\"TOOL-Tag\", 17. Juni 2019 - Alle im digitalen Wandel","robots":{"index":"index","follow":"follow","max-snippet":"max-snippet:-1","max-image-preview":"max-image-preview:large","max-video-preview":"max-video-preview:-1"},"canonical":"https:\/\/alle-im-digitalen-wandel.de\/home\/tool-tag-17-juni-2019\/","og_locale":"de_DE","og_type":"article","og_title":"\"TOOL-Tag\", 17. Juni 2019 - Alle im digitalen Wandel","og_description":"Der digitale Wandel bedeutet Ver\u00e4nderung. Als sich die Verbundpartner im Projekt \u201eALLE im digitalen Wandel\u201c zum ersten Mal trafen, um sich \u00fcber ihre weiteren Schritte auszutauschen, tauchte eine Herausforderung immer wieder auf: der Umgang mit der gro\u00dfen, wachsenden Zahl neuer Tools und Methoden, die der digitale Wandel mit sich bringt.","og_url":"https:\/\/alle-im-digitalen-wandel.de\/home\/tool-tag-17-juni-2019\/","og_site_name":"Alle im digitalen Wandel","article_published_time":"2019-07-03T07:54:54+00:00","article_modified_time":"2022-09-08T06:57:02+00:00","og_image":[{"width":2560,"height":1707,"url":"https:\/\/alle-im-digitalen-wandel.de\/wp-content\/uploads\/2019\/07\/maxim-selyuk-flQuOWF18Y-unsplash-scaled.jpg","type":"image\/jpeg"}],"author":"admin","twitter_card":"summary_large_image","twitter_misc":{"Geschrieben von":"admin","Gesch\u00e4tzte Lesezeit":"2\u00a0Minuten"},"schema":{"@context":"https:\/\/schema.org","@graph":[{"@type":"Article","@id":"https:\/\/alle-im-digitalen-wandel.de\/home\/tool-tag-17-juni-2019\/#article","isPartOf":{"@id":"https:\/\/alle-im-digitalen-wandel.de\/home\/tool-tag-17-juni-2019\/"},"author":{"name":"admin","@id":"https:\/\/alle-im-digitalen-wandel.de\/home\/#\/schema\/person\/aba2c887bf097e6be68caeba38b9c526"},"headline":"&#8222;TOOL-Tag&#8220;, 17. Juni 2019","datePublished":"2019-07-03T07:54:54+00:00","dateModified":"2022-09-08T06:57:02+00:00","mainEntityOfPage":{"@id":"https:\/\/alle-im-digitalen-wandel.de\/home\/tool-tag-17-juni-2019\/"},"wordCount":451,"publisher":{"@id":"https:\/\/alle-im-digitalen-wandel.de\/home\/#organization"},"keywords":["tools"],"articleSection":["Aktuelles","Events"],"inLanguage":"de"},{"@type":"WebPage","@id":"https:\/\/alle-im-digitalen-wandel.de\/home\/tool-tag-17-juni-2019\/","url":"https:\/\/alle-im-digitalen-wandel.de\/home\/tool-tag-17-juni-2019\/","name":"\"TOOL-Tag\", 17. Juni 2019 - Alle im digitalen Wandel","isPartOf":{"@id":"https:\/\/alle-im-digitalen-wandel.de\/home\/#website"},"datePublished":"2019-07-03T07:54:54+00:00","dateModified":"2022-09-08T06:57:02+00:00","breadcrumb":{"@id":"https:\/\/alle-im-digitalen-wandel.de\/home\/tool-tag-17-juni-2019\/#breadcrumb"},"inLanguage":"de","potentialAction":[{"@type":"ReadAction","target":["https:\/\/alle-im-digitalen-wandel.de\/home\/tool-tag-17-juni-2019\/"]}]},{"@type":"BreadcrumbList","@id":"https:\/\/alle-im-digitalen-wandel.de\/home\/tool-tag-17-juni-2019\/#breadcrumb","itemListElement":[{"@type":"ListItem","position":1,"name":"Startseite","item":"https:\/\/alle-im-digitalen-wandel.de\/home\/"},{"@type":"ListItem","position":2,"name":"&#8222;TOOL-Tag&#8220;, 17. Juni 2019"}]},{"@type":"WebSite","@id":"https:\/\/alle-im-digitalen-wandel.de\/home\/#website","url":"https:\/\/alle-im-digitalen-wandel.de\/home\/","name":"Alle im digitalen Wandel","description":"Ein Projekt der Hochschule Darmstadt","publisher":{"@id":"https:\/\/alle-im-digitalen-wandel.de\/home\/#organization"},"potentialAction":[{"@type":"SearchAction","target":{"@type":"EntryPoint","urlTemplate":"https:\/\/alle-im-digitalen-wandel.de\/home\/?s={search_term_string}"},"query-input":"required name=search_term_string"}],"inLanguage":"de"},{"@type":"Organization","@id":"https:\/\/alle-im-digitalen-wandel.de\/home\/#organization","name":"Alle im digitalen Wandel","url":"https:\/\/alle-im-digitalen-wandel.de\/home\/","logo":{"@type":"ImageObject","inLanguage":"de","@id":"https:\/\/alle-im-digitalen-wandel.de\/home\/#\/schema\/logo\/image\/","url":"https:\/\/alle-im-digitalen-wandel.de\/wp-content\/uploads\/2020\/07\/cropped-Frame21.png","contentUrl":"https:\/\/alle-im-digitalen-wandel.de\/wp-content\/uploads\/2020\/07\/cropped-Frame21.png","width":1786,"height":782,"caption":"Alle im digitalen Wandel"},"image":{"@id":"https:\/\/alle-im-digitalen-wandel.de\/home\/#\/schema\/logo\/image\/"}},{"@type":"Person","@id":"https:\/\/alle-im-digitalen-wandel.de\/home\/#\/schema\/person\/aba2c887bf097e6be68caeba38b9c526","name":"admin","image":{"@type":"ImageObject","inLanguage":"de","@id":"https:\/\/alle-im-digitalen-wandel.de\/home\/#\/schema\/person\/image\/","url":"https:\/\/secure.gravatar.com\/avatar\/20e0375322246cb402e46562715ccc80?s=96&d=mm&r=g","contentUrl":"https:\/\/secure.gravatar.com\/avatar\/20e0375322246cb402e46562715ccc80?s=96&d=mm&r=g","caption":"admin"},"url":"https:\/\/alle-im-digitalen-wandel.de\/home\/author\/admin\/"}]}},"_links":{"self":[{"href":"https:\/\/alle-im-digitalen-wandel.de\/home\/wp-json\/wp\/v2\/posts\/847"}],"collection":[{"href":"https:\/\/alle-im-digitalen-wandel.de\/home\/wp-json\/wp\/v2\/posts"}],"about":[{"href":"https:\/\/alle-im-digitalen-wandel.de\/home\/wp-json\/wp\/v2\/types\/post"}],"author":[{"embeddable":true,"href":"https:\/\/alle-im-digitalen-wandel.de\/home\/wp-json\/wp\/v2\/users\/1"}],"replies":[{"embeddable":true,"href":"https:\/\/alle-im-digitalen-wandel.de\/home\/wp-json\/wp\/v2\/comments?post=847"}],"version-history":[{"count":4,"href":"https:\/\/alle-im-digitalen-wandel.de\/home\/wp-json\/wp\/v2\/posts\/847\/revisions"}],"predecessor-version":[{"id":857,"href":"https:\/\/alle-im-digitalen-wandel.de\/home\/wp-json\/wp\/v2\/posts\/847\/revisions\/857"}],"wp:featuredmedia":[{"embeddable":true,"href":"https:\/\/alle-im-digitalen-wandel.de\/home\/wp-json\/wp\/v2\/media\/856"}],"wp:attachment":[{"href":"https:\/\/alle-im-digitalen-wandel.de\/home\/wp-json\/wp\/v2\/media?parent=847"}],"wp:term":[{"taxonomy":"category","embeddable":true,"href":"https:\/\/alle-im-digitalen-wandel.de\/home\/wp-json\/wp\/v2\/categories?post=847"},{"taxonomy":"post_tag","embeddable":true,"href":"https:\/\/alle-im-digitalen-wandel.de\/home\/wp-json\/wp\/v2\/tags?post=847"}],"curies":[{"name":"wp","href":"https:\/\/api.w.org\/{rel}","templated":true}]}}