{"id":807,"date":"2019-12-21T09:02:00","date_gmt":"2019-12-21T08:02:00","guid":{"rendered":"https:\/\/alle-im-digitalen-wandel.de\/home\/?p=807"},"modified":"2022-09-08T08:56:44","modified_gmt":"2022-09-08T06:56:44","slug":"neugier-tag-19-11-2019","status":"publish","type":"post","link":"https:\/\/alle-im-digitalen-wandel.de\/home\/neugier-tag-19-11-2019\/","title":{"rendered":"&#8222;NEUGIER-Tag&#8220;, 19. November 2019"},"content":{"rendered":"<p>Schon in unseren ersten Diskussionen \u00fcber die Kompetenzen, die zur Bew\u00e4ltigung des digitalen Wandels wichtig sind, fiel immer wieder das Stichwort \u201eNeugier\u201c: Ob als Triebfeder f\u00fcr individuelle Lernprozesse, als Voraussetzung f\u00fcr kreative Prozesse und Innovationen oder als Antwort auf die Frage, was bleibt, wenn uns K\u00fcnstliche Intelligenz von Routinet\u00e4tigkeiten befreit. Hinzu kommt, dass sich unser Projektpartner Merck schon lange mit der \u201eNeugier\u201c besch\u00e4ftigt und bereits zwei Neugier-Studien initiiert hat, um mehr \u00fcber den Stellenwert von Neugier in den unterschiedlichen Branchen, Generationen, L\u00e4ndern und Kulturen zu erfahren.<\/p>\n<p>Vor diesem Hintergrund lag es nahe, unseren zweiten Projekttag dem Thema \u201eNeugier\u201c zu widmen und Merck zu bitten, die Rolle des Gastgebers zu \u00fcbernehmen. F\u00fcr die circa 30 Interessierten, die sich am 19. November in Darmstadt einfanden, war das erste Highlight des Tages eine F\u00fchrung durch das Innovation Center: von Lounge und Coffee Shop, \u00fcber Co-Creation Spaces und Multimedia Library bis zu den Project Areas, in denen Startups und Merck-Teams Seite an Seite arbeiten. Wer den \u201eNeugier-Tag\u201c verpasst hat, kann \u00fcbrigens das Innovation Center auch in einem <a href=\"https:\/\/www.merckgroup.com\/de\/research\/innovation-center.html\">virtuellen Rundgang<\/a> kennenlernen.<\/p>\n<p>Anschlie\u00dfend stand das n\u00e4chste Highlight auf der Agenda: Carl Naughton, einer der renommiertesten \u201eNeugier\u201c-Experten, der auch an der Umsetzung der Neugier-Studien bei Merck beteiligt war, teilte mit den TeilnehmerInnen wichtige und interessante Hintergr\u00fcnde, Studienergebnisse und Methoden rund um das Thema. Diese Impulse wurden am Nachmittag im Rahmen eines World Caf\u00e9s weiter diskutiert. Unsere Arbeitshypothese bildete eine \u201eVision 2030\u201c: \u201eIhr Unternehmen geh\u00f6rt zu den erfolgreichsten und innovativsten Ihrer Branche. Wie hat die Entwicklung der beruflichen Neugier in Ihrem Unternehmen dazu beigetragen?\u201c<\/p>\n<p><\/p>\n<figure id=\"attachment_808\" aria-describedby=\"caption-attachment-808\" style=\"width: 1024px\" class=\"wp-caption aligncenter\"><img decoding=\"async\" loading=\"lazy\" class=\"wp-image-808 size-large\" src=\"https:\/\/alle-im-digitalen-wandel.de\/wp-content\/uploads\/2020\/02\/0Q7C97851-1024x683.jpg\" alt=\"\" width=\"1024\" height=\"683\" srcset=\"https:\/\/alle-im-digitalen-wandel.de\/wp-content\/uploads\/2020\/02\/0Q7C97851-1024x683.jpg 1024w, https:\/\/alle-im-digitalen-wandel.de\/wp-content\/uploads\/2020\/02\/0Q7C97851-300x200.jpg 300w, https:\/\/alle-im-digitalen-wandel.de\/wp-content\/uploads\/2020\/02\/0Q7C97851-768x512.jpg 768w, https:\/\/alle-im-digitalen-wandel.de\/wp-content\/uploads\/2020\/02\/0Q7C97851-1536x1024.jpg 1536w, https:\/\/alle-im-digitalen-wandel.de\/wp-content\/uploads\/2020\/02\/0Q7C97851-2048x1365.jpg 2048w, https:\/\/alle-im-digitalen-wandel.de\/wp-content\/uploads\/2020\/02\/0Q7C97851-272x182.jpg 272w\" sizes=\"(max-width: 1024px) 100vw, 1024px\" \/><figcaption id=\"caption-attachment-808\" class=\"wp-caption-text\">Carl Naughton auf dem Projekttreffen \u201eALLE entdecken: NEUGIER\u201c (Foto: h_da\/Britta H\u00fcning)<\/figcaption><\/figure>\n<p>An den Thementischen wurde \u201eNeugier\u201c anschlie\u00dfend aus unterschiedlichen Perspektiven \u2013 Kultur, Lebenslanges Lernen, F\u00fchrung und Ausbildung \u2013 betrachtet. Der Austausch war lebhaft und offen: Braucht es vielleicht einen Chief Curiosity Officer, um f\u00fcr Neugier in den Unternehmen zu werben? Sollte forschendes Lernen zu einem zentralen Leitmotiv in der Weiterbildung werden? Wie spielen eigentlich agile Methoden und Neugier zusammen? Wie kann Neugier bereits in der Ausbildung oder bei der Einstellung der Auszubildenden seinen Stellenwert erhalten? Welche Aktivit\u00e4ten \u2013 von Lese-Ecken, Fuck Up-Events bis zu rotierenden Arbeitspl\u00e4tzen oder wechselnden Arbeitswegen \u2013 k\u00f6nnen die Entwicklung einer Kultur der Neugier st\u00e4rken?<\/p>\n<p>Wie geht es weiter mit der \u201eNeugier\u201c? In den n\u00e4chsten Projektabstimmungen, so der Tenor, werden wir gemeinsam pr\u00fcfen, welche Stichworte und Projektideen aus dem \u201eNeugier\u201c-Tag in laufende oder zuk\u00fcnftige Experimentierr\u00e4ume von \u201eALLE im digitalen Wandel\u201c aufgenommen werden k\u00f6nnen. Ein Anlass zur weiteren Diskussion k\u00f6nnte das n\u00e4chste Treffen sein, das im Mai unter dem Stichwort \u201eVer\u00e4nderungskommunikation\u201c geplant ist.<\/p>\n<div id='gallery-1' class='gallery galleryid-807 gallery-columns-2 gallery-size-medium'><figure class='gallery-item'>\n\t\t\t<div class='gallery-icon landscape'>\n\t\t\t\t<a href='https:\/\/alle-im-digitalen-wandel.de\/home\/neugier-tag-19-11-2019\/0q7c9795\/'><img width=\"300\" height=\"200\" src=\"https:\/\/alle-im-digitalen-wandel.de\/wp-content\/uploads\/2020\/02\/0Q7C9795-300x200.jpg\" class=\"attachment-medium size-medium\" alt=\"\" decoding=\"async\" loading=\"lazy\" srcset=\"https:\/\/alle-im-digitalen-wandel.de\/wp-content\/uploads\/2020\/02\/0Q7C9795-300x200.jpg 300w, https:\/\/alle-im-digitalen-wandel.de\/wp-content\/uploads\/2020\/02\/0Q7C9795-1024x683.jpg 1024w, https:\/\/alle-im-digitalen-wandel.de\/wp-content\/uploads\/2020\/02\/0Q7C9795-768x512.jpg 768w, https:\/\/alle-im-digitalen-wandel.de\/wp-content\/uploads\/2020\/02\/0Q7C9795-1536x1024.jpg 1536w, https:\/\/alle-im-digitalen-wandel.de\/wp-content\/uploads\/2020\/02\/0Q7C9795-2048x1365.jpg 2048w, https:\/\/alle-im-digitalen-wandel.de\/wp-content\/uploads\/2020\/02\/0Q7C9795-272x182.jpg 272w\" sizes=\"(max-width: 300px) 100vw, 300px\" \/><\/a>\n\t\t\t<\/div><\/figure><figure class='gallery-item'>\n\t\t\t<div class='gallery-icon landscape'>\n\t\t\t\t<a href='https:\/\/alle-im-digitalen-wandel.de\/home\/neugier-tag-19-11-2019\/0q7c9775\/'><img width=\"300\" height=\"200\" src=\"https:\/\/alle-im-digitalen-wandel.de\/wp-content\/uploads\/2020\/02\/0Q7C9775-300x200.jpg\" class=\"attachment-medium size-medium\" alt=\"\" decoding=\"async\" loading=\"lazy\" srcset=\"https:\/\/alle-im-digitalen-wandel.de\/wp-content\/uploads\/2020\/02\/0Q7C9775-300x200.jpg 300w, https:\/\/alle-im-digitalen-wandel.de\/wp-content\/uploads\/2020\/02\/0Q7C9775-1024x683.jpg 1024w, https:\/\/alle-im-digitalen-wandel.de\/wp-content\/uploads\/2020\/02\/0Q7C9775-768x512.jpg 768w, https:\/\/alle-im-digitalen-wandel.de\/wp-content\/uploads\/2020\/02\/0Q7C9775-1536x1024.jpg 1536w, https:\/\/alle-im-digitalen-wandel.de\/wp-content\/uploads\/2020\/02\/0Q7C9775-2048x1365.jpg 2048w, https:\/\/alle-im-digitalen-wandel.de\/wp-content\/uploads\/2020\/02\/0Q7C9775-272x182.jpg 272w\" sizes=\"(max-width: 300px) 100vw, 300px\" \/><\/a>\n\t\t\t<\/div><\/figure><figure class='gallery-item'>\n\t\t\t<div class='gallery-icon landscape'>\n\t\t\t\t<a href='https:\/\/alle-im-digitalen-wandel.de\/home\/neugier-tag-19-11-2019\/0q7c9768\/'><img width=\"300\" height=\"200\" src=\"https:\/\/alle-im-digitalen-wandel.de\/wp-content\/uploads\/2020\/02\/0Q7C9768-300x200.jpg\" class=\"attachment-medium size-medium\" alt=\"\" decoding=\"async\" loading=\"lazy\" srcset=\"https:\/\/alle-im-digitalen-wandel.de\/wp-content\/uploads\/2020\/02\/0Q7C9768-300x200.jpg 300w, https:\/\/alle-im-digitalen-wandel.de\/wp-content\/uploads\/2020\/02\/0Q7C9768-1024x683.jpg 1024w, https:\/\/alle-im-digitalen-wandel.de\/wp-content\/uploads\/2020\/02\/0Q7C9768-768x512.jpg 768w, https:\/\/alle-im-digitalen-wandel.de\/wp-content\/uploads\/2020\/02\/0Q7C9768-1536x1024.jpg 1536w, https:\/\/alle-im-digitalen-wandel.de\/wp-content\/uploads\/2020\/02\/0Q7C9768-2048x1365.jpg 2048w, https:\/\/alle-im-digitalen-wandel.de\/wp-content\/uploads\/2020\/02\/0Q7C9768-272x182.jpg 272w\" sizes=\"(max-width: 300px) 100vw, 300px\" \/><\/a>\n\t\t\t<\/div><\/figure><figure class='gallery-item'>\n\t\t\t<div class='gallery-icon landscape'>\n\t\t\t\t<a href='https:\/\/alle-im-digitalen-wandel.de\/home\/neugier-tag-19-11-2019\/0q7c9762\/'><img width=\"300\" height=\"200\" src=\"https:\/\/alle-im-digitalen-wandel.de\/wp-content\/uploads\/2020\/02\/0Q7C9762-300x200.jpg\" class=\"attachment-medium size-medium\" alt=\"\" decoding=\"async\" loading=\"lazy\" srcset=\"https:\/\/alle-im-digitalen-wandel.de\/wp-content\/uploads\/2020\/02\/0Q7C9762-300x200.jpg 300w, https:\/\/alle-im-digitalen-wandel.de\/wp-content\/uploads\/2020\/02\/0Q7C9762-1024x683.jpg 1024w, https:\/\/alle-im-digitalen-wandel.de\/wp-content\/uploads\/2020\/02\/0Q7C9762-768x512.jpg 768w, https:\/\/alle-im-digitalen-wandel.de\/wp-content\/uploads\/2020\/02\/0Q7C9762-1536x1024.jpg 1536w, https:\/\/alle-im-digitalen-wandel.de\/wp-content\/uploads\/2020\/02\/0Q7C9762-2048x1365.jpg 2048w, https:\/\/alle-im-digitalen-wandel.de\/wp-content\/uploads\/2020\/02\/0Q7C9762-272x182.jpg 272w\" sizes=\"(max-width: 300px) 100vw, 300px\" \/><\/a>\n\t\t\t<\/div><\/figure><figure class='gallery-item'>\n\t\t\t<div class='gallery-icon landscape'>\n\t\t\t\t<a href='https:\/\/alle-im-digitalen-wandel.de\/home\/neugier-tag-19-11-2019\/0q7c9752\/'><img width=\"300\" height=\"200\" src=\"https:\/\/alle-im-digitalen-wandel.de\/wp-content\/uploads\/2020\/02\/0Q7C9752-300x200.jpg\" class=\"attachment-medium size-medium\" alt=\"\" decoding=\"async\" loading=\"lazy\" srcset=\"https:\/\/alle-im-digitalen-wandel.de\/wp-content\/uploads\/2020\/02\/0Q7C9752-300x200.jpg 300w, https:\/\/alle-im-digitalen-wandel.de\/wp-content\/uploads\/2020\/02\/0Q7C9752-1024x683.jpg 1024w, https:\/\/alle-im-digitalen-wandel.de\/wp-content\/uploads\/2020\/02\/0Q7C9752-768x512.jpg 768w, https:\/\/alle-im-digitalen-wandel.de\/wp-content\/uploads\/2020\/02\/0Q7C9752-1536x1024.jpg 1536w, https:\/\/alle-im-digitalen-wandel.de\/wp-content\/uploads\/2020\/02\/0Q7C9752-2048x1365.jpg 2048w, https:\/\/alle-im-digitalen-wandel.de\/wp-content\/uploads\/2020\/02\/0Q7C9752-272x182.jpg 272w\" sizes=\"(max-width: 300px) 100vw, 300px\" \/><\/a>\n\t\t\t<\/div><\/figure><figure class='gallery-item'>\n\t\t\t<div class='gallery-icon landscape'>\n\t\t\t\t<a href='https:\/\/alle-im-digitalen-wandel.de\/home\/neugier-tag-19-11-2019\/0q7c9746\/'><img width=\"300\" height=\"200\" src=\"https:\/\/alle-im-digitalen-wandel.de\/wp-content\/uploads\/2020\/02\/0Q7C9746-300x200.jpg\" class=\"attachment-medium size-medium\" alt=\"\" decoding=\"async\" loading=\"lazy\" srcset=\"https:\/\/alle-im-digitalen-wandel.de\/wp-content\/uploads\/2020\/02\/0Q7C9746-300x200.jpg 300w, https:\/\/alle-im-digitalen-wandel.de\/wp-content\/uploads\/2020\/02\/0Q7C9746-1024x683.jpg 1024w, https:\/\/alle-im-digitalen-wandel.de\/wp-content\/uploads\/2020\/02\/0Q7C9746-768x512.jpg 768w, https:\/\/alle-im-digitalen-wandel.de\/wp-content\/uploads\/2020\/02\/0Q7C9746-1536x1024.jpg 1536w, https:\/\/alle-im-digitalen-wandel.de\/wp-content\/uploads\/2020\/02\/0Q7C9746-2048x1365.jpg 2048w, https:\/\/alle-im-digitalen-wandel.de\/wp-content\/uploads\/2020\/02\/0Q7C9746-272x182.jpg 272w\" sizes=\"(max-width: 300px) 100vw, 300px\" \/><\/a>\n\t\t\t<\/div><\/figure><figure class='gallery-item'>\n\t\t\t<div class='gallery-icon landscape'>\n\t\t\t\t<a href='https:\/\/alle-im-digitalen-wandel.de\/home\/neugier-tag-19-11-2019\/0q7c97451\/'><img width=\"300\" height=\"200\" src=\"https:\/\/alle-im-digitalen-wandel.de\/wp-content\/uploads\/2020\/02\/0Q7C97451-300x200.jpg\" class=\"attachment-medium size-medium\" alt=\"\" decoding=\"async\" loading=\"lazy\" srcset=\"https:\/\/alle-im-digitalen-wandel.de\/wp-content\/uploads\/2020\/02\/0Q7C97451-300x200.jpg 300w, https:\/\/alle-im-digitalen-wandel.de\/wp-content\/uploads\/2020\/02\/0Q7C97451-1024x683.jpg 1024w, https:\/\/alle-im-digitalen-wandel.de\/wp-content\/uploads\/2020\/02\/0Q7C97451-768x512.jpg 768w, https:\/\/alle-im-digitalen-wandel.de\/wp-content\/uploads\/2020\/02\/0Q7C97451-1536x1024.jpg 1536w, https:\/\/alle-im-digitalen-wandel.de\/wp-content\/uploads\/2020\/02\/0Q7C97451-2048x1365.jpg 2048w, https:\/\/alle-im-digitalen-wandel.de\/wp-content\/uploads\/2020\/02\/0Q7C97451-272x182.jpg 272w\" sizes=\"(max-width: 300px) 100vw, 300px\" \/><\/a>\n\t\t\t<\/div><\/figure><figure class='gallery-item'>\n\t\t\t<div class='gallery-icon landscape'>\n\t\t\t\t<a href='https:\/\/alle-im-digitalen-wandel.de\/home\/neugier-tag-19-11-2019\/0q7c9740\/'><img width=\"300\" height=\"200\" src=\"https:\/\/alle-im-digitalen-wandel.de\/wp-content\/uploads\/2020\/02\/0Q7C9740-300x200.jpg\" class=\"attachment-medium size-medium\" alt=\"\" decoding=\"async\" loading=\"lazy\" srcset=\"https:\/\/alle-im-digitalen-wandel.de\/wp-content\/uploads\/2020\/02\/0Q7C9740-300x200.jpg 300w, https:\/\/alle-im-digitalen-wandel.de\/wp-content\/uploads\/2020\/02\/0Q7C9740-1024x683.jpg 1024w, https:\/\/alle-im-digitalen-wandel.de\/wp-content\/uploads\/2020\/02\/0Q7C9740-768x512.jpg 768w, https:\/\/alle-im-digitalen-wandel.de\/wp-content\/uploads\/2020\/02\/0Q7C9740-1536x1024.jpg 1536w, https:\/\/alle-im-digitalen-wandel.de\/wp-content\/uploads\/2020\/02\/0Q7C9740-2048x1365.jpg 2048w, https:\/\/alle-im-digitalen-wandel.de\/wp-content\/uploads\/2020\/02\/0Q7C9740-272x182.jpg 272w\" sizes=\"(max-width: 300px) 100vw, 300px\" \/><\/a>\n\t\t\t<\/div><\/figure><figure class='gallery-item'>\n\t\t\t<div class='gallery-icon landscape'>\n\t\t\t\t<a href='https:\/\/alle-im-digitalen-wandel.de\/home\/neugier-tag-19-11-2019\/0q7c96821\/'><img width=\"300\" height=\"200\" src=\"https:\/\/alle-im-digitalen-wandel.de\/wp-content\/uploads\/2020\/02\/0Q7C96821-300x200.jpg\" class=\"attachment-medium size-medium\" alt=\"\" decoding=\"async\" loading=\"lazy\" srcset=\"https:\/\/alle-im-digitalen-wandel.de\/wp-content\/uploads\/2020\/02\/0Q7C96821-300x200.jpg 300w, https:\/\/alle-im-digitalen-wandel.de\/wp-content\/uploads\/2020\/02\/0Q7C96821-1024x683.jpg 1024w, https:\/\/alle-im-digitalen-wandel.de\/wp-content\/uploads\/2020\/02\/0Q7C96821-768x512.jpg 768w, https:\/\/alle-im-digitalen-wandel.de\/wp-content\/uploads\/2020\/02\/0Q7C96821-1536x1024.jpg 1536w, https:\/\/alle-im-digitalen-wandel.de\/wp-content\/uploads\/2020\/02\/0Q7C96821-2048x1365.jpg 2048w, https:\/\/alle-im-digitalen-wandel.de\/wp-content\/uploads\/2020\/02\/0Q7C96821-272x182.jpg 272w\" sizes=\"(max-width: 300px) 100vw, 300px\" \/><\/a>\n\t\t\t<\/div><\/figure><figure class='gallery-item'>\n\t\t\t<div class='gallery-icon landscape'>\n\t\t\t\t<a href='https:\/\/alle-im-digitalen-wandel.de\/home\/neugier-tag-19-11-2019\/0q7c96771\/'><img width=\"300\" height=\"200\" src=\"https:\/\/alle-im-digitalen-wandel.de\/wp-content\/uploads\/2020\/02\/0Q7C96771-300x200.jpg\" class=\"attachment-medium size-medium\" alt=\"\" decoding=\"async\" loading=\"lazy\" srcset=\"https:\/\/alle-im-digitalen-wandel.de\/wp-content\/uploads\/2020\/02\/0Q7C96771-300x200.jpg 300w, https:\/\/alle-im-digitalen-wandel.de\/wp-content\/uploads\/2020\/02\/0Q7C96771-1024x683.jpg 1024w, https:\/\/alle-im-digitalen-wandel.de\/wp-content\/uploads\/2020\/02\/0Q7C96771-768x512.jpg 768w, https:\/\/alle-im-digitalen-wandel.de\/wp-content\/uploads\/2020\/02\/0Q7C96771-1536x1024.jpg 1536w, https:\/\/alle-im-digitalen-wandel.de\/wp-content\/uploads\/2020\/02\/0Q7C96771-2048x1365.jpg 2048w, https:\/\/alle-im-digitalen-wandel.de\/wp-content\/uploads\/2020\/02\/0Q7C96771-272x182.jpg 272w\" sizes=\"(max-width: 300px) 100vw, 300px\" \/><\/a>\n\t\t\t<\/div><\/figure><figure class='gallery-item'>\n\t\t\t<div class='gallery-icon landscape'>\n\t\t\t\t<a href='https:\/\/alle-im-digitalen-wandel.de\/home\/neugier-tag-19-11-2019\/0q7c9676\/'><img width=\"300\" height=\"200\" src=\"https:\/\/alle-im-digitalen-wandel.de\/wp-content\/uploads\/2020\/02\/0Q7C9676-300x200.jpg\" class=\"attachment-medium size-medium\" alt=\"\" decoding=\"async\" loading=\"lazy\" srcset=\"https:\/\/alle-im-digitalen-wandel.de\/wp-content\/uploads\/2020\/02\/0Q7C9676-300x200.jpg 300w, https:\/\/alle-im-digitalen-wandel.de\/wp-content\/uploads\/2020\/02\/0Q7C9676-1024x683.jpg 1024w, https:\/\/alle-im-digitalen-wandel.de\/wp-content\/uploads\/2020\/02\/0Q7C9676-768x512.jpg 768w, https:\/\/alle-im-digitalen-wandel.de\/wp-content\/uploads\/2020\/02\/0Q7C9676-1536x1024.jpg 1536w, https:\/\/alle-im-digitalen-wandel.de\/wp-content\/uploads\/2020\/02\/0Q7C9676-2048x1365.jpg 2048w, https:\/\/alle-im-digitalen-wandel.de\/wp-content\/uploads\/2020\/02\/0Q7C9676-272x182.jpg 272w\" sizes=\"(max-width: 300px) 100vw, 300px\" \/><\/a>\n\t\t\t<\/div><\/figure><figure class='gallery-item'>\n\t\t\t<div class='gallery-icon landscape'>\n\t\t\t\t<a href='https:\/\/alle-im-digitalen-wandel.de\/home\/neugier-tag-19-11-2019\/0q7c9670\/'><img width=\"300\" height=\"200\" src=\"https:\/\/alle-im-digitalen-wandel.de\/wp-content\/uploads\/2020\/02\/0Q7C9670-300x200.jpg\" class=\"attachment-medium size-medium\" alt=\"\" decoding=\"async\" loading=\"lazy\" srcset=\"https:\/\/alle-im-digitalen-wandel.de\/wp-content\/uploads\/2020\/02\/0Q7C9670-300x200.jpg 300w, https:\/\/alle-im-digitalen-wandel.de\/wp-content\/uploads\/2020\/02\/0Q7C9670-1024x683.jpg 1024w, https:\/\/alle-im-digitalen-wandel.de\/wp-content\/uploads\/2020\/02\/0Q7C9670-768x512.jpg 768w, https:\/\/alle-im-digitalen-wandel.de\/wp-content\/uploads\/2020\/02\/0Q7C9670-1536x1024.jpg 1536w, https:\/\/alle-im-digitalen-wandel.de\/wp-content\/uploads\/2020\/02\/0Q7C9670-2048x1366.jpg 2048w, https:\/\/alle-im-digitalen-wandel.de\/wp-content\/uploads\/2020\/02\/0Q7C9670-272x182.jpg 272w\" sizes=\"(max-width: 300px) 100vw, 300px\" \/><\/a>\n\t\t\t<\/div><\/figure><figure class='gallery-item'>\n\t\t\t<div class='gallery-icon landscape'>\n\t\t\t\t<a href='https:\/\/alle-im-digitalen-wandel.de\/home\/neugier-tag-19-11-2019\/0q7c9669\/'><img width=\"300\" height=\"200\" src=\"https:\/\/alle-im-digitalen-wandel.de\/wp-content\/uploads\/2020\/02\/0Q7C9669-300x200.jpg\" class=\"attachment-medium size-medium\" alt=\"\" decoding=\"async\" loading=\"lazy\" srcset=\"https:\/\/alle-im-digitalen-wandel.de\/wp-content\/uploads\/2020\/02\/0Q7C9669-300x200.jpg 300w, https:\/\/alle-im-digitalen-wandel.de\/wp-content\/uploads\/2020\/02\/0Q7C9669-1024x683.jpg 1024w, https:\/\/alle-im-digitalen-wandel.de\/wp-content\/uploads\/2020\/02\/0Q7C9669-768x512.jpg 768w, https:\/\/alle-im-digitalen-wandel.de\/wp-content\/uploads\/2020\/02\/0Q7C9669-1536x1024.jpg 1536w, https:\/\/alle-im-digitalen-wandel.de\/wp-content\/uploads\/2020\/02\/0Q7C9669-2048x1365.jpg 2048w, https:\/\/alle-im-digitalen-wandel.de\/wp-content\/uploads\/2020\/02\/0Q7C9669-272x182.jpg 272w\" sizes=\"(max-width: 300px) 100vw, 300px\" \/><\/a>\n\t\t\t<\/div><\/figure><figure class='gallery-item'>\n\t\t\t<div class='gallery-icon landscape'>\n\t\t\t\t<a href='https:\/\/alle-im-digitalen-wandel.de\/home\/neugier-tag-19-11-2019\/0q7c9665\/'><img width=\"300\" height=\"200\" src=\"https:\/\/alle-im-digitalen-wandel.de\/wp-content\/uploads\/2020\/02\/0Q7C9665-300x200.jpg\" class=\"attachment-medium size-medium\" alt=\"\" decoding=\"async\" loading=\"lazy\" srcset=\"https:\/\/alle-im-digitalen-wandel.de\/wp-content\/uploads\/2020\/02\/0Q7C9665-300x200.jpg 300w, https:\/\/alle-im-digitalen-wandel.de\/wp-content\/uploads\/2020\/02\/0Q7C9665-1024x683.jpg 1024w, https:\/\/alle-im-digitalen-wandel.de\/wp-content\/uploads\/2020\/02\/0Q7C9665-768x512.jpg 768w, https:\/\/alle-im-digitalen-wandel.de\/wp-content\/uploads\/2020\/02\/0Q7C9665-1536x1024.jpg 1536w, https:\/\/alle-im-digitalen-wandel.de\/wp-content\/uploads\/2020\/02\/0Q7C9665-2048x1365.jpg 2048w, https:\/\/alle-im-digitalen-wandel.de\/wp-content\/uploads\/2020\/02\/0Q7C9665-272x182.jpg 272w\" sizes=\"(max-width: 300px) 100vw, 300px\" \/><\/a>\n\t\t\t<\/div><\/figure><figure class='gallery-item'>\n\t\t\t<div class='gallery-icon landscape'>\n\t\t\t\t<a href='https:\/\/alle-im-digitalen-wandel.de\/home\/neugier-tag-19-11-2019\/0q7c96631\/'><img width=\"300\" height=\"200\" src=\"https:\/\/alle-im-digitalen-wandel.de\/wp-content\/uploads\/2020\/02\/0Q7C96631-300x200.jpg\" class=\"attachment-medium size-medium\" alt=\"\" decoding=\"async\" loading=\"lazy\" srcset=\"https:\/\/alle-im-digitalen-wandel.de\/wp-content\/uploads\/2020\/02\/0Q7C96631-300x200.jpg 300w, https:\/\/alle-im-digitalen-wandel.de\/wp-content\/uploads\/2020\/02\/0Q7C96631-1024x683.jpg 1024w, https:\/\/alle-im-digitalen-wandel.de\/wp-content\/uploads\/2020\/02\/0Q7C96631-768x512.jpg 768w, https:\/\/alle-im-digitalen-wandel.de\/wp-content\/uploads\/2020\/02\/0Q7C96631-1536x1024.jpg 1536w, https:\/\/alle-im-digitalen-wandel.de\/wp-content\/uploads\/2020\/02\/0Q7C96631-2048x1365.jpg 2048w, https:\/\/alle-im-digitalen-wandel.de\/wp-content\/uploads\/2020\/02\/0Q7C96631-272x182.jpg 272w\" sizes=\"(max-width: 300px) 100vw, 300px\" \/><\/a>\n\t\t\t<\/div><\/figure><figure class='gallery-item'>\n\t\t\t<div class='gallery-icon landscape'>\n\t\t\t\t<a href='https:\/\/alle-im-digitalen-wandel.de\/home\/neugier-tag-19-11-2019\/0q7c9657\/'><img width=\"300\" height=\"200\" src=\"https:\/\/alle-im-digitalen-wandel.de\/wp-content\/uploads\/2020\/02\/0Q7C9657-300x200.jpg\" class=\"attachment-medium size-medium\" alt=\"\" decoding=\"async\" loading=\"lazy\" srcset=\"https:\/\/alle-im-digitalen-wandel.de\/wp-content\/uploads\/2020\/02\/0Q7C9657-300x200.jpg 300w, https:\/\/alle-im-digitalen-wandel.de\/wp-content\/uploads\/2020\/02\/0Q7C9657-1024x683.jpg 1024w, https:\/\/alle-im-digitalen-wandel.de\/wp-content\/uploads\/2020\/02\/0Q7C9657-768x512.jpg 768w, https:\/\/alle-im-digitalen-wandel.de\/wp-content\/uploads\/2020\/02\/0Q7C9657-1536x1024.jpg 1536w, https:\/\/alle-im-digitalen-wandel.de\/wp-content\/uploads\/2020\/02\/0Q7C9657-2048x1365.jpg 2048w, https:\/\/alle-im-digitalen-wandel.de\/wp-content\/uploads\/2020\/02\/0Q7C9657-272x182.jpg 272w\" sizes=\"(max-width: 300px) 100vw, 300px\" \/><\/a>\n\t\t\t<\/div><\/figure><figure class='gallery-item'>\n\t\t\t<div class='gallery-icon landscape'>\n\t\t\t\t<a href='https:\/\/alle-im-digitalen-wandel.de\/home\/neugier-tag-19-11-2019\/0q7c9656\/'><img width=\"300\" height=\"200\" src=\"https:\/\/alle-im-digitalen-wandel.de\/wp-content\/uploads\/2020\/02\/0Q7C9656-300x200.jpg\" class=\"attachment-medium size-medium\" alt=\"\" decoding=\"async\" loading=\"lazy\" srcset=\"https:\/\/alle-im-digitalen-wandel.de\/wp-content\/uploads\/2020\/02\/0Q7C9656-300x200.jpg 300w, https:\/\/alle-im-digitalen-wandel.de\/wp-content\/uploads\/2020\/02\/0Q7C9656-1024x683.jpg 1024w, https:\/\/alle-im-digitalen-wandel.de\/wp-content\/uploads\/2020\/02\/0Q7C9656-768x512.jpg 768w, https:\/\/alle-im-digitalen-wandel.de\/wp-content\/uploads\/2020\/02\/0Q7C9656-1536x1024.jpg 1536w, https:\/\/alle-im-digitalen-wandel.de\/wp-content\/uploads\/2020\/02\/0Q7C9656-2048x1365.jpg 2048w, https:\/\/alle-im-digitalen-wandel.de\/wp-content\/uploads\/2020\/02\/0Q7C9656-272x182.jpg 272w\" sizes=\"(max-width: 300px) 100vw, 300px\" \/><\/a>\n\t\t\t<\/div><\/figure><figure class='gallery-item'>\n\t\t\t<div class='gallery-icon landscape'>\n\t\t\t\t<a href='https:\/\/alle-im-digitalen-wandel.de\/home\/neugier-tag-19-11-2019\/0q7c9639\/'><img width=\"300\" height=\"200\" src=\"https:\/\/alle-im-digitalen-wandel.de\/wp-content\/uploads\/2020\/02\/0Q7C9639-300x200.jpg\" class=\"attachment-medium size-medium\" alt=\"\" decoding=\"async\" loading=\"lazy\" srcset=\"https:\/\/alle-im-digitalen-wandel.de\/wp-content\/uploads\/2020\/02\/0Q7C9639-300x200.jpg 300w, https:\/\/alle-im-digitalen-wandel.de\/wp-content\/uploads\/2020\/02\/0Q7C9639-1024x683.jpg 1024w, https:\/\/alle-im-digitalen-wandel.de\/wp-content\/uploads\/2020\/02\/0Q7C9639-768x512.jpg 768w, https:\/\/alle-im-digitalen-wandel.de\/wp-content\/uploads\/2020\/02\/0Q7C9639-1536x1024.jpg 1536w, https:\/\/alle-im-digitalen-wandel.de\/wp-content\/uploads\/2020\/02\/0Q7C9639-2048x1365.jpg 2048w, https:\/\/alle-im-digitalen-wandel.de\/wp-content\/uploads\/2020\/02\/0Q7C9639-272x182.jpg 272w\" sizes=\"(max-width: 300px) 100vw, 300px\" \/><\/a>\n\t\t\t<\/div><\/figure><figure class='gallery-item'>\n\t\t\t<div class='gallery-icon landscape'>\n\t\t\t\t<a href='https:\/\/alle-im-digitalen-wandel.de\/home\/neugier-tag-19-11-2019\/0q7c96341\/'><img width=\"300\" height=\"200\" src=\"https:\/\/alle-im-digitalen-wandel.de\/wp-content\/uploads\/2020\/02\/0Q7C96341-300x200.jpg\" class=\"attachment-medium size-medium\" alt=\"\" decoding=\"async\" loading=\"lazy\" srcset=\"https:\/\/alle-im-digitalen-wandel.de\/wp-content\/uploads\/2020\/02\/0Q7C96341-300x200.jpg 300w, https:\/\/alle-im-digitalen-wandel.de\/wp-content\/uploads\/2020\/02\/0Q7C96341-1024x683.jpg 1024w, https:\/\/alle-im-digitalen-wandel.de\/wp-content\/uploads\/2020\/02\/0Q7C96341-768x512.jpg 768w, https:\/\/alle-im-digitalen-wandel.de\/wp-content\/uploads\/2020\/02\/0Q7C96341-1536x1024.jpg 1536w, https:\/\/alle-im-digitalen-wandel.de\/wp-content\/uploads\/2020\/02\/0Q7C96341-2048x1365.jpg 2048w, https:\/\/alle-im-digitalen-wandel.de\/wp-content\/uploads\/2020\/02\/0Q7C96341-272x182.jpg 272w\" sizes=\"(max-width: 300px) 100vw, 300px\" \/><\/a>\n\t\t\t<\/div><\/figure><figure class='gallery-item'>\n\t\t\t<div class='gallery-icon landscape'>\n\t\t\t\t<a href='https:\/\/alle-im-digitalen-wandel.de\/home\/neugier-tag-19-11-2019\/0q7c9633\/'><img width=\"300\" height=\"200\" src=\"https:\/\/alle-im-digitalen-wandel.de\/wp-content\/uploads\/2020\/02\/0Q7C9633-300x200.jpg\" class=\"attachment-medium size-medium\" alt=\"\" decoding=\"async\" loading=\"lazy\" srcset=\"https:\/\/alle-im-digitalen-wandel.de\/wp-content\/uploads\/2020\/02\/0Q7C9633-300x200.jpg 300w, https:\/\/alle-im-digitalen-wandel.de\/wp-content\/uploads\/2020\/02\/0Q7C9633-1024x683.jpg 1024w, https:\/\/alle-im-digitalen-wandel.de\/wp-content\/uploads\/2020\/02\/0Q7C9633-768x512.jpg 768w, https:\/\/alle-im-digitalen-wandel.de\/wp-content\/uploads\/2020\/02\/0Q7C9633-1536x1024.jpg 1536w, https:\/\/alle-im-digitalen-wandel.de\/wp-content\/uploads\/2020\/02\/0Q7C9633-2048x1365.jpg 2048w, https:\/\/alle-im-digitalen-wandel.de\/wp-content\/uploads\/2020\/02\/0Q7C9633-272x182.jpg 272w\" sizes=\"(max-width: 300px) 100vw, 300px\" \/><\/a>\n\t\t\t<\/div><\/figure><figure class='gallery-item'>\n\t\t\t<div class='gallery-icon landscape'>\n\t\t\t\t<a href='https:\/\/alle-im-digitalen-wandel.de\/home\/neugier-tag-19-11-2019\/0q7c96281\/'><img width=\"300\" height=\"200\" src=\"https:\/\/alle-im-digitalen-wandel.de\/wp-content\/uploads\/2020\/02\/0Q7C96281-300x200.jpg\" class=\"attachment-medium size-medium\" alt=\"\" decoding=\"async\" loading=\"lazy\" srcset=\"https:\/\/alle-im-digitalen-wandel.de\/wp-content\/uploads\/2020\/02\/0Q7C96281-300x200.jpg 300w, https:\/\/alle-im-digitalen-wandel.de\/wp-content\/uploads\/2020\/02\/0Q7C96281-1024x683.jpg 1024w, https:\/\/alle-im-digitalen-wandel.de\/wp-content\/uploads\/2020\/02\/0Q7C96281-768x512.jpg 768w, https:\/\/alle-im-digitalen-wandel.de\/wp-content\/uploads\/2020\/02\/0Q7C96281-1536x1024.jpg 1536w, https:\/\/alle-im-digitalen-wandel.de\/wp-content\/uploads\/2020\/02\/0Q7C96281-2048x1365.jpg 2048w, https:\/\/alle-im-digitalen-wandel.de\/wp-content\/uploads\/2020\/02\/0Q7C96281-272x182.jpg 272w\" sizes=\"(max-width: 300px) 100vw, 300px\" \/><\/a>\n\t\t\t<\/div><\/figure><figure class='gallery-item'>\n\t\t\t<div class='gallery-icon landscape'>\n\t\t\t\t<a href='https:\/\/alle-im-digitalen-wandel.de\/home\/neugier-tag-19-11-2019\/0q7c9622\/'><img width=\"300\" height=\"200\" src=\"https:\/\/alle-im-digitalen-wandel.de\/wp-content\/uploads\/2020\/02\/0Q7C9622-300x200.jpg\" class=\"attachment-medium size-medium\" alt=\"\" decoding=\"async\" loading=\"lazy\" srcset=\"https:\/\/alle-im-digitalen-wandel.de\/wp-content\/uploads\/2020\/02\/0Q7C9622-300x200.jpg 300w, https:\/\/alle-im-digitalen-wandel.de\/wp-content\/uploads\/2020\/02\/0Q7C9622-1024x683.jpg 1024w, https:\/\/alle-im-digitalen-wandel.de\/wp-content\/uploads\/2020\/02\/0Q7C9622-768x512.jpg 768w, https:\/\/alle-im-digitalen-wandel.de\/wp-content\/uploads\/2020\/02\/0Q7C9622-1536x1024.jpg 1536w, https:\/\/alle-im-digitalen-wandel.de\/wp-content\/uploads\/2020\/02\/0Q7C9622-2048x1365.jpg 2048w, https:\/\/alle-im-digitalen-wandel.de\/wp-content\/uploads\/2020\/02\/0Q7C9622-272x182.jpg 272w\" sizes=\"(max-width: 300px) 100vw, 300px\" \/><\/a>\n\t\t\t<\/div><\/figure><figure class='gallery-item'>\n\t\t\t<div class='gallery-icon landscape'>\n\t\t\t\t<a href='https:\/\/alle-im-digitalen-wandel.de\/home\/neugier-tag-19-11-2019\/0q7c96201\/'><img width=\"300\" height=\"200\" src=\"https:\/\/alle-im-digitalen-wandel.de\/wp-content\/uploads\/2020\/02\/0Q7C96201-300x200.jpg\" class=\"attachment-medium size-medium\" alt=\"\" decoding=\"async\" loading=\"lazy\" srcset=\"https:\/\/alle-im-digitalen-wandel.de\/wp-content\/uploads\/2020\/02\/0Q7C96201-300x200.jpg 300w, https:\/\/alle-im-digitalen-wandel.de\/wp-content\/uploads\/2020\/02\/0Q7C96201-1024x683.jpg 1024w, https:\/\/alle-im-digitalen-wandel.de\/wp-content\/uploads\/2020\/02\/0Q7C96201-768x512.jpg 768w, https:\/\/alle-im-digitalen-wandel.de\/wp-content\/uploads\/2020\/02\/0Q7C96201-1536x1024.jpg 1536w, https:\/\/alle-im-digitalen-wandel.de\/wp-content\/uploads\/2020\/02\/0Q7C96201-2048x1365.jpg 2048w, https:\/\/alle-im-digitalen-wandel.de\/wp-content\/uploads\/2020\/02\/0Q7C96201-272x182.jpg 272w\" sizes=\"(max-width: 300px) 100vw, 300px\" \/><\/a>\n\t\t\t<\/div><\/figure><figure class='gallery-item'>\n\t\t\t<div class='gallery-icon landscape'>\n\t\t\t\t<a href='https:\/\/alle-im-digitalen-wandel.de\/home\/neugier-tag-19-11-2019\/0q7c9619\/'><img width=\"300\" height=\"200\" src=\"https:\/\/alle-im-digitalen-wandel.de\/wp-content\/uploads\/2020\/02\/0Q7C9619-300x200.jpg\" class=\"attachment-medium size-medium\" alt=\"\" decoding=\"async\" loading=\"lazy\" srcset=\"https:\/\/alle-im-digitalen-wandel.de\/wp-content\/uploads\/2020\/02\/0Q7C9619-300x200.jpg 300w, https:\/\/alle-im-digitalen-wandel.de\/wp-content\/uploads\/2020\/02\/0Q7C9619-1024x683.jpg 1024w, https:\/\/alle-im-digitalen-wandel.de\/wp-content\/uploads\/2020\/02\/0Q7C9619-768x512.jpg 768w, https:\/\/alle-im-digitalen-wandel.de\/wp-content\/uploads\/2020\/02\/0Q7C9619-1536x1024.jpg 1536w, https:\/\/alle-im-digitalen-wandel.de\/wp-content\/uploads\/2020\/02\/0Q7C9619-2048x1365.jpg 2048w, https:\/\/alle-im-digitalen-wandel.de\/wp-content\/uploads\/2020\/02\/0Q7C9619-272x182.jpg 272w\" sizes=\"(max-width: 300px) 100vw, 300px\" \/><\/a>\n\t\t\t<\/div><\/figure><figure class='gallery-item'>\n\t\t\t<div class='gallery-icon landscape'>\n\t\t\t\t<a href='https:\/\/alle-im-digitalen-wandel.de\/home\/neugier-tag-19-11-2019\/0q7c97851\/'><img width=\"300\" height=\"200\" src=\"https:\/\/alle-im-digitalen-wandel.de\/wp-content\/uploads\/2020\/02\/0Q7C97851-300x200.jpg\" class=\"attachment-medium size-medium\" alt=\"\" decoding=\"async\" loading=\"lazy\" srcset=\"https:\/\/alle-im-digitalen-wandel.de\/wp-content\/uploads\/2020\/02\/0Q7C97851-300x200.jpg 300w, https:\/\/alle-im-digitalen-wandel.de\/wp-content\/uploads\/2020\/02\/0Q7C97851-1024x683.jpg 1024w, https:\/\/alle-im-digitalen-wandel.de\/wp-content\/uploads\/2020\/02\/0Q7C97851-768x512.jpg 768w, https:\/\/alle-im-digitalen-wandel.de\/wp-content\/uploads\/2020\/02\/0Q7C97851-1536x1024.jpg 1536w, https:\/\/alle-im-digitalen-wandel.de\/wp-content\/uploads\/2020\/02\/0Q7C97851-2048x1365.jpg 2048w, https:\/\/alle-im-digitalen-wandel.de\/wp-content\/uploads\/2020\/02\/0Q7C97851-272x182.jpg 272w\" sizes=\"(max-width: 300px) 100vw, 300px\" \/><\/a>\n\t\t\t<\/div><\/figure>\n\t\t<\/div>\n\n\n\n<p>Impressionen vom Projekttreffen \u201eALLE entdecken: NEUGIER\u201c <br>(Fotos: h_da\/Britta H\u00fcning) <\/p>\n","protected":false},"excerpt":{"rendered":"<p>Schon in unseren ersten Diskussionen \u00fcber die Kompetenzen, die zur Bew\u00e4ltigung des digitalen Wandels wichtig sind, fiel immer wieder das Stichwort \u201eNeugier\u201c: Ob als Triebfeder f\u00fcr individuelle Lernprozesse, als Voraussetzung f\u00fcr kreative Prozesse und Innovationen oder als Antwort auf die Frage, was bleibt, wenn uns K\u00fcnstliche Intelligenz von Routinet\u00e4tigkeiten befreit.<\/p>\n","protected":false},"author":1,"featured_media":837,"comment_status":"closed","ping_status":"open","sticky":false,"template":"","format":"standard","meta":{"_themeisle_gutenberg_block_has_review":false},"categories":[45,11,7],"tags":[47,46],"yoast_head":"<!-- This site is optimized with the Yoast SEO plugin v19.11 - https:\/\/yoast.com\/wordpress\/plugins\/seo\/ -->\n<title>&quot;NEUGIER-Tag&quot;, 19. November 2019 - Alle im digitalen Wandel<\/title>\n<meta name=\"robots\" content=\"index, follow, max-snippet:-1, max-image-preview:large, max-video-preview:-1\" \/>\n<link rel=\"canonical\" href=\"https:\/\/alle-im-digitalen-wandel.de\/home\/neugier-tag-19-11-2019\/\" \/>\n<meta property=\"og:locale\" content=\"de_DE\" \/>\n<meta property=\"og:type\" content=\"article\" \/>\n<meta property=\"og:title\" content=\"&quot;NEUGIER-Tag&quot;, 19. November 2019 - Alle im digitalen Wandel\" \/>\n<meta property=\"og:description\" content=\"Schon in unseren ersten Diskussionen \u00fcber die Kompetenzen, die zur Bew\u00e4ltigung des digitalen Wandels wichtig sind, fiel immer wieder das Stichwort \u201eNeugier\u201c: Ob als Triebfeder f\u00fcr individuelle Lernprozesse, als Voraussetzung f\u00fcr kreative Prozesse und Innovationen oder als Antwort auf die Frage, was bleibt, wenn uns K\u00fcnstliche Intelligenz von Routinet\u00e4tigkeiten befreit.\" \/>\n<meta property=\"og:url\" content=\"https:\/\/alle-im-digitalen-wandel.de\/home\/neugier-tag-19-11-2019\/\" \/>\n<meta property=\"og:site_name\" content=\"Alle im digitalen Wandel\" \/>\n<meta property=\"article:published_time\" content=\"2019-12-21T08:02:00+00:00\" \/>\n<meta property=\"article:modified_time\" content=\"2022-09-08T06:56:44+00:00\" \/>\n<meta property=\"og:image\" content=\"https:\/\/alle-im-digitalen-wandel.de\/wp-content\/uploads\/2020\/02\/joseph-rosales-m0yRv0GxkV8-unsplash-scaled.jpg\" \/>\n\t<meta property=\"og:image:width\" content=\"2560\" \/>\n\t<meta property=\"og:image:height\" content=\"1707\" \/>\n\t<meta property=\"og:image:type\" content=\"image\/jpeg\" \/>\n<meta name=\"author\" content=\"admin\" \/>\n<meta name=\"twitter:card\" content=\"summary_large_image\" \/>\n<meta name=\"twitter:label1\" content=\"Geschrieben von\" \/>\n\t<meta name=\"twitter:data1\" content=\"admin\" \/>\n\t<meta name=\"twitter:label2\" content=\"Gesch\u00e4tzte Lesezeit\" \/>\n\t<meta name=\"twitter:data2\" content=\"2\u00a0Minuten\" \/>\n<script type=\"application\/ld+json\" class=\"yoast-schema-graph\">{\"@context\":\"https:\/\/schema.org\",\"@graph\":[{\"@type\":\"Article\",\"@id\":\"https:\/\/alle-im-digitalen-wandel.de\/home\/neugier-tag-19-11-2019\/#article\",\"isPartOf\":{\"@id\":\"https:\/\/alle-im-digitalen-wandel.de\/home\/neugier-tag-19-11-2019\/\"},\"author\":{\"name\":\"admin\",\"@id\":\"https:\/\/alle-im-digitalen-wandel.de\/home\/#\/schema\/person\/aba2c887bf097e6be68caeba38b9c526\"},\"headline\":\"&#8222;NEUGIER-Tag&#8220;, 19. November 2019\",\"datePublished\":\"2019-12-21T08:02:00+00:00\",\"dateModified\":\"2022-09-08T06:56:44+00:00\",\"mainEntityOfPage\":{\"@id\":\"https:\/\/alle-im-digitalen-wandel.de\/home\/neugier-tag-19-11-2019\/\"},\"wordCount\":474,\"publisher\":{\"@id\":\"https:\/\/alle-im-digitalen-wandel.de\/home\/#organization\"},\"keywords\":[\"merck\",\"neugier\"],\"articleSection\":[\"Aktuelles\",\"Events\",\"Neugier\"],\"inLanguage\":\"de\"},{\"@type\":\"WebPage\",\"@id\":\"https:\/\/alle-im-digitalen-wandel.de\/home\/neugier-tag-19-11-2019\/\",\"url\":\"https:\/\/alle-im-digitalen-wandel.de\/home\/neugier-tag-19-11-2019\/\",\"name\":\"\\\"NEUGIER-Tag\\\", 19. November 2019 - Alle im digitalen Wandel\",\"isPartOf\":{\"@id\":\"https:\/\/alle-im-digitalen-wandel.de\/home\/#website\"},\"datePublished\":\"2019-12-21T08:02:00+00:00\",\"dateModified\":\"2022-09-08T06:56:44+00:00\",\"breadcrumb\":{\"@id\":\"https:\/\/alle-im-digitalen-wandel.de\/home\/neugier-tag-19-11-2019\/#breadcrumb\"},\"inLanguage\":\"de\",\"potentialAction\":[{\"@type\":\"ReadAction\",\"target\":[\"https:\/\/alle-im-digitalen-wandel.de\/home\/neugier-tag-19-11-2019\/\"]}]},{\"@type\":\"BreadcrumbList\",\"@id\":\"https:\/\/alle-im-digitalen-wandel.de\/home\/neugier-tag-19-11-2019\/#breadcrumb\",\"itemListElement\":[{\"@type\":\"ListItem\",\"position\":1,\"name\":\"Startseite\",\"item\":\"https:\/\/alle-im-digitalen-wandel.de\/home\/\"},{\"@type\":\"ListItem\",\"position\":2,\"name\":\"&#8222;NEUGIER-Tag&#8220;, 19. November 2019\"}]},{\"@type\":\"WebSite\",\"@id\":\"https:\/\/alle-im-digitalen-wandel.de\/home\/#website\",\"url\":\"https:\/\/alle-im-digitalen-wandel.de\/home\/\",\"name\":\"Alle im digitalen Wandel\",\"description\":\"Ein Projekt der Hochschule Darmstadt\",\"publisher\":{\"@id\":\"https:\/\/alle-im-digitalen-wandel.de\/home\/#organization\"},\"potentialAction\":[{\"@type\":\"SearchAction\",\"target\":{\"@type\":\"EntryPoint\",\"urlTemplate\":\"https:\/\/alle-im-digitalen-wandel.de\/home\/?s={search_term_string}\"},\"query-input\":\"required name=search_term_string\"}],\"inLanguage\":\"de\"},{\"@type\":\"Organization\",\"@id\":\"https:\/\/alle-im-digitalen-wandel.de\/home\/#organization\",\"name\":\"Alle im digitalen Wandel\",\"url\":\"https:\/\/alle-im-digitalen-wandel.de\/home\/\",\"logo\":{\"@type\":\"ImageObject\",\"inLanguage\":\"de\",\"@id\":\"https:\/\/alle-im-digitalen-wandel.de\/home\/#\/schema\/logo\/image\/\",\"url\":\"https:\/\/alle-im-digitalen-wandel.de\/wp-content\/uploads\/2020\/07\/cropped-Frame21.png\",\"contentUrl\":\"https:\/\/alle-im-digitalen-wandel.de\/wp-content\/uploads\/2020\/07\/cropped-Frame21.png\",\"width\":1786,\"height\":782,\"caption\":\"Alle im digitalen Wandel\"},\"image\":{\"@id\":\"https:\/\/alle-im-digitalen-wandel.de\/home\/#\/schema\/logo\/image\/\"}},{\"@type\":\"Person\",\"@id\":\"https:\/\/alle-im-digitalen-wandel.de\/home\/#\/schema\/person\/aba2c887bf097e6be68caeba38b9c526\",\"name\":\"admin\",\"image\":{\"@type\":\"ImageObject\",\"inLanguage\":\"de\",\"@id\":\"https:\/\/alle-im-digitalen-wandel.de\/home\/#\/schema\/person\/image\/\",\"url\":\"https:\/\/secure.gravatar.com\/avatar\/20e0375322246cb402e46562715ccc80?s=96&d=mm&r=g\",\"contentUrl\":\"https:\/\/secure.gravatar.com\/avatar\/20e0375322246cb402e46562715ccc80?s=96&d=mm&r=g\",\"caption\":\"admin\"},\"url\":\"https:\/\/alle-im-digitalen-wandel.de\/home\/author\/admin\/\"}]}<\/script>\n<!-- \/ Yoast SEO plugin. -->","yoast_head_json":{"title":"\"NEUGIER-Tag\", 19. November 2019 - Alle im digitalen Wandel","robots":{"index":"index","follow":"follow","max-snippet":"max-snippet:-1","max-image-preview":"max-image-preview:large","max-video-preview":"max-video-preview:-1"},"canonical":"https:\/\/alle-im-digitalen-wandel.de\/home\/neugier-tag-19-11-2019\/","og_locale":"de_DE","og_type":"article","og_title":"\"NEUGIER-Tag\", 19. November 2019 - Alle im digitalen Wandel","og_description":"Schon in unseren ersten Diskussionen \u00fcber die Kompetenzen, die zur Bew\u00e4ltigung des digitalen Wandels wichtig sind, fiel immer wieder das Stichwort \u201eNeugier\u201c: Ob als Triebfeder f\u00fcr individuelle Lernprozesse, als Voraussetzung f\u00fcr kreative Prozesse und Innovationen oder als Antwort auf die Frage, was bleibt, wenn uns K\u00fcnstliche Intelligenz von Routinet\u00e4tigkeiten befreit.","og_url":"https:\/\/alle-im-digitalen-wandel.de\/home\/neugier-tag-19-11-2019\/","og_site_name":"Alle im digitalen Wandel","article_published_time":"2019-12-21T08:02:00+00:00","article_modified_time":"2022-09-08T06:56:44+00:00","og_image":[{"width":2560,"height":1707,"url":"https:\/\/alle-im-digitalen-wandel.de\/wp-content\/uploads\/2020\/02\/joseph-rosales-m0yRv0GxkV8-unsplash-scaled.jpg","type":"image\/jpeg"}],"author":"admin","twitter_card":"summary_large_image","twitter_misc":{"Geschrieben von":"admin","Gesch\u00e4tzte Lesezeit":"2\u00a0Minuten"},"schema":{"@context":"https:\/\/schema.org","@graph":[{"@type":"Article","@id":"https:\/\/alle-im-digitalen-wandel.de\/home\/neugier-tag-19-11-2019\/#article","isPartOf":{"@id":"https:\/\/alle-im-digitalen-wandel.de\/home\/neugier-tag-19-11-2019\/"},"author":{"name":"admin","@id":"https:\/\/alle-im-digitalen-wandel.de\/home\/#\/schema\/person\/aba2c887bf097e6be68caeba38b9c526"},"headline":"&#8222;NEUGIER-Tag&#8220;, 19. November 2019","datePublished":"2019-12-21T08:02:00+00:00","dateModified":"2022-09-08T06:56:44+00:00","mainEntityOfPage":{"@id":"https:\/\/alle-im-digitalen-wandel.de\/home\/neugier-tag-19-11-2019\/"},"wordCount":474,"publisher":{"@id":"https:\/\/alle-im-digitalen-wandel.de\/home\/#organization"},"keywords":["merck","neugier"],"articleSection":["Aktuelles","Events","Neugier"],"inLanguage":"de"},{"@type":"WebPage","@id":"https:\/\/alle-im-digitalen-wandel.de\/home\/neugier-tag-19-11-2019\/","url":"https:\/\/alle-im-digitalen-wandel.de\/home\/neugier-tag-19-11-2019\/","name":"\"NEUGIER-Tag\", 19. November 2019 - Alle im digitalen Wandel","isPartOf":{"@id":"https:\/\/alle-im-digitalen-wandel.de\/home\/#website"},"datePublished":"2019-12-21T08:02:00+00:00","dateModified":"2022-09-08T06:56:44+00:00","breadcrumb":{"@id":"https:\/\/alle-im-digitalen-wandel.de\/home\/neugier-tag-19-11-2019\/#breadcrumb"},"inLanguage":"de","potentialAction":[{"@type":"ReadAction","target":["https:\/\/alle-im-digitalen-wandel.de\/home\/neugier-tag-19-11-2019\/"]}]},{"@type":"BreadcrumbList","@id":"https:\/\/alle-im-digitalen-wandel.de\/home\/neugier-tag-19-11-2019\/#breadcrumb","itemListElement":[{"@type":"ListItem","position":1,"name":"Startseite","item":"https:\/\/alle-im-digitalen-wandel.de\/home\/"},{"@type":"ListItem","position":2,"name":"&#8222;NEUGIER-Tag&#8220;, 19. November 2019"}]},{"@type":"WebSite","@id":"https:\/\/alle-im-digitalen-wandel.de\/home\/#website","url":"https:\/\/alle-im-digitalen-wandel.de\/home\/","name":"Alle im digitalen Wandel","description":"Ein Projekt der Hochschule Darmstadt","publisher":{"@id":"https:\/\/alle-im-digitalen-wandel.de\/home\/#organization"},"potentialAction":[{"@type":"SearchAction","target":{"@type":"EntryPoint","urlTemplate":"https:\/\/alle-im-digitalen-wandel.de\/home\/?s={search_term_string}"},"query-input":"required name=search_term_string"}],"inLanguage":"de"},{"@type":"Organization","@id":"https:\/\/alle-im-digitalen-wandel.de\/home\/#organization","name":"Alle im digitalen Wandel","url":"https:\/\/alle-im-digitalen-wandel.de\/home\/","logo":{"@type":"ImageObject","inLanguage":"de","@id":"https:\/\/alle-im-digitalen-wandel.de\/home\/#\/schema\/logo\/image\/","url":"https:\/\/alle-im-digitalen-wandel.de\/wp-content\/uploads\/2020\/07\/cropped-Frame21.png","contentUrl":"https:\/\/alle-im-digitalen-wandel.de\/wp-content\/uploads\/2020\/07\/cropped-Frame21.png","width":1786,"height":782,"caption":"Alle im digitalen Wandel"},"image":{"@id":"https:\/\/alle-im-digitalen-wandel.de\/home\/#\/schema\/logo\/image\/"}},{"@type":"Person","@id":"https:\/\/alle-im-digitalen-wandel.de\/home\/#\/schema\/person\/aba2c887bf097e6be68caeba38b9c526","name":"admin","image":{"@type":"ImageObject","inLanguage":"de","@id":"https:\/\/alle-im-digitalen-wandel.de\/home\/#\/schema\/person\/image\/","url":"https:\/\/secure.gravatar.com\/avatar\/20e0375322246cb402e46562715ccc80?s=96&d=mm&r=g","contentUrl":"https:\/\/secure.gravatar.com\/avatar\/20e0375322246cb402e46562715ccc80?s=96&d=mm&r=g","caption":"admin"},"url":"https:\/\/alle-im-digitalen-wandel.de\/home\/author\/admin\/"}]}},"_links":{"self":[{"href":"https:\/\/alle-im-digitalen-wandel.de\/home\/wp-json\/wp\/v2\/posts\/807"}],"collection":[{"href":"https:\/\/alle-im-digitalen-wandel.de\/home\/wp-json\/wp\/v2\/posts"}],"about":[{"href":"https:\/\/alle-im-digitalen-wandel.de\/home\/wp-json\/wp\/v2\/types\/post"}],"author":[{"embeddable":true,"href":"https:\/\/alle-im-digitalen-wandel.de\/home\/wp-json\/wp\/v2\/users\/1"}],"replies":[{"embeddable":true,"href":"https:\/\/alle-im-digitalen-wandel.de\/home\/wp-json\/wp\/v2\/comments?post=807"}],"version-history":[{"count":9,"href":"https:\/\/alle-im-digitalen-wandel.de\/home\/wp-json\/wp\/v2\/posts\/807\/revisions"}],"predecessor-version":[{"id":854,"href":"https:\/\/alle-im-digitalen-wandel.de\/home\/wp-json\/wp\/v2\/posts\/807\/revisions\/854"}],"wp:featuredmedia":[{"embeddable":true,"href":"https:\/\/alle-im-digitalen-wandel.de\/home\/wp-json\/wp\/v2\/media\/837"}],"wp:attachment":[{"href":"https:\/\/alle-im-digitalen-wandel.de\/home\/wp-json\/wp\/v2\/media?parent=807"}],"wp:term":[{"taxonomy":"category","embeddable":true,"href":"https:\/\/alle-im-digitalen-wandel.de\/home\/wp-json\/wp\/v2\/categories?post=807"},{"taxonomy":"post_tag","embeddable":true,"href":"https:\/\/alle-im-digitalen-wandel.de\/home\/wp-json\/wp\/v2\/tags?post=807"}],"curies":[{"name":"wp","href":"https:\/\/api.w.org\/{rel}","templated":true}]}}