{"id":1354,"date":"2021-11-30T14:50:00","date_gmt":"2021-11-30T13:50:00","guid":{"rendered":"https:\/\/alle-im-digitalen-wandel.de\/home\/?p=1354"},"modified":"2022-09-08T08:56:40","modified_gmt":"2022-09-08T06:56:40","slug":"abschlussveranstaltung-alle-im-digitalen-wandel-rueckblick","status":"publish","type":"post","link":"https:\/\/alle-im-digitalen-wandel.de\/home\/abschlussveranstaltung-alle-im-digitalen-wandel-rueckblick\/","title":{"rendered":"Abschlussveranstaltung &#8222;ALLE im digitalen Wandel&#8220;: R\u00fcckblick"},"content":{"rendered":"<p><strong>(30.11.2021) Nicht erst seit Corona ist klar, dass digitales Arbeiten f\u00fcr Organisationen ein wichtiger Baustein ihrer nachhaltigen Zukunftsplanungen ist. Aber wie kann ein solches Arbeiten organisiert werden, welche Kompetenzen werden dazu ben\u00f6tigt, wie kommuniziert man diese Ver\u00e4nderungen im Unternehmen und was haben Resilienz und Neugier damit zu tun? Diesen Fragen ging das Projekt \u201eALLE im digitalen Wandel\u201c der Hochschule Darmstadt gemeinsam im Verbund mit sechs Partnern nach und erprobte drei Jahre lang digitale Arbeits- und Lernformen. Das Projekt endet zum 27. November 2021. Am 2. November 2021 zogen die Partner:innen im Rahmen einer gemeinsamen Abschlussveranstaltung eine Bilanz.<\/strong><\/p>\n<hr \/>\n<p>Bedingt durch die Corona-Krise fand der Abschluss des Projekts in einer virtuellen Umgebung statt. Doch neben dem inzwischen vertrauten Rahmen einer Web-Konferenz hatten die Veranstalter einen weiteren virtuellen Treffpunkt und Marktplatz eingerichtet, um ausgew\u00e4hlte Ergebnisse und Impressionen aus dem Projekt zu pr\u00e4sentieren. \u00dcber 30 Teilnehmer:innen aus den Organisationen der Projektpartner, aber auch aus dem erweiterten INQA-Netzwerk, folgten am 2. November der Einladung.<\/p>\n<figure id=\"attachment_1355\" aria-describedby=\"caption-attachment-1355\" style=\"width: 1024px\" class=\"wp-caption aligncenter\"><img decoding=\"async\" loading=\"lazy\" class=\"wp-image-1355 size-large\" src=\"https:\/\/alle-im-digitalen-wandel.de\/wp-content\/uploads\/2021\/12\/Bild1-1024x339.png\" alt=\"\" width=\"1024\" height=\"339\" srcset=\"https:\/\/alle-im-digitalen-wandel.de\/wp-content\/uploads\/2021\/12\/Bild1-1024x339.png 1024w, https:\/\/alle-im-digitalen-wandel.de\/wp-content\/uploads\/2021\/12\/Bild1-300x99.png 300w, https:\/\/alle-im-digitalen-wandel.de\/wp-content\/uploads\/2021\/12\/Bild1-768x254.png 768w, https:\/\/alle-im-digitalen-wandel.de\/wp-content\/uploads\/2021\/12\/Bild1.png 1282w\" sizes=\"(max-width: 1024px) 100vw, 1024px\" \/><figcaption id=\"caption-attachment-1355\" class=\"wp-caption-text\">Abbildung 1: Virtueller Marktplatz &#8222;ALLE im digitalen Wandel&#8220; (Mozilla Hubs)<\/figcaption><\/figure>\n<p>Die Abschlussveranstaltung begann mit kurzen Begr\u00fc\u00dfungen durch Jakob B\u00fcrkner (Hochschule Darmstadt), G\u00f6tz Richter (Bundesanstalt f\u00fcr Arbeitsschutz und Arbeitsmedizin) und Eva Schubert (Bundesministerium f\u00fcr Arbeit und Soziales).<\/p>\n<p>Anschlie\u00dfend und zum Auftakt des Programms erinnerten die Projektleiter:innen Werner Stork, Pia Sue Helferich und Thomas Pleil aus Sicht der Hochschule Darmstadt noch einmal an die Grundidee des Projekts: n\u00e4mlich Experimentierr\u00e4ume zu schaffen, um in einer gesch\u00fctzten Umgebung neue Konzepte und Methoden des Arbeitens und Lernens auszuprobieren. Das sollte in einzelnen Experimentierr\u00e4umen vor Ort ausprobiert werden, um dann schrittweise auch virtuelle Arbeits- und Lernumgebungen zu integrieren. Hier hat, so die Projektleiter:innen in ihrem R\u00fcckblick, Corona als Katalysator gewirkt. Denn zum einen mussten f\u00fcr die Zusammenarbeit der Partner \u00fcber Nacht neue Formate entwickelt werden. Und zum anderen bekamen auch die Experimente der Partnerorganisationen in der zweiten Projekth\u00e4lfte einen neuen Fokus und beschleunigten die Lernkurven aller Beteiligten. Die Heterogenit\u00e4t der Partner hat hier sehr geholfen, so die Projektleiter:innen, unterschiedliche Herangehensweisen f\u00fcr die gemeinsamen Herausforderungen zu entdecken und zu diskutieren.<\/p>\n<figure id=\"attachment_1356\" aria-describedby=\"caption-attachment-1356\" style=\"width: 1024px\" class=\"wp-caption aligncenter\"><img decoding=\"async\" loading=\"lazy\" class=\"wp-image-1356 size-large\" src=\"https:\/\/alle-im-digitalen-wandel.de\/wp-content\/uploads\/2021\/12\/Bild2-1024x426.png\" alt=\"\" width=\"1024\" height=\"426\" srcset=\"https:\/\/alle-im-digitalen-wandel.de\/wp-content\/uploads\/2021\/12\/Bild2-1024x426.png 1024w, https:\/\/alle-im-digitalen-wandel.de\/wp-content\/uploads\/2021\/12\/Bild2-300x125.png 300w, https:\/\/alle-im-digitalen-wandel.de\/wp-content\/uploads\/2021\/12\/Bild2-768x320.png 768w, https:\/\/alle-im-digitalen-wandel.de\/wp-content\/uploads\/2021\/12\/Bild2.png 1283w\" sizes=\"(max-width: 1024px) 100vw, 1024px\" \/><figcaption id=\"caption-attachment-1356\" class=\"wp-caption-text\">Abbildung 2: \u00dcbersicht \u00fcber den Projektablauf und die durchgef\u00fchrten Experimente<\/figcaption><\/figure>\n<p>Es folgten Einblicke in die Themenschwerpunkte des Projekts \u201eALLE im digitalen Wandel\u201c: Ver\u00e4nderungskommunikation, informelles Lernen sowie Resilienz und Neugier. Das Thema \u201eVer\u00e4nderungskommunikation\u201c wurde von Michael Grupe (Fink &amp; Fuchs) und Thomas Pleil (Hochschule Darmstadt) aufgenommen. Michael Grupe ging dabei auf die Ver\u00e4nderungsprozesse im eigenen Unternehmen und die Einf\u00fchrung einzelner Methoden des agilen Projektmanagements ein. Ein zentrales Experiment im BMAS-Projekt bildete die Einrichtung und Weiterentwicklung eines \u201ePlayrooms\u201c, der Mitarbeiter:innen und Kunden von Fink &amp; Fuchs vielf\u00e4ltige Ankn\u00fcpfungspunkte f\u00fcr neue Formen der Zusammenarbeit bietet.<\/p>\n<figure id=\"attachment_1357\" aria-describedby=\"caption-attachment-1357\" style=\"width: 1024px\" class=\"wp-caption aligncenter\"><img decoding=\"async\" loading=\"lazy\" class=\"wp-image-1357 size-large\" src=\"https:\/\/alle-im-digitalen-wandel.de\/wp-content\/uploads\/2021\/12\/Bild3-1024x423.png\" alt=\"\" width=\"1024\" height=\"423\" srcset=\"https:\/\/alle-im-digitalen-wandel.de\/wp-content\/uploads\/2021\/12\/Bild3-1024x423.png 1024w, https:\/\/alle-im-digitalen-wandel.de\/wp-content\/uploads\/2021\/12\/Bild3-300x124.png 300w, https:\/\/alle-im-digitalen-wandel.de\/wp-content\/uploads\/2021\/12\/Bild3-768x318.png 768w, https:\/\/alle-im-digitalen-wandel.de\/wp-content\/uploads\/2021\/12\/Bild3.png 1282w\" sizes=\"(max-width: 1024px) 100vw, 1024px\" \/><figcaption id=\"caption-attachment-1357\" class=\"wp-caption-text\">Abbildung 3: Themenschwerpunkt &#8222;Ver\u00e4nderungskommunikation&#8220;<\/figcaption><\/figure>\n<p>Um Einblicke in die Aktivit\u00e4ten rund um das Thema \u201eInformellen Lernen\u201c zu erm\u00f6glichen, f\u00fchrte Jochen Robes (Hochschule Darmstadt) kurze Interviews mit den Projektpartnern. So berichtete Thomas Moog (KunzlerStrom) von der Einf\u00fchrung einzelner Tools (Datenbrille, Wartungs-App), aber auch vor den Herausforderungen einer KMU, die neuen digitalen Instrumente in die Arbeitsprozesse und Routinen der Mitarbeiter:innen zu integrieren. Stephanie Bastian (Landkreis Darmstadt-Dieburg) erz\u00e4hlte von der Arbeit der \u201eZukunftswerkstatt\u201c, in der die Initiativen des Landkreises auf dem Weg zu einer neuen Kultur der Zusammenarbeit und des Lernens zusammenlaufen. Dazu geh\u00f6rt auch das im Fr\u00fchjahr 2021 erfolgreich durchgef\u00fchrte Online-BarCamp, das viele neue Impulse und Beziehungen f\u00fcr weitere, zuk\u00fcnftige Projekte lieferte. Sylvia S\u00f6hlig (Vitronic Bildverarbeitungssysteme) wiederum berichtete von Working Out Loud, einer\u00a0 Methode, um mit dem offenen und vernetzten Arbeiten und den M\u00f6glichkeiten der sozialen Netzwerke vertraut zu werden. Dabei schlie\u00dfen sich Interessierte in kleinen Gruppen zusammen, setzen sich individuelle Lernziele und reflektieren gemeinsam ihre Fortschritte. Sylvia S\u00f6hlig hatte Working Out Loud zuerst mit Kolleg:innen im Unternehmen erprobt, anschlie\u00dfend aber auch an einem partner\u00fcbergreifenden WOL-Projekt teilgenommen, um das Potenzial der Methode f\u00fcr das informelle und selbstorganisierte Lernen zu testen. Das Feedback der Teilnehmer:innen zeigte: eine hohe Lernmotivation, eine sehr gro\u00dfe Lernkurve und viele Ankn\u00fcpfungspunkte f\u00fcr neue Erfahrungen.<\/p>\n<figure id=\"attachment_1358\" aria-describedby=\"caption-attachment-1358\" style=\"width: 1024px\" class=\"wp-caption aligncenter\"><img decoding=\"async\" loading=\"lazy\" class=\"wp-image-1358 size-large\" src=\"https:\/\/alle-im-digitalen-wandel.de\/wp-content\/uploads\/2021\/12\/Bild4-1024x324.png\" alt=\"\" width=\"1024\" height=\"324\" srcset=\"https:\/\/alle-im-digitalen-wandel.de\/wp-content\/uploads\/2021\/12\/Bild4-1024x324.png 1024w, https:\/\/alle-im-digitalen-wandel.de\/wp-content\/uploads\/2021\/12\/Bild4-300x95.png 300w, https:\/\/alle-im-digitalen-wandel.de\/wp-content\/uploads\/2021\/12\/Bild4-768x243.png 768w, https:\/\/alle-im-digitalen-wandel.de\/wp-content\/uploads\/2021\/12\/Bild4.png 1276w\" sizes=\"(max-width: 1024px) 100vw, 1024px\" \/><figcaption id=\"caption-attachment-1358\" class=\"wp-caption-text\">Abbildung 4: Themenschwerpunkt &#8222;Informelles Lernen&#8220;<\/figcaption><\/figure>\n<p>Im Anschluss f\u00fchrten Werner Stork, Maximilian Grund und Jens Boll (alle Hochschule Darmstadt) gemeinsam durch den Themenschwerpunkt \u201eResilienz &amp; Neugier\u201c. Es wurde an den \u201eNeugier-Tag\u201c erinnert, an dem sich die Projektpartner vor Ort bei Merck ausf\u00fchrlich mit der Bedeutung beruflicher Neugier auseinandersetzten. Auch die Entwicklung einer Neugier-Matrix f\u00fcr individuelle Handlungsempfehlungen geh\u00f6rt in diese Reihe. Hier steuerte Uwe Ohl (Merck) die Erfahrungen aus dem Projekt \u201eFuture Skills bei Merck\u201c bei. Von der Neugier zur Resilienz: Nicht zuletzt durch die andauernde Corona-Krise gewann das Thema im Projektverlauf zunehmend an Bedeutung. Das unterstreicht der Resilienz-Checkup, der im Projektverlauf entwickelt wurde und mit dessen Hilfe Unternehmen ihre organisationale Resilienz messen und konkrete Handlungsbedarfe ermitteln k\u00f6nnen. Projektpartner Tobias Schenck (schenck.de) berichtete vom erfolgreichen Einsatz des Instruments im eigenen Unternehmen.<\/p>\n<figure id=\"attachment_1359\" aria-describedby=\"caption-attachment-1359\" style=\"width: 1024px\" class=\"wp-caption aligncenter\"><img decoding=\"async\" loading=\"lazy\" class=\"wp-image-1359 size-large\" src=\"https:\/\/alle-im-digitalen-wandel.de\/wp-content\/uploads\/2021\/12\/Bild5-1024x434.png\" alt=\"\" width=\"1024\" height=\"434\" srcset=\"https:\/\/alle-im-digitalen-wandel.de\/wp-content\/uploads\/2021\/12\/Bild5-1024x434.png 1024w, https:\/\/alle-im-digitalen-wandel.de\/wp-content\/uploads\/2021\/12\/Bild5-300x127.png 300w, https:\/\/alle-im-digitalen-wandel.de\/wp-content\/uploads\/2021\/12\/Bild5-768x325.png 768w, https:\/\/alle-im-digitalen-wandel.de\/wp-content\/uploads\/2021\/12\/Bild5.png 1275w\" sizes=\"(max-width: 1024px) 100vw, 1024px\" \/><figcaption id=\"caption-attachment-1359\" class=\"wp-caption-text\">Abbildung 5: Themenschwerpunkt &#8222;Resilienz &amp; Neugier&#8220;<\/figcaption><\/figure>\n<p>Nach der Vorstellung ausgew\u00e4hlter Experimente hatten die Teilnehmer:innen die Gelegenheit, sich mit den Themenverantwortlichen in einzelnen Breakout-Rooms auszutauschen. Andere nutzten die M\u00f6glichkeiten, sich Avatare einzurichten und den virtuellen Marktplatz zu erkunden.<\/p>\n<p>Der Abschluss der Veranstaltung beinhaltete auch einen Blick auf ausgew\u00e4hlte Ergebnisse der Gesamtevaluation des Projekts \u201eALLE im digitalen Wandel\u201c. Die wichtigsten Erkenntnisse:<\/p>\n<ul>\n<li>Dem digitalen Wandel wird wie zu Beginn des Projekts auf betrieblicher wie auch auf individueller Ebene eine gro\u00dfe Bedeutung beigemessen. Die Pandemie hat diese Bedeutung noch einmal verst\u00e4rkt.<\/li>\n<li>Das Projekt wurde als spannende M\u00f6glichkeit zur Teilhabe an den betrieblichen Wandlungsprozessen verstanden.<\/li>\n<li>Die im Projekt umgesetzten Austauschformate haben sich bew\u00e4hrt. Die durchgef\u00fchrten Ma\u00dfnahmen (u.a. \u201eNeugier\u201c-Tag, Round Tables, Working Out Loud) wurden durchweg als interessant bewertet.<\/li>\n<\/ul>\n<p>Die Herausforderungen, die sich \u00fcber alle Themenschwerpunkte hinweg zeigten, bestanden zum einen in der Beteiligung der Mitarbeitenden und F\u00fchrungskr\u00e4fte bei der Konzeption und Planung der einzelnen Experimente; und zum anderen sind die Haltung und die Einstellungen (\u201eMindset\u201c) aller Beteiligten gegen\u00fcber Ver\u00e4nderungsprozessen ein nicht zu untersch\u00e4tzendes, bleibendes Thema. Schlie\u00dflich: Der digitale Wandel spielt sich in jedem Unternehmen und jeder Organisation auf jeweils besondere Art und Weise ab. Die Heterogenit\u00e4t der Projektpartner bedeutete deshalb auch, sich immer wieder und intensiv \u00fcber die gemeinsamen Ziele und Inhalte abzustimmen.<\/p>\n<p>Zum Abschluss der Veranstaltung zog Projektleiter Werner Stork ein kurzes Res\u00fcmee. Er stellte noch einmal die Vielzahl an Erkenntnissen und Erfahrungen heraus, die im Rahmen des Projekts gewonnen wurden \u2013 auch unter den erschwerten Bedingungen der Corona-Krise. So konnten schlie\u00dflich \u00fcber 40 Experimente geplant und umgesetzt werden!<\/p>\n<p>Mit diesem Erfolg ist auch der Wunsch der Projektpartner verkn\u00fcpft, den gemeinsamen Austausch fortzuf\u00fchren. Werner Stork nahm diesen Wunsch gerne auf und k\u00fcndigte an, dass die Hochschule Darmstadt den \u201eExperimentierraum\u201c fortf\u00fchren wird und lud alle bestehenden Partner, aber auch weitere, interessierte Organisationen, ein, sich mit neuen Ideen und Projekten im Netzwerk zu engagieren. Ein Termin f\u00fcr einen neuen Kickoff ist bereits in Planung (06.12.2021).<\/p>\n<p><img decoding=\"async\" loading=\"lazy\" class=\"size-medium wp-image-1360 alignleft\" src=\"https:\/\/alle-im-digitalen-wandel.de\/wp-content\/uploads\/2021\/12\/Bild6-200x300.png\" alt=\"\" width=\"200\" height=\"300\" srcset=\"https:\/\/alle-im-digitalen-wandel.de\/wp-content\/uploads\/2021\/12\/Bild6-200x300.png 200w, https:\/\/alle-im-digitalen-wandel.de\/wp-content\/uploads\/2021\/12\/Bild6.png 299w\" sizes=\"(max-width: 200px) 100vw, 200px\" \/>Damit auch Organisationen \u00fcber das Partnernetzwerk hinaus von den Ergebnissen von \u201eALLE im digitalen Wandel\u201c profitieren k\u00f6nnen, entstehen zum Projektabschluss sogenannte Playbooks. Diese werden Szenarien und Methoden zu den einzelnen Themenschwerpunkten beinhalten: \u201eDabei legen wir besonderen Wert auf den niederschwelligen Zugang &#8211; wir m\u00f6chten, dass Unternehmen Spa\u00df dabei haben, die Methoden, mit denen wir uns besch\u00e4ftigt haben, auszuprobieren\u201c, ordnete Projektleiterin Pia Sue Helferich ein. Die Playbooks werden zu Beginn 2022 verf\u00fcgbar sein.<\/p>\n<p>Virtueller Marktplatz zum Abschlussevent: <a href=\"https:\/\/hubs.mozilla.com\/hygxUVe\/alle-im-digitalen-wandel-abschlussevent\">https:\/\/hubs.mozilla.com\/hygxUVe\/alle-im-digitalen-wandel-abschlussevent<\/a><\/p>\n<hr \/>\n<p>\u00dcber das Projekt:<\/p>\n<p>Das Projekt \u201eAlle im digitalen Wandel\u201c wird gef\u00f6rdert vom Bundesministerium f\u00fcr Arbeit und Soziales (BMAS) und ist ein Verbundprojekt, die Partner:innern sind neben der Hochschule Darmstadt, die Kommunikationsagentur Fink &amp; Fuchs AG, der Kreisausschuss des Landkreises Darmstadt-Dieburg, die Kunzler Service GmbH, die Merck KGaA, die Schenck.de AG und die VITRONIC Dr.-Ing. Stein Bildverarbeitungssysteme GmbH. Weitere Informationen sind auf der Website des Projekts zu finden: <a href=\"https:\/\/alle-im-digitalen-wandel.de\/home\">https:\/\/alle-im-digitalen-wandel.de\/home<\/a><\/p>\n","protected":false},"excerpt":{"rendered":"<p>(30.11.2021) Nicht erst seit Corona ist klar, dass digitales Arbeiten f\u00fcr Organisationen ein wichtiger Baustein ihrer nachhaltigen Zukunftsplanungen ist. Aber wie kann ein solches Arbeiten organisiert werden, welche Kompetenzen werden dazu ben\u00f6tigt, wie kommuniziert man diese Ver\u00e4nderungen im Unternehmen und was haben Resilienz und Neugier damit zu tun? Diesen Fragen<\/p>\n","protected":false},"author":2,"featured_media":1355,"comment_status":"closed","ping_status":"open","sticky":false,"template":"","format":"standard","meta":{"_themeisle_gutenberg_block_has_review":false},"categories":[45,1,11],"tags":[],"yoast_head":"<!-- This site is optimized with the Yoast SEO plugin v19.11 - https:\/\/yoast.com\/wordpress\/plugins\/seo\/ -->\n<title>Abschlussveranstaltung &quot;ALLE im digitalen Wandel&quot;: R\u00fcckblick - Alle im digitalen Wandel<\/title>\n<meta name=\"robots\" content=\"index, follow, max-snippet:-1, max-image-preview:large, max-video-preview:-1\" \/>\n<link rel=\"canonical\" href=\"https:\/\/alle-im-digitalen-wandel.de\/home\/abschlussveranstaltung-alle-im-digitalen-wandel-rueckblick\/\" \/>\n<meta property=\"og:locale\" content=\"de_DE\" \/>\n<meta property=\"og:type\" content=\"article\" \/>\n<meta property=\"og:title\" content=\"Abschlussveranstaltung &quot;ALLE im digitalen Wandel&quot;: R\u00fcckblick - Alle im digitalen Wandel\" \/>\n<meta property=\"og:description\" content=\"(30.11.2021) Nicht erst seit Corona ist klar, dass digitales Arbeiten f\u00fcr Organisationen ein wichtiger Baustein ihrer nachhaltigen Zukunftsplanungen ist. Aber wie kann ein solches Arbeiten organisiert werden, welche Kompetenzen werden dazu ben\u00f6tigt, wie kommuniziert man diese Ver\u00e4nderungen im Unternehmen und was haben Resilienz und Neugier damit zu tun? Diesen Fragen\" \/>\n<meta property=\"og:url\" content=\"https:\/\/alle-im-digitalen-wandel.de\/home\/abschlussveranstaltung-alle-im-digitalen-wandel-rueckblick\/\" \/>\n<meta property=\"og:site_name\" content=\"Alle im digitalen Wandel\" \/>\n<meta property=\"article:published_time\" content=\"2021-11-30T13:50:00+00:00\" \/>\n<meta property=\"article:modified_time\" content=\"2022-09-08T06:56:40+00:00\" \/>\n<meta property=\"og:image\" content=\"https:\/\/alle-im-digitalen-wandel.de\/wp-content\/uploads\/2021\/12\/Bild1.png\" \/>\n\t<meta property=\"og:image:width\" content=\"1282\" \/>\n\t<meta property=\"og:image:height\" content=\"424\" \/>\n\t<meta property=\"og:image:type\" content=\"image\/png\" \/>\n<meta name=\"author\" content=\"Jochen Robes\" \/>\n<meta name=\"twitter:card\" content=\"summary_large_image\" \/>\n<meta name=\"twitter:label1\" content=\"Geschrieben von\" \/>\n\t<meta name=\"twitter:data1\" content=\"Jochen Robes\" \/>\n\t<meta name=\"twitter:label2\" content=\"Gesch\u00e4tzte Lesezeit\" \/>\n\t<meta name=\"twitter:data2\" content=\"7\u00a0Minuten\" \/>\n<script type=\"application\/ld+json\" class=\"yoast-schema-graph\">{\"@context\":\"https:\/\/schema.org\",\"@graph\":[{\"@type\":\"Article\",\"@id\":\"https:\/\/alle-im-digitalen-wandel.de\/home\/abschlussveranstaltung-alle-im-digitalen-wandel-rueckblick\/#article\",\"isPartOf\":{\"@id\":\"https:\/\/alle-im-digitalen-wandel.de\/home\/abschlussveranstaltung-alle-im-digitalen-wandel-rueckblick\/\"},\"author\":{\"name\":\"Jochen Robes\",\"@id\":\"https:\/\/alle-im-digitalen-wandel.de\/home\/#\/schema\/person\/3ee9b44a2143d6ac3d4289f9c449db12\"},\"headline\":\"Abschlussveranstaltung &#8222;ALLE im digitalen Wandel&#8220;: R\u00fcckblick\",\"datePublished\":\"2021-11-30T13:50:00+00:00\",\"dateModified\":\"2022-09-08T06:56:40+00:00\",\"mainEntityOfPage\":{\"@id\":\"https:\/\/alle-im-digitalen-wandel.de\/home\/abschlussveranstaltung-alle-im-digitalen-wandel-rueckblick\/\"},\"wordCount\":1354,\"publisher\":{\"@id\":\"https:\/\/alle-im-digitalen-wandel.de\/home\/#organization\"},\"articleSection\":{\"0\":\"Aktuelles\",\"2\":\"Events\"},\"inLanguage\":\"de\"},{\"@type\":\"WebPage\",\"@id\":\"https:\/\/alle-im-digitalen-wandel.de\/home\/abschlussveranstaltung-alle-im-digitalen-wandel-rueckblick\/\",\"url\":\"https:\/\/alle-im-digitalen-wandel.de\/home\/abschlussveranstaltung-alle-im-digitalen-wandel-rueckblick\/\",\"name\":\"Abschlussveranstaltung \\\"ALLE im digitalen Wandel\\\": R\u00fcckblick - Alle im digitalen Wandel\",\"isPartOf\":{\"@id\":\"https:\/\/alle-im-digitalen-wandel.de\/home\/#website\"},\"datePublished\":\"2021-11-30T13:50:00+00:00\",\"dateModified\":\"2022-09-08T06:56:40+00:00\",\"breadcrumb\":{\"@id\":\"https:\/\/alle-im-digitalen-wandel.de\/home\/abschlussveranstaltung-alle-im-digitalen-wandel-rueckblick\/#breadcrumb\"},\"inLanguage\":\"de\",\"potentialAction\":[{\"@type\":\"ReadAction\",\"target\":[\"https:\/\/alle-im-digitalen-wandel.de\/home\/abschlussveranstaltung-alle-im-digitalen-wandel-rueckblick\/\"]}]},{\"@type\":\"BreadcrumbList\",\"@id\":\"https:\/\/alle-im-digitalen-wandel.de\/home\/abschlussveranstaltung-alle-im-digitalen-wandel-rueckblick\/#breadcrumb\",\"itemListElement\":[{\"@type\":\"ListItem\",\"position\":1,\"name\":\"Startseite\",\"item\":\"https:\/\/alle-im-digitalen-wandel.de\/home\/\"},{\"@type\":\"ListItem\",\"position\":2,\"name\":\"Abschlussveranstaltung &#8222;ALLE im digitalen Wandel&#8220;: R\u00fcckblick\"}]},{\"@type\":\"WebSite\",\"@id\":\"https:\/\/alle-im-digitalen-wandel.de\/home\/#website\",\"url\":\"https:\/\/alle-im-digitalen-wandel.de\/home\/\",\"name\":\"Alle im digitalen Wandel\",\"description\":\"Ein Projekt der Hochschule Darmstadt\",\"publisher\":{\"@id\":\"https:\/\/alle-im-digitalen-wandel.de\/home\/#organization\"},\"potentialAction\":[{\"@type\":\"SearchAction\",\"target\":{\"@type\":\"EntryPoint\",\"urlTemplate\":\"https:\/\/alle-im-digitalen-wandel.de\/home\/?s={search_term_string}\"},\"query-input\":\"required name=search_term_string\"}],\"inLanguage\":\"de\"},{\"@type\":\"Organization\",\"@id\":\"https:\/\/alle-im-digitalen-wandel.de\/home\/#organization\",\"name\":\"Alle im digitalen Wandel\",\"url\":\"https:\/\/alle-im-digitalen-wandel.de\/home\/\",\"logo\":{\"@type\":\"ImageObject\",\"inLanguage\":\"de\",\"@id\":\"https:\/\/alle-im-digitalen-wandel.de\/home\/#\/schema\/logo\/image\/\",\"url\":\"https:\/\/alle-im-digitalen-wandel.de\/wp-content\/uploads\/2020\/07\/cropped-Frame21.png\",\"contentUrl\":\"https:\/\/alle-im-digitalen-wandel.de\/wp-content\/uploads\/2020\/07\/cropped-Frame21.png\",\"width\":1786,\"height\":782,\"caption\":\"Alle im digitalen Wandel\"},\"image\":{\"@id\":\"https:\/\/alle-im-digitalen-wandel.de\/home\/#\/schema\/logo\/image\/\"}},{\"@type\":\"Person\",\"@id\":\"https:\/\/alle-im-digitalen-wandel.de\/home\/#\/schema\/person\/3ee9b44a2143d6ac3d4289f9c449db12\",\"name\":\"Jochen Robes\",\"image\":{\"@type\":\"ImageObject\",\"inLanguage\":\"de\",\"@id\":\"https:\/\/alle-im-digitalen-wandel.de\/home\/#\/schema\/person\/image\/\",\"url\":\"https:\/\/secure.gravatar.com\/avatar\/f51e4fe3e2ce1d33851606cfeb63d21d?s=96&d=mm&r=g\",\"contentUrl\":\"https:\/\/secure.gravatar.com\/avatar\/f51e4fe3e2ce1d33851606cfeb63d21d?s=96&d=mm&r=g\",\"caption\":\"Jochen Robes\"},\"sameAs\":[\"http:\/\/www.weiterbildungsblog.de\"],\"url\":\"https:\/\/alle-im-digitalen-wandel.de\/home\/author\/jochen-robes\/\"}]}<\/script>\n<!-- \/ Yoast SEO plugin. -->","yoast_head_json":{"title":"Abschlussveranstaltung \"ALLE im digitalen Wandel\": R\u00fcckblick - Alle im digitalen Wandel","robots":{"index":"index","follow":"follow","max-snippet":"max-snippet:-1","max-image-preview":"max-image-preview:large","max-video-preview":"max-video-preview:-1"},"canonical":"https:\/\/alle-im-digitalen-wandel.de\/home\/abschlussveranstaltung-alle-im-digitalen-wandel-rueckblick\/","og_locale":"de_DE","og_type":"article","og_title":"Abschlussveranstaltung \"ALLE im digitalen Wandel\": R\u00fcckblick - Alle im digitalen Wandel","og_description":"(30.11.2021) Nicht erst seit Corona ist klar, dass digitales Arbeiten f\u00fcr Organisationen ein wichtiger Baustein ihrer nachhaltigen Zukunftsplanungen ist. Aber wie kann ein solches Arbeiten organisiert werden, welche Kompetenzen werden dazu ben\u00f6tigt, wie kommuniziert man diese Ver\u00e4nderungen im Unternehmen und was haben Resilienz und Neugier damit zu tun? Diesen Fragen","og_url":"https:\/\/alle-im-digitalen-wandel.de\/home\/abschlussveranstaltung-alle-im-digitalen-wandel-rueckblick\/","og_site_name":"Alle im digitalen Wandel","article_published_time":"2021-11-30T13:50:00+00:00","article_modified_time":"2022-09-08T06:56:40+00:00","og_image":[{"width":1282,"height":424,"url":"https:\/\/alle-im-digitalen-wandel.de\/wp-content\/uploads\/2021\/12\/Bild1.png","type":"image\/png"}],"author":"Jochen Robes","twitter_card":"summary_large_image","twitter_misc":{"Geschrieben von":"Jochen Robes","Gesch\u00e4tzte Lesezeit":"7\u00a0Minuten"},"schema":{"@context":"https:\/\/schema.org","@graph":[{"@type":"Article","@id":"https:\/\/alle-im-digitalen-wandel.de\/home\/abschlussveranstaltung-alle-im-digitalen-wandel-rueckblick\/#article","isPartOf":{"@id":"https:\/\/alle-im-digitalen-wandel.de\/home\/abschlussveranstaltung-alle-im-digitalen-wandel-rueckblick\/"},"author":{"name":"Jochen Robes","@id":"https:\/\/alle-im-digitalen-wandel.de\/home\/#\/schema\/person\/3ee9b44a2143d6ac3d4289f9c449db12"},"headline":"Abschlussveranstaltung &#8222;ALLE im digitalen Wandel&#8220;: R\u00fcckblick","datePublished":"2021-11-30T13:50:00+00:00","dateModified":"2022-09-08T06:56:40+00:00","mainEntityOfPage":{"@id":"https:\/\/alle-im-digitalen-wandel.de\/home\/abschlussveranstaltung-alle-im-digitalen-wandel-rueckblick\/"},"wordCount":1354,"publisher":{"@id":"https:\/\/alle-im-digitalen-wandel.de\/home\/#organization"},"articleSection":{"0":"Aktuelles","2":"Events"},"inLanguage":"de"},{"@type":"WebPage","@id":"https:\/\/alle-im-digitalen-wandel.de\/home\/abschlussveranstaltung-alle-im-digitalen-wandel-rueckblick\/","url":"https:\/\/alle-im-digitalen-wandel.de\/home\/abschlussveranstaltung-alle-im-digitalen-wandel-rueckblick\/","name":"Abschlussveranstaltung \"ALLE im digitalen Wandel\": R\u00fcckblick - Alle im digitalen Wandel","isPartOf":{"@id":"https:\/\/alle-im-digitalen-wandel.de\/home\/#website"},"datePublished":"2021-11-30T13:50:00+00:00","dateModified":"2022-09-08T06:56:40+00:00","breadcrumb":{"@id":"https:\/\/alle-im-digitalen-wandel.de\/home\/abschlussveranstaltung-alle-im-digitalen-wandel-rueckblick\/#breadcrumb"},"inLanguage":"de","potentialAction":[{"@type":"ReadAction","target":["https:\/\/alle-im-digitalen-wandel.de\/home\/abschlussveranstaltung-alle-im-digitalen-wandel-rueckblick\/"]}]},{"@type":"BreadcrumbList","@id":"https:\/\/alle-im-digitalen-wandel.de\/home\/abschlussveranstaltung-alle-im-digitalen-wandel-rueckblick\/#breadcrumb","itemListElement":[{"@type":"ListItem","position":1,"name":"Startseite","item":"https:\/\/alle-im-digitalen-wandel.de\/home\/"},{"@type":"ListItem","position":2,"name":"Abschlussveranstaltung &#8222;ALLE im digitalen Wandel&#8220;: R\u00fcckblick"}]},{"@type":"WebSite","@id":"https:\/\/alle-im-digitalen-wandel.de\/home\/#website","url":"https:\/\/alle-im-digitalen-wandel.de\/home\/","name":"Alle im digitalen Wandel","description":"Ein Projekt der Hochschule Darmstadt","publisher":{"@id":"https:\/\/alle-im-digitalen-wandel.de\/home\/#organization"},"potentialAction":[{"@type":"SearchAction","target":{"@type":"EntryPoint","urlTemplate":"https:\/\/alle-im-digitalen-wandel.de\/home\/?s={search_term_string}"},"query-input":"required name=search_term_string"}],"inLanguage":"de"},{"@type":"Organization","@id":"https:\/\/alle-im-digitalen-wandel.de\/home\/#organization","name":"Alle im digitalen Wandel","url":"https:\/\/alle-im-digitalen-wandel.de\/home\/","logo":{"@type":"ImageObject","inLanguage":"de","@id":"https:\/\/alle-im-digitalen-wandel.de\/home\/#\/schema\/logo\/image\/","url":"https:\/\/alle-im-digitalen-wandel.de\/wp-content\/uploads\/2020\/07\/cropped-Frame21.png","contentUrl":"https:\/\/alle-im-digitalen-wandel.de\/wp-content\/uploads\/2020\/07\/cropped-Frame21.png","width":1786,"height":782,"caption":"Alle im digitalen Wandel"},"image":{"@id":"https:\/\/alle-im-digitalen-wandel.de\/home\/#\/schema\/logo\/image\/"}},{"@type":"Person","@id":"https:\/\/alle-im-digitalen-wandel.de\/home\/#\/schema\/person\/3ee9b44a2143d6ac3d4289f9c449db12","name":"Jochen Robes","image":{"@type":"ImageObject","inLanguage":"de","@id":"https:\/\/alle-im-digitalen-wandel.de\/home\/#\/schema\/person\/image\/","url":"https:\/\/secure.gravatar.com\/avatar\/f51e4fe3e2ce1d33851606cfeb63d21d?s=96&d=mm&r=g","contentUrl":"https:\/\/secure.gravatar.com\/avatar\/f51e4fe3e2ce1d33851606cfeb63d21d?s=96&d=mm&r=g","caption":"Jochen Robes"},"sameAs":["http:\/\/www.weiterbildungsblog.de"],"url":"https:\/\/alle-im-digitalen-wandel.de\/home\/author\/jochen-robes\/"}]}},"_links":{"self":[{"href":"https:\/\/alle-im-digitalen-wandel.de\/home\/wp-json\/wp\/v2\/posts\/1354"}],"collection":[{"href":"https:\/\/alle-im-digitalen-wandel.de\/home\/wp-json\/wp\/v2\/posts"}],"about":[{"href":"https:\/\/alle-im-digitalen-wandel.de\/home\/wp-json\/wp\/v2\/types\/post"}],"author":[{"embeddable":true,"href":"https:\/\/alle-im-digitalen-wandel.de\/home\/wp-json\/wp\/v2\/users\/2"}],"replies":[{"embeddable":true,"href":"https:\/\/alle-im-digitalen-wandel.de\/home\/wp-json\/wp\/v2\/comments?post=1354"}],"version-history":[{"count":1,"href":"https:\/\/alle-im-digitalen-wandel.de\/home\/wp-json\/wp\/v2\/posts\/1354\/revisions"}],"predecessor-version":[{"id":1361,"href":"https:\/\/alle-im-digitalen-wandel.de\/home\/wp-json\/wp\/v2\/posts\/1354\/revisions\/1361"}],"wp:featuredmedia":[{"embeddable":true,"href":"https:\/\/alle-im-digitalen-wandel.de\/home\/wp-json\/wp\/v2\/media\/1355"}],"wp:attachment":[{"href":"https:\/\/alle-im-digitalen-wandel.de\/home\/wp-json\/wp\/v2\/media?parent=1354"}],"wp:term":[{"taxonomy":"category","embeddable":true,"href":"https:\/\/alle-im-digitalen-wandel.de\/home\/wp-json\/wp\/v2\/categories?post=1354"},{"taxonomy":"post_tag","embeddable":true,"href":"https:\/\/alle-im-digitalen-wandel.de\/home\/wp-json\/wp\/v2\/tags?post=1354"}],"curies":[{"name":"wp","href":"https:\/\/api.w.org\/{rel}","templated":true}]}}