{"id":1316,"date":"2021-10-15T15:30:50","date_gmt":"2021-10-15T13:30:50","guid":{"rendered":"https:\/\/alle-im-digitalen-wandel.de\/home\/?p=1316"},"modified":"2022-09-08T08:56:41","modified_gmt":"2022-09-08T06:56:41","slug":"abschlussveranstaltung-am-02-11-2021","status":"publish","type":"post","link":"https:\/\/alle-im-digitalen-wandel.de\/home\/abschlussveranstaltung-am-02-11-2021\/","title":{"rendered":"Abschlussveranstaltung am 02.11.2021"},"content":{"rendered":"\n<h2>Abschlussveranstaltung am 02.11.2021<\/h2>\n\n\n\n<figure class=\"wp-block-image size-large is-resized\"><img decoding=\"async\" loading=\"lazy\" src=\"https:\/\/alle-im-digitalen-wandel.de\/wp-content\/uploads\/2019\/09\/photo_2019-09-06_12-05-23-1024x768.jpg\" alt=\"\" class=\"wp-image-11\" width=\"375\" height=\"282\" srcset=\"https:\/\/alle-im-digitalen-wandel.de\/wp-content\/uploads\/2019\/09\/photo_2019-09-06_12-05-23-1024x768.jpg 1024w, https:\/\/alle-im-digitalen-wandel.de\/wp-content\/uploads\/2019\/09\/photo_2019-09-06_12-05-23-300x225.jpg 300w, https:\/\/alle-im-digitalen-wandel.de\/wp-content\/uploads\/2019\/09\/photo_2019-09-06_12-05-23-768x576.jpg 768w, https:\/\/alle-im-digitalen-wandel.de\/wp-content\/uploads\/2019\/09\/photo_2019-09-06_12-05-23.jpg 1280w\" sizes=\"(max-width: 375px) 100vw, 375px\" \/><\/figure>\n\n\n\n<p>Anfang 2019 startete das Projekt \u201eALLE im digitalen Wandel\u201c als eines von 17 Experimentierr\u00e4umen des Bundesministerium f\u00fcr Arbeit und Soziales (BMAS) in Zusammenarbeit mit der Initiative Neue Qualit\u00e4t der Arbeit. Gemeinsam mit einem Partnernetzwerk bestehend aus sechs ganz unterschiedlichen Unternehmen* haben wir die Herausforderungen untersucht, die die digitalen Transformationsprozesse f\u00fcr Organisationen und ihre Mitarbeitenden mit sich bringen. \u201eArbeitsorganisation: Neugier &amp; Resilienz\u201c, \u201eSelbstgesteuertes, lebenslanges Lernen\u201c und \u201eVer\u00e4nderungskommunikation\u201c bildeten dabei unsere Themenschwerpunkte.<\/p>\n\n\n\n<p>Zum Abschluss des Projekts \u201eALLE im digitalen Wandel\u201c werden wir am 2. November 2021 zusammen mit unseren Partnern einen Blick zur\u00fcckwerfen: Welche Experimente wurden von den Partnerunternehmen allein und im Verbund durchgef\u00fchrt? Welche Ergebnisse und Erfahrungen wurden dabei gewonnen? Und wie hat sich die COVID-19-Pandemie auf die Digitalisierungsprozesse des Partnernetzwerks, auf die Schwerpunktthemen des Projekts, aber auch auf das Projekt selbst ausgewirkt?<\/p>\n\n\n\n<p>Am 2. November 2021 (09:30 \u2013 13:00 Uhr, online) geben die Projektbeteiligten in kurzen Erfahrungsberichten einen \u00dcberblick \u00fcber die Themen und Ergebnisse des Projekts \u201eALLE im digitalen Wandel\u201c. Anschlie\u00dfend sind Interessierte herzlich eingeladen, sich auf einer digitalen Messe (3D-Umgebung) weitere Informationen und Hintergr\u00fcnde zum Projekt zu erschlie\u00dfen. &nbsp;<\/p>\n\n\n\n<div class=\"is-layout-flow wp-block-group\"><div class=\"wp-block-group__inner-container\"><\/div><\/div>\n\n\n\n<p><strong>Anmeldungen sind&nbsp;bis Donnerstag den 28. Oktober 2021 \u00fcber <a href=\"mailto:jakob.buerkner@h-da.de?subject=Anmeldung%20-%20Abschlussevent%20%22ALLE%20im%20digitalen%20Wandel%22\">jakob.buerkner@h-da.de<\/a> m\u00f6glich.<\/strong><\/p>\n\n\n\n<h4>Agenda<\/h4>\n\n\n\n<div class=\"is-layout-flow wp-block-group alignwide\"><div class=\"wp-block-group__inner-container\">\n<figure class=\"wp-block-table aligncenter is-style-regular\"><table><tbody><tr><td>09:30 \u2013 09:35 Uhr<\/td><td class=\"has-text-align-left\" data-align=\"left\"><strong>Begr\u00fc\u00dfung<\/strong> (Hochschule Darmstadt)<\/td><td class=\"has-text-align-left\" data-align=\"left\">Jakob B\u00fcrkner (h_da)<\/td><\/tr><tr><td>09:35 \u2013 09:45 Uhr<\/td><td class=\"has-text-align-left\" data-align=\"left\"><strong>Begr\u00fc\u00dfung <\/strong>(BAuA und BMAS)<\/td><td class=\"has-text-align-left\" data-align=\"left\">Dr. G\u00f6tz Richter (BAuA) Eva Schubert (BMAS)<strong><\/strong><\/td><\/tr><tr><td>09:45 \u2013 10:15 Uhr<\/td><td class=\"has-text-align-left\" data-align=\"left\"><strong>\u201eALLE im digitalen Wandel\u201c<\/strong><strong><\/strong><\/td><td class=\"has-text-align-left\" data-align=\"left\">Prof. Dr. Werner Stork (h_da) Prof. Dr. Pia Sue Helferich (h_da) Prof. Dr. Thomas Pleil (h_da)<\/td><\/tr><tr><td>10:15 \u2013 11:30 Uhr<strong><\/strong><\/td><td class=\"has-text-align-left\" data-align=\"left\"><strong>Dialog &amp; Diskurs: Highlights des Projektes<\/strong><\/td><td class=\"has-text-align-left\" data-align=\"left\">Hochschule Darmstadt und Projektpartner<\/td><\/tr><tr><td>11:30 \u2013 11:45 Uhr<\/td><td class=\"has-text-align-left\" data-align=\"left\"><strong>Pause<\/strong><strong><\/strong><\/td><td class=\"has-text-align-left\" data-align=\"left\"><strong>&nbsp;<\/strong><\/td><\/tr><tr><td>11:45 \u2013 12:00 Uhr<\/td><td class=\"has-text-align-left\" data-align=\"left\"><strong>Virtuelle<\/strong> <strong>Messe <\/strong><em>@ Mozilla Hubs<\/em><strong><\/strong><\/td><td class=\"has-text-align-left\" data-align=\"left\"><strong>&nbsp;<\/strong><\/td><\/tr><tr><td>12:00 \u2013 12:30 Uhr<\/td><td class=\"has-text-align-left\" data-align=\"left\"><strong>Q&amp;A\u2018s (Break-Out-Sessions)<\/strong><strong><\/strong><\/td><td class=\"has-text-align-left\" data-align=\"left\"><strong>&nbsp;<\/strong><\/td><\/tr><tr><td>12:30 \u2013 13:00 Uhr<\/td><td class=\"has-text-align-left\" data-align=\"left\"><strong>Res\u00fcmee &amp; Ausblick<\/strong><\/td><td class=\"has-text-align-left\" data-align=\"left\">Hochschule Darmstadt und Projektpartner<strong><\/strong><\/td><\/tr><\/tbody><\/table><\/figure>\n<\/div><\/div>\n\n\n\n<hr class=\"wp-block-separator\"\/>\n\n\n\n<p>(*) Fink &amp; Fuchs AG, Wiesbaden; Kreisausschuss des Landkreises Darmstadt-Dieburg, Darmstadt; Kunzler Service GmbH, Frankfurt am Main; Merck KGaA, Darmstadt; Schenck.de AG, M\u00fclheim an der Ruhr; VITRONIC Dr.-Ing. Stein Bildverarbeitungssysteme GmbH, Wiesbaden<\/p>\n","protected":false},"excerpt":{"rendered":"<p>Abschlussveranstaltung am 02.11.2021 Anfang 2019 startete das Projekt \u201eALLE im digitalen Wandel\u201c als eines von 17 Experimentierr\u00e4umen des Bundesministerium f\u00fcr Arbeit und Soziales (BMAS) in Zusammenarbeit mit der Initiative Neue Qualit\u00e4t der Arbeit. Gemeinsam mit einem Partnernetzwerk bestehend aus sechs ganz unterschiedlichen Unternehmen* haben wir die Herausforderungen untersucht, die die<\/p>\n","protected":false},"author":1,"featured_media":485,"comment_status":"closed","ping_status":"open","sticky":false,"template":"","format":"standard","meta":{"_themeisle_gutenberg_block_has_review":false},"categories":[45,1,11],"tags":[],"yoast_head":"<!-- This site is optimized with the Yoast SEO plugin v19.11 - https:\/\/yoast.com\/wordpress\/plugins\/seo\/ -->\n<title>Abschlussveranstaltung am 02.11.2021 - Alle im digitalen Wandel<\/title>\n<meta name=\"robots\" content=\"index, follow, max-snippet:-1, max-image-preview:large, max-video-preview:-1\" \/>\n<link rel=\"canonical\" href=\"https:\/\/alle-im-digitalen-wandel.de\/home\/abschlussveranstaltung-am-02-11-2021\/\" \/>\n<meta property=\"og:locale\" content=\"de_DE\" \/>\n<meta property=\"og:type\" content=\"article\" \/>\n<meta property=\"og:title\" content=\"Abschlussveranstaltung am 02.11.2021 - Alle im digitalen Wandel\" \/>\n<meta property=\"og:description\" content=\"Abschlussveranstaltung am 02.11.2021 Anfang 2019 startete das Projekt \u201eALLE im digitalen Wandel\u201c als eines von 17 Experimentierr\u00e4umen des Bundesministerium f\u00fcr Arbeit und Soziales (BMAS) in Zusammenarbeit mit der Initiative Neue Qualit\u00e4t der Arbeit. Gemeinsam mit einem Partnernetzwerk bestehend aus sechs ganz unterschiedlichen Unternehmen* haben wir die Herausforderungen untersucht, die die\" \/>\n<meta property=\"og:url\" content=\"https:\/\/alle-im-digitalen-wandel.de\/home\/abschlussveranstaltung-am-02-11-2021\/\" \/>\n<meta property=\"og:site_name\" content=\"Alle im digitalen Wandel\" \/>\n<meta property=\"article:published_time\" content=\"2021-10-15T13:30:50+00:00\" \/>\n<meta property=\"article:modified_time\" content=\"2022-09-08T06:56:41+00:00\" \/>\n<meta property=\"og:image\" content=\"https:\/\/alle-im-digitalen-wandel.de\/wp-content\/uploads\/2019\/11\/Space_img.png\" \/>\n\t<meta property=\"og:image:width\" content=\"1424\" \/>\n\t<meta property=\"og:image:height\" content=\"1249\" \/>\n\t<meta property=\"og:image:type\" content=\"image\/png\" \/>\n<meta name=\"author\" content=\"admin\" \/>\n<meta name=\"twitter:card\" content=\"summary_large_image\" \/>\n<meta name=\"twitter:label1\" content=\"Geschrieben von\" \/>\n\t<meta name=\"twitter:data1\" content=\"admin\" \/>\n\t<meta name=\"twitter:label2\" content=\"Gesch\u00e4tzte Lesezeit\" \/>\n\t<meta name=\"twitter:data2\" content=\"2\u00a0Minuten\" \/>\n<script type=\"application\/ld+json\" class=\"yoast-schema-graph\">{\"@context\":\"https:\/\/schema.org\",\"@graph\":[{\"@type\":\"Article\",\"@id\":\"https:\/\/alle-im-digitalen-wandel.de\/home\/abschlussveranstaltung-am-02-11-2021\/#article\",\"isPartOf\":{\"@id\":\"https:\/\/alle-im-digitalen-wandel.de\/home\/abschlussveranstaltung-am-02-11-2021\/\"},\"author\":{\"name\":\"admin\",\"@id\":\"https:\/\/alle-im-digitalen-wandel.de\/home\/#\/schema\/person\/aba2c887bf097e6be68caeba38b9c526\"},\"headline\":\"Abschlussveranstaltung am 02.11.2021\",\"datePublished\":\"2021-10-15T13:30:50+00:00\",\"dateModified\":\"2022-09-08T06:56:41+00:00\",\"mainEntityOfPage\":{\"@id\":\"https:\/\/alle-im-digitalen-wandel.de\/home\/abschlussveranstaltung-am-02-11-2021\/\"},\"wordCount\":319,\"publisher\":{\"@id\":\"https:\/\/alle-im-digitalen-wandel.de\/home\/#organization\"},\"articleSection\":{\"0\":\"Aktuelles\",\"2\":\"Events\"},\"inLanguage\":\"de\"},{\"@type\":\"WebPage\",\"@id\":\"https:\/\/alle-im-digitalen-wandel.de\/home\/abschlussveranstaltung-am-02-11-2021\/\",\"url\":\"https:\/\/alle-im-digitalen-wandel.de\/home\/abschlussveranstaltung-am-02-11-2021\/\",\"name\":\"Abschlussveranstaltung am 02.11.2021 - Alle im digitalen Wandel\",\"isPartOf\":{\"@id\":\"https:\/\/alle-im-digitalen-wandel.de\/home\/#website\"},\"datePublished\":\"2021-10-15T13:30:50+00:00\",\"dateModified\":\"2022-09-08T06:56:41+00:00\",\"breadcrumb\":{\"@id\":\"https:\/\/alle-im-digitalen-wandel.de\/home\/abschlussveranstaltung-am-02-11-2021\/#breadcrumb\"},\"inLanguage\":\"de\",\"potentialAction\":[{\"@type\":\"ReadAction\",\"target\":[\"https:\/\/alle-im-digitalen-wandel.de\/home\/abschlussveranstaltung-am-02-11-2021\/\"]}]},{\"@type\":\"BreadcrumbList\",\"@id\":\"https:\/\/alle-im-digitalen-wandel.de\/home\/abschlussveranstaltung-am-02-11-2021\/#breadcrumb\",\"itemListElement\":[{\"@type\":\"ListItem\",\"position\":1,\"name\":\"Startseite\",\"item\":\"https:\/\/alle-im-digitalen-wandel.de\/home\/\"},{\"@type\":\"ListItem\",\"position\":2,\"name\":\"Abschlussveranstaltung am 02.11.2021\"}]},{\"@type\":\"WebSite\",\"@id\":\"https:\/\/alle-im-digitalen-wandel.de\/home\/#website\",\"url\":\"https:\/\/alle-im-digitalen-wandel.de\/home\/\",\"name\":\"Alle im digitalen Wandel\",\"description\":\"Ein Projekt der Hochschule Darmstadt\",\"publisher\":{\"@id\":\"https:\/\/alle-im-digitalen-wandel.de\/home\/#organization\"},\"potentialAction\":[{\"@type\":\"SearchAction\",\"target\":{\"@type\":\"EntryPoint\",\"urlTemplate\":\"https:\/\/alle-im-digitalen-wandel.de\/home\/?s={search_term_string}\"},\"query-input\":\"required name=search_term_string\"}],\"inLanguage\":\"de\"},{\"@type\":\"Organization\",\"@id\":\"https:\/\/alle-im-digitalen-wandel.de\/home\/#organization\",\"name\":\"Alle im digitalen Wandel\",\"url\":\"https:\/\/alle-im-digitalen-wandel.de\/home\/\",\"logo\":{\"@type\":\"ImageObject\",\"inLanguage\":\"de\",\"@id\":\"https:\/\/alle-im-digitalen-wandel.de\/home\/#\/schema\/logo\/image\/\",\"url\":\"https:\/\/alle-im-digitalen-wandel.de\/wp-content\/uploads\/2020\/07\/cropped-Frame21.png\",\"contentUrl\":\"https:\/\/alle-im-digitalen-wandel.de\/wp-content\/uploads\/2020\/07\/cropped-Frame21.png\",\"width\":1786,\"height\":782,\"caption\":\"Alle im digitalen Wandel\"},\"image\":{\"@id\":\"https:\/\/alle-im-digitalen-wandel.de\/home\/#\/schema\/logo\/image\/\"}},{\"@type\":\"Person\",\"@id\":\"https:\/\/alle-im-digitalen-wandel.de\/home\/#\/schema\/person\/aba2c887bf097e6be68caeba38b9c526\",\"name\":\"admin\",\"image\":{\"@type\":\"ImageObject\",\"inLanguage\":\"de\",\"@id\":\"https:\/\/alle-im-digitalen-wandel.de\/home\/#\/schema\/person\/image\/\",\"url\":\"https:\/\/secure.gravatar.com\/avatar\/20e0375322246cb402e46562715ccc80?s=96&d=mm&r=g\",\"contentUrl\":\"https:\/\/secure.gravatar.com\/avatar\/20e0375322246cb402e46562715ccc80?s=96&d=mm&r=g\",\"caption\":\"admin\"},\"url\":\"https:\/\/alle-im-digitalen-wandel.de\/home\/author\/admin\/\"}]}<\/script>\n<!-- \/ Yoast SEO plugin. -->","yoast_head_json":{"title":"Abschlussveranstaltung am 02.11.2021 - Alle im digitalen Wandel","robots":{"index":"index","follow":"follow","max-snippet":"max-snippet:-1","max-image-preview":"max-image-preview:large","max-video-preview":"max-video-preview:-1"},"canonical":"https:\/\/alle-im-digitalen-wandel.de\/home\/abschlussveranstaltung-am-02-11-2021\/","og_locale":"de_DE","og_type":"article","og_title":"Abschlussveranstaltung am 02.11.2021 - Alle im digitalen Wandel","og_description":"Abschlussveranstaltung am 02.11.2021 Anfang 2019 startete das Projekt \u201eALLE im digitalen Wandel\u201c als eines von 17 Experimentierr\u00e4umen des Bundesministerium f\u00fcr Arbeit und Soziales (BMAS) in Zusammenarbeit mit der Initiative Neue Qualit\u00e4t der Arbeit. Gemeinsam mit einem Partnernetzwerk bestehend aus sechs ganz unterschiedlichen Unternehmen* haben wir die Herausforderungen untersucht, die die","og_url":"https:\/\/alle-im-digitalen-wandel.de\/home\/abschlussveranstaltung-am-02-11-2021\/","og_site_name":"Alle im digitalen Wandel","article_published_time":"2021-10-15T13:30:50+00:00","article_modified_time":"2022-09-08T06:56:41+00:00","og_image":[{"width":1424,"height":1249,"url":"https:\/\/alle-im-digitalen-wandel.de\/wp-content\/uploads\/2019\/11\/Space_img.png","type":"image\/png"}],"author":"admin","twitter_card":"summary_large_image","twitter_misc":{"Geschrieben von":"admin","Gesch\u00e4tzte Lesezeit":"2\u00a0Minuten"},"schema":{"@context":"https:\/\/schema.org","@graph":[{"@type":"Article","@id":"https:\/\/alle-im-digitalen-wandel.de\/home\/abschlussveranstaltung-am-02-11-2021\/#article","isPartOf":{"@id":"https:\/\/alle-im-digitalen-wandel.de\/home\/abschlussveranstaltung-am-02-11-2021\/"},"author":{"name":"admin","@id":"https:\/\/alle-im-digitalen-wandel.de\/home\/#\/schema\/person\/aba2c887bf097e6be68caeba38b9c526"},"headline":"Abschlussveranstaltung am 02.11.2021","datePublished":"2021-10-15T13:30:50+00:00","dateModified":"2022-09-08T06:56:41+00:00","mainEntityOfPage":{"@id":"https:\/\/alle-im-digitalen-wandel.de\/home\/abschlussveranstaltung-am-02-11-2021\/"},"wordCount":319,"publisher":{"@id":"https:\/\/alle-im-digitalen-wandel.de\/home\/#organization"},"articleSection":{"0":"Aktuelles","2":"Events"},"inLanguage":"de"},{"@type":"WebPage","@id":"https:\/\/alle-im-digitalen-wandel.de\/home\/abschlussveranstaltung-am-02-11-2021\/","url":"https:\/\/alle-im-digitalen-wandel.de\/home\/abschlussveranstaltung-am-02-11-2021\/","name":"Abschlussveranstaltung am 02.11.2021 - Alle im digitalen Wandel","isPartOf":{"@id":"https:\/\/alle-im-digitalen-wandel.de\/home\/#website"},"datePublished":"2021-10-15T13:30:50+00:00","dateModified":"2022-09-08T06:56:41+00:00","breadcrumb":{"@id":"https:\/\/alle-im-digitalen-wandel.de\/home\/abschlussveranstaltung-am-02-11-2021\/#breadcrumb"},"inLanguage":"de","potentialAction":[{"@type":"ReadAction","target":["https:\/\/alle-im-digitalen-wandel.de\/home\/abschlussveranstaltung-am-02-11-2021\/"]}]},{"@type":"BreadcrumbList","@id":"https:\/\/alle-im-digitalen-wandel.de\/home\/abschlussveranstaltung-am-02-11-2021\/#breadcrumb","itemListElement":[{"@type":"ListItem","position":1,"name":"Startseite","item":"https:\/\/alle-im-digitalen-wandel.de\/home\/"},{"@type":"ListItem","position":2,"name":"Abschlussveranstaltung am 02.11.2021"}]},{"@type":"WebSite","@id":"https:\/\/alle-im-digitalen-wandel.de\/home\/#website","url":"https:\/\/alle-im-digitalen-wandel.de\/home\/","name":"Alle im digitalen Wandel","description":"Ein Projekt der Hochschule Darmstadt","publisher":{"@id":"https:\/\/alle-im-digitalen-wandel.de\/home\/#organization"},"potentialAction":[{"@type":"SearchAction","target":{"@type":"EntryPoint","urlTemplate":"https:\/\/alle-im-digitalen-wandel.de\/home\/?s={search_term_string}"},"query-input":"required name=search_term_string"}],"inLanguage":"de"},{"@type":"Organization","@id":"https:\/\/alle-im-digitalen-wandel.de\/home\/#organization","name":"Alle im digitalen Wandel","url":"https:\/\/alle-im-digitalen-wandel.de\/home\/","logo":{"@type":"ImageObject","inLanguage":"de","@id":"https:\/\/alle-im-digitalen-wandel.de\/home\/#\/schema\/logo\/image\/","url":"https:\/\/alle-im-digitalen-wandel.de\/wp-content\/uploads\/2020\/07\/cropped-Frame21.png","contentUrl":"https:\/\/alle-im-digitalen-wandel.de\/wp-content\/uploads\/2020\/07\/cropped-Frame21.png","width":1786,"height":782,"caption":"Alle im digitalen Wandel"},"image":{"@id":"https:\/\/alle-im-digitalen-wandel.de\/home\/#\/schema\/logo\/image\/"}},{"@type":"Person","@id":"https:\/\/alle-im-digitalen-wandel.de\/home\/#\/schema\/person\/aba2c887bf097e6be68caeba38b9c526","name":"admin","image":{"@type":"ImageObject","inLanguage":"de","@id":"https:\/\/alle-im-digitalen-wandel.de\/home\/#\/schema\/person\/image\/","url":"https:\/\/secure.gravatar.com\/avatar\/20e0375322246cb402e46562715ccc80?s=96&d=mm&r=g","contentUrl":"https:\/\/secure.gravatar.com\/avatar\/20e0375322246cb402e46562715ccc80?s=96&d=mm&r=g","caption":"admin"},"url":"https:\/\/alle-im-digitalen-wandel.de\/home\/author\/admin\/"}]}},"_links":{"self":[{"href":"https:\/\/alle-im-digitalen-wandel.de\/home\/wp-json\/wp\/v2\/posts\/1316"}],"collection":[{"href":"https:\/\/alle-im-digitalen-wandel.de\/home\/wp-json\/wp\/v2\/posts"}],"about":[{"href":"https:\/\/alle-im-digitalen-wandel.de\/home\/wp-json\/wp\/v2\/types\/post"}],"author":[{"embeddable":true,"href":"https:\/\/alle-im-digitalen-wandel.de\/home\/wp-json\/wp\/v2\/users\/1"}],"replies":[{"embeddable":true,"href":"https:\/\/alle-im-digitalen-wandel.de\/home\/wp-json\/wp\/v2\/comments?post=1316"}],"version-history":[{"count":27,"href":"https:\/\/alle-im-digitalen-wandel.de\/home\/wp-json\/wp\/v2\/posts\/1316\/revisions"}],"predecessor-version":[{"id":1352,"href":"https:\/\/alle-im-digitalen-wandel.de\/home\/wp-json\/wp\/v2\/posts\/1316\/revisions\/1352"}],"wp:featuredmedia":[{"embeddable":true,"href":"https:\/\/alle-im-digitalen-wandel.de\/home\/wp-json\/wp\/v2\/media\/485"}],"wp:attachment":[{"href":"https:\/\/alle-im-digitalen-wandel.de\/home\/wp-json\/wp\/v2\/media?parent=1316"}],"wp:term":[{"taxonomy":"category","embeddable":true,"href":"https:\/\/alle-im-digitalen-wandel.de\/home\/wp-json\/wp\/v2\/categories?post=1316"},{"taxonomy":"post_tag","embeddable":true,"href":"https:\/\/alle-im-digitalen-wandel.de\/home\/wp-json\/wp\/v2\/tags?post=1316"}],"curies":[{"name":"wp","href":"https:\/\/api.w.org\/{rel}","templated":true}]}}