{"id":1290,"date":"2021-05-07T11:48:00","date_gmt":"2021-05-07T09:48:00","guid":{"rendered":"https:\/\/alle-im-digitalen-wandel.de\/home\/?p=1290"},"modified":"2023-02-17T13:14:32","modified_gmt":"2023-02-17T12:14:32","slug":"was-foerdert-resilienz-ein-kleiner-praxischeck","status":"publish","type":"post","link":"https:\/\/alle-im-digitalen-wandel.de\/home\/was-foerdert-resilienz-ein-kleiner-praxischeck\/","title":{"rendered":"Was f\u00f6rdert Resilienz? Ein kleiner Praxischeck"},"content":{"rendered":"\n<h2>Aus dem Projektlabor in die Praxis<\/h2>\n\n\n<p>Dieburg, 07.05.2021 (jr) In der aktuellen Ausgabe der &#8222;Wirtschaftsdialoge&#8220;, des Mitgliedermagazins der Industrie- und Handelskammer Darmstadt Rhein Main Neckar, bildet &#8222;Corona&#8220; den Schwerpunkt. Im Vordergrund steht dabei die organisationale Resilienz und wie sie Unternehmen und ihren Mitarbeitenden hilft, in dieser wie in zuk\u00fcnftigen Krisen zu bestehen.<\/p>\n<p>In den Einf\u00fchrungsbeitrag (&#8222;Resilienz: Was macht Unternehmen krisenfest?&#8220;) sowie in die anschlie\u00dfende Praxischeckliste flie\u00dfen die Ergebnisse unseres Projekts &#8222;ALLE im digitalen Wandel&#8220; ein. &nbsp;<\/p>\n<p><em>&#8222;Wie kann Resilienz in Unternehmen systematisch gef\u00f6rdert werden? Als eines der ersten Ergebnisse des BMAS-Experimentierraum-Projekts \u00bbALLE im Digitalen Wandel\u00ab wurde mit f\u00fcnf Partnern aus S\u00fcdhessen \u2013 Merck aus Darmstadt, dem Landkreis Darmstadt-Dieburg, Vitronic und Fink &amp; Fuchs aus Wiesbaden sowie Kunzlerstrom aus Maintal \u2013 ein Resilienz Check-up entwickelt. Dieser gibt Orientierung, was Unternehmen dabei beachten sollten, wenn sie ihre Resilienz erh\u00f6hen m\u00f6chten.<\/em><\/p>\n<p><em>\u00bbEs gilt dabei, alle wesentlichen Bereiche des Unternehmens zu betrachten und entsprechende Ma\u00dfnahmen f\u00fcr eine m\u00f6glichst hohe Resilienz zu initiieren\u00ab, sagt Werner Stork, der mit einem Team der Hochschule an dem Projekt mitarbeitet. Das f\u00e4ngt bei der strategischen Ausrichtung an und geht weiter \u00fcber die Gesch\u00e4ftsprozesse, die technische Infrastruktur und die organisatorischen Strukturen bis hin zur Unternehmenskultur und den Kompetenzen der Mitarbeitenden und F\u00fchrungskr\u00e4fte.<\/em><\/p>\n<p><em>F\u00fcr die Umsetzung hat das Forscherteam einen dreistufien moderierten Prozess entwickelt, dessen Kern die Befragung und Analyse aller relevanten Bereiche und Einheiten des Unternehmens umfasst. Daraufhin werden nach einer Auswertung der Ergebnisse individuelle Handlungs- und Gestaltungsans\u00e4tze f\u00fcr die Resilienz abgeleitet.&#8220;<\/em><\/p>\n<p><a href=\"https:\/\/alle-im-digitalen-wandel.de\/wp-content\/uploads\/2021\/05\/Wirtschaftsdialoge_IHK_S\u00fcdhessen_April-2021_ab-Seite-18.pdf\">Wirtschaftsdialoge, IHK Darmstadt Rhein Main Neckar, 02\/ 2021<\/a><br><a href=\"http:\/\/www.alle-im-digitalen-wandel.de\/resilienz-check\">www.alle-im-digitalen-wandel.de\/resilienz-check<\/a><\/p>\n\n\n<figure class=\"wp-block-image size-full is-resized\"><img decoding=\"async\" loading=\"lazy\" src=\"https:\/\/alle-im-digitalen-wandel.de\/wp-content\/uploads\/2022\/09\/INQA_b.jpg\" alt=\"\" class=\"wp-image-1533\" width=\"468\" height=\"123\" srcset=\"https:\/\/alle-im-digitalen-wandel.de\/wp-content\/uploads\/2022\/09\/INQA_b.jpg 672w, https:\/\/alle-im-digitalen-wandel.de\/wp-content\/uploads\/2022\/09\/INQA_b-300x79.jpg 300w\" sizes=\"(max-width: 468px) 100vw, 468px\" \/><\/figure>\n\n\n\n<figure class=\"wp-block-image size-full is-resized\"><img decoding=\"async\" loading=\"lazy\" src=\"https:\/\/alle-im-digitalen-wandel.de\/wp-content\/uploads\/2022\/09\/INQA.jpg\" alt=\"\" class=\"wp-image-1532\" width=\"332\" height=\"81\" srcset=\"https:\/\/alle-im-digitalen-wandel.de\/wp-content\/uploads\/2022\/09\/INQA.jpg 581w, https:\/\/alle-im-digitalen-wandel.de\/wp-content\/uploads\/2022\/09\/INQA-300x73.jpg 300w, https:\/\/alle-im-digitalen-wandel.de\/wp-content\/uploads\/2022\/09\/INQA-572x142.jpg 572w\" sizes=\"(max-width: 332px) 100vw, 332px\" \/><\/figure>\n","protected":false},"excerpt":{"rendered":"<p>Dieburg, 07.05.2021 (jr) In der aktuellen Ausgabe der &#8222;Wirtschaftsdialoge&#8220;, des Mitgliedermagazins der Industrie- und Handelskammer Darmstadt Rhein Main Neckar, bildet &#8222;Corona&#8220; den Schwerpunkt. Im Vordergrund steht dabei die organisationale Resilienz und wie sie Unternehmen und ihren Mitarbeitenden hilft, in dieser wie in zuk\u00fcnftigen Krisen zu bestehen. In den Einf\u00fchrungsbeitrag (&#8222;Resilienz:<\/p>\n","protected":false},"author":2,"featured_media":1292,"comment_status":"closed","ping_status":"open","sticky":false,"template":"","format":"standard","meta":{"_themeisle_gutenberg_block_has_review":false},"categories":[45,8],"tags":[91,16],"yoast_head":"<!-- This site is optimized with the Yoast SEO plugin v19.11 - https:\/\/yoast.com\/wordpress\/plugins\/seo\/ -->\n<title>Was f\u00f6rdert Resilienz? Ein kleiner Praxischeck - Alle im digitalen Wandel<\/title>\n<meta name=\"robots\" content=\"index, follow, max-snippet:-1, max-image-preview:large, max-video-preview:-1\" \/>\n<link rel=\"canonical\" href=\"https:\/\/alle-im-digitalen-wandel.de\/home\/was-foerdert-resilienz-ein-kleiner-praxischeck\/\" \/>\n<meta property=\"og:locale\" content=\"de_DE\" \/>\n<meta property=\"og:type\" content=\"article\" \/>\n<meta property=\"og:title\" content=\"Was f\u00f6rdert Resilienz? Ein kleiner Praxischeck - Alle im digitalen Wandel\" \/>\n<meta property=\"og:description\" content=\"Dieburg, 07.05.2021 (jr) In der aktuellen Ausgabe der &#8222;Wirtschaftsdialoge&#8220;, des Mitgliedermagazins der Industrie- und Handelskammer Darmstadt Rhein Main Neckar, bildet &#8222;Corona&#8220; den Schwerpunkt. Im Vordergrund steht dabei die organisationale Resilienz und wie sie Unternehmen und ihren Mitarbeitenden hilft, in dieser wie in zuk\u00fcnftigen Krisen zu bestehen. In den Einf\u00fchrungsbeitrag (&#8222;Resilienz:\" \/>\n<meta property=\"og:url\" content=\"https:\/\/alle-im-digitalen-wandel.de\/home\/was-foerdert-resilienz-ein-kleiner-praxischeck\/\" \/>\n<meta property=\"og:site_name\" content=\"Alle im digitalen Wandel\" \/>\n<meta property=\"article:published_time\" content=\"2021-05-07T09:48:00+00:00\" \/>\n<meta property=\"article:modified_time\" content=\"2023-02-17T12:14:32+00:00\" \/>\n<meta property=\"og:image\" content=\"https:\/\/alle-im-digitalen-wandel.de\/wp-content\/uploads\/2021\/05\/resilienz_202105.jpg\" \/>\n\t<meta property=\"og:image:width\" content=\"728\" \/>\n\t<meta property=\"og:image:height\" content=\"979\" \/>\n\t<meta property=\"og:image:type\" content=\"image\/jpeg\" \/>\n<meta name=\"author\" content=\"Jochen Robes\" \/>\n<meta name=\"twitter:card\" content=\"summary_large_image\" \/>\n<meta name=\"twitter:label1\" content=\"Geschrieben von\" \/>\n\t<meta name=\"twitter:data1\" content=\"Jochen Robes\" \/>\n\t<meta name=\"twitter:label2\" content=\"Gesch\u00e4tzte Lesezeit\" \/>\n\t<meta name=\"twitter:data2\" content=\"2\u00a0Minuten\" \/>\n<script type=\"application\/ld+json\" class=\"yoast-schema-graph\">{\"@context\":\"https:\/\/schema.org\",\"@graph\":[{\"@type\":\"Article\",\"@id\":\"https:\/\/alle-im-digitalen-wandel.de\/home\/was-foerdert-resilienz-ein-kleiner-praxischeck\/#article\",\"isPartOf\":{\"@id\":\"https:\/\/alle-im-digitalen-wandel.de\/home\/was-foerdert-resilienz-ein-kleiner-praxischeck\/\"},\"author\":{\"name\":\"Jochen Robes\",\"@id\":\"https:\/\/alle-im-digitalen-wandel.de\/home\/#\/schema\/person\/3ee9b44a2143d6ac3d4289f9c449db12\"},\"headline\":\"Was f\u00f6rdert Resilienz? Ein kleiner Praxischeck\",\"datePublished\":\"2021-05-07T09:48:00+00:00\",\"dateModified\":\"2023-02-17T12:14:32+00:00\",\"mainEntityOfPage\":{\"@id\":\"https:\/\/alle-im-digitalen-wandel.de\/home\/was-foerdert-resilienz-ein-kleiner-praxischeck\/\"},\"wordCount\":269,\"publisher\":{\"@id\":\"https:\/\/alle-im-digitalen-wandel.de\/home\/#organization\"},\"keywords\":[\"Organisationelle Resilienz\",\"resilienz\"],\"articleSection\":[\"Aktuelles\",\"Resilienz\"],\"inLanguage\":\"de\"},{\"@type\":\"WebPage\",\"@id\":\"https:\/\/alle-im-digitalen-wandel.de\/home\/was-foerdert-resilienz-ein-kleiner-praxischeck\/\",\"url\":\"https:\/\/alle-im-digitalen-wandel.de\/home\/was-foerdert-resilienz-ein-kleiner-praxischeck\/\",\"name\":\"Was f\u00f6rdert Resilienz? Ein kleiner Praxischeck - Alle im digitalen Wandel\",\"isPartOf\":{\"@id\":\"https:\/\/alle-im-digitalen-wandel.de\/home\/#website\"},\"datePublished\":\"2021-05-07T09:48:00+00:00\",\"dateModified\":\"2023-02-17T12:14:32+00:00\",\"breadcrumb\":{\"@id\":\"https:\/\/alle-im-digitalen-wandel.de\/home\/was-foerdert-resilienz-ein-kleiner-praxischeck\/#breadcrumb\"},\"inLanguage\":\"de\",\"potentialAction\":[{\"@type\":\"ReadAction\",\"target\":[\"https:\/\/alle-im-digitalen-wandel.de\/home\/was-foerdert-resilienz-ein-kleiner-praxischeck\/\"]}]},{\"@type\":\"BreadcrumbList\",\"@id\":\"https:\/\/alle-im-digitalen-wandel.de\/home\/was-foerdert-resilienz-ein-kleiner-praxischeck\/#breadcrumb\",\"itemListElement\":[{\"@type\":\"ListItem\",\"position\":1,\"name\":\"Startseite\",\"item\":\"https:\/\/alle-im-digitalen-wandel.de\/home\/\"},{\"@type\":\"ListItem\",\"position\":2,\"name\":\"Was f\u00f6rdert Resilienz? Ein kleiner Praxischeck\"}]},{\"@type\":\"WebSite\",\"@id\":\"https:\/\/alle-im-digitalen-wandel.de\/home\/#website\",\"url\":\"https:\/\/alle-im-digitalen-wandel.de\/home\/\",\"name\":\"Alle im digitalen Wandel\",\"description\":\"Ein Projekt der Hochschule Darmstadt\",\"publisher\":{\"@id\":\"https:\/\/alle-im-digitalen-wandel.de\/home\/#organization\"},\"potentialAction\":[{\"@type\":\"SearchAction\",\"target\":{\"@type\":\"EntryPoint\",\"urlTemplate\":\"https:\/\/alle-im-digitalen-wandel.de\/home\/?s={search_term_string}\"},\"query-input\":\"required name=search_term_string\"}],\"inLanguage\":\"de\"},{\"@type\":\"Organization\",\"@id\":\"https:\/\/alle-im-digitalen-wandel.de\/home\/#organization\",\"name\":\"Alle im digitalen Wandel\",\"url\":\"https:\/\/alle-im-digitalen-wandel.de\/home\/\",\"logo\":{\"@type\":\"ImageObject\",\"inLanguage\":\"de\",\"@id\":\"https:\/\/alle-im-digitalen-wandel.de\/home\/#\/schema\/logo\/image\/\",\"url\":\"https:\/\/alle-im-digitalen-wandel.de\/wp-content\/uploads\/2020\/07\/cropped-Frame21.png\",\"contentUrl\":\"https:\/\/alle-im-digitalen-wandel.de\/wp-content\/uploads\/2020\/07\/cropped-Frame21.png\",\"width\":1786,\"height\":782,\"caption\":\"Alle im digitalen Wandel\"},\"image\":{\"@id\":\"https:\/\/alle-im-digitalen-wandel.de\/home\/#\/schema\/logo\/image\/\"}},{\"@type\":\"Person\",\"@id\":\"https:\/\/alle-im-digitalen-wandel.de\/home\/#\/schema\/person\/3ee9b44a2143d6ac3d4289f9c449db12\",\"name\":\"Jochen Robes\",\"image\":{\"@type\":\"ImageObject\",\"inLanguage\":\"de\",\"@id\":\"https:\/\/alle-im-digitalen-wandel.de\/home\/#\/schema\/person\/image\/\",\"url\":\"https:\/\/secure.gravatar.com\/avatar\/f51e4fe3e2ce1d33851606cfeb63d21d?s=96&d=mm&r=g\",\"contentUrl\":\"https:\/\/secure.gravatar.com\/avatar\/f51e4fe3e2ce1d33851606cfeb63d21d?s=96&d=mm&r=g\",\"caption\":\"Jochen Robes\"},\"sameAs\":[\"http:\/\/www.weiterbildungsblog.de\"],\"url\":\"https:\/\/alle-im-digitalen-wandel.de\/home\/author\/jochen-robes\/\"}]}<\/script>\n<!-- \/ Yoast SEO plugin. -->","yoast_head_json":{"title":"Was f\u00f6rdert Resilienz? Ein kleiner Praxischeck - Alle im digitalen Wandel","robots":{"index":"index","follow":"follow","max-snippet":"max-snippet:-1","max-image-preview":"max-image-preview:large","max-video-preview":"max-video-preview:-1"},"canonical":"https:\/\/alle-im-digitalen-wandel.de\/home\/was-foerdert-resilienz-ein-kleiner-praxischeck\/","og_locale":"de_DE","og_type":"article","og_title":"Was f\u00f6rdert Resilienz? Ein kleiner Praxischeck - Alle im digitalen Wandel","og_description":"Dieburg, 07.05.2021 (jr) In der aktuellen Ausgabe der &#8222;Wirtschaftsdialoge&#8220;, des Mitgliedermagazins der Industrie- und Handelskammer Darmstadt Rhein Main Neckar, bildet &#8222;Corona&#8220; den Schwerpunkt. Im Vordergrund steht dabei die organisationale Resilienz und wie sie Unternehmen und ihren Mitarbeitenden hilft, in dieser wie in zuk\u00fcnftigen Krisen zu bestehen. In den Einf\u00fchrungsbeitrag (&#8222;Resilienz:","og_url":"https:\/\/alle-im-digitalen-wandel.de\/home\/was-foerdert-resilienz-ein-kleiner-praxischeck\/","og_site_name":"Alle im digitalen Wandel","article_published_time":"2021-05-07T09:48:00+00:00","article_modified_time":"2023-02-17T12:14:32+00:00","og_image":[{"width":728,"height":979,"url":"https:\/\/alle-im-digitalen-wandel.de\/wp-content\/uploads\/2021\/05\/resilienz_202105.jpg","type":"image\/jpeg"}],"author":"Jochen Robes","twitter_card":"summary_large_image","twitter_misc":{"Geschrieben von":"Jochen Robes","Gesch\u00e4tzte Lesezeit":"2\u00a0Minuten"},"schema":{"@context":"https:\/\/schema.org","@graph":[{"@type":"Article","@id":"https:\/\/alle-im-digitalen-wandel.de\/home\/was-foerdert-resilienz-ein-kleiner-praxischeck\/#article","isPartOf":{"@id":"https:\/\/alle-im-digitalen-wandel.de\/home\/was-foerdert-resilienz-ein-kleiner-praxischeck\/"},"author":{"name":"Jochen Robes","@id":"https:\/\/alle-im-digitalen-wandel.de\/home\/#\/schema\/person\/3ee9b44a2143d6ac3d4289f9c449db12"},"headline":"Was f\u00f6rdert Resilienz? Ein kleiner Praxischeck","datePublished":"2021-05-07T09:48:00+00:00","dateModified":"2023-02-17T12:14:32+00:00","mainEntityOfPage":{"@id":"https:\/\/alle-im-digitalen-wandel.de\/home\/was-foerdert-resilienz-ein-kleiner-praxischeck\/"},"wordCount":269,"publisher":{"@id":"https:\/\/alle-im-digitalen-wandel.de\/home\/#organization"},"keywords":["Organisationelle Resilienz","resilienz"],"articleSection":["Aktuelles","Resilienz"],"inLanguage":"de"},{"@type":"WebPage","@id":"https:\/\/alle-im-digitalen-wandel.de\/home\/was-foerdert-resilienz-ein-kleiner-praxischeck\/","url":"https:\/\/alle-im-digitalen-wandel.de\/home\/was-foerdert-resilienz-ein-kleiner-praxischeck\/","name":"Was f\u00f6rdert Resilienz? Ein kleiner Praxischeck - Alle im digitalen Wandel","isPartOf":{"@id":"https:\/\/alle-im-digitalen-wandel.de\/home\/#website"},"datePublished":"2021-05-07T09:48:00+00:00","dateModified":"2023-02-17T12:14:32+00:00","breadcrumb":{"@id":"https:\/\/alle-im-digitalen-wandel.de\/home\/was-foerdert-resilienz-ein-kleiner-praxischeck\/#breadcrumb"},"inLanguage":"de","potentialAction":[{"@type":"ReadAction","target":["https:\/\/alle-im-digitalen-wandel.de\/home\/was-foerdert-resilienz-ein-kleiner-praxischeck\/"]}]},{"@type":"BreadcrumbList","@id":"https:\/\/alle-im-digitalen-wandel.de\/home\/was-foerdert-resilienz-ein-kleiner-praxischeck\/#breadcrumb","itemListElement":[{"@type":"ListItem","position":1,"name":"Startseite","item":"https:\/\/alle-im-digitalen-wandel.de\/home\/"},{"@type":"ListItem","position":2,"name":"Was f\u00f6rdert Resilienz? Ein kleiner Praxischeck"}]},{"@type":"WebSite","@id":"https:\/\/alle-im-digitalen-wandel.de\/home\/#website","url":"https:\/\/alle-im-digitalen-wandel.de\/home\/","name":"Alle im digitalen Wandel","description":"Ein Projekt der Hochschule Darmstadt","publisher":{"@id":"https:\/\/alle-im-digitalen-wandel.de\/home\/#organization"},"potentialAction":[{"@type":"SearchAction","target":{"@type":"EntryPoint","urlTemplate":"https:\/\/alle-im-digitalen-wandel.de\/home\/?s={search_term_string}"},"query-input":"required name=search_term_string"}],"inLanguage":"de"},{"@type":"Organization","@id":"https:\/\/alle-im-digitalen-wandel.de\/home\/#organization","name":"Alle im digitalen Wandel","url":"https:\/\/alle-im-digitalen-wandel.de\/home\/","logo":{"@type":"ImageObject","inLanguage":"de","@id":"https:\/\/alle-im-digitalen-wandel.de\/home\/#\/schema\/logo\/image\/","url":"https:\/\/alle-im-digitalen-wandel.de\/wp-content\/uploads\/2020\/07\/cropped-Frame21.png","contentUrl":"https:\/\/alle-im-digitalen-wandel.de\/wp-content\/uploads\/2020\/07\/cropped-Frame21.png","width":1786,"height":782,"caption":"Alle im digitalen Wandel"},"image":{"@id":"https:\/\/alle-im-digitalen-wandel.de\/home\/#\/schema\/logo\/image\/"}},{"@type":"Person","@id":"https:\/\/alle-im-digitalen-wandel.de\/home\/#\/schema\/person\/3ee9b44a2143d6ac3d4289f9c449db12","name":"Jochen Robes","image":{"@type":"ImageObject","inLanguage":"de","@id":"https:\/\/alle-im-digitalen-wandel.de\/home\/#\/schema\/person\/image\/","url":"https:\/\/secure.gravatar.com\/avatar\/f51e4fe3e2ce1d33851606cfeb63d21d?s=96&d=mm&r=g","contentUrl":"https:\/\/secure.gravatar.com\/avatar\/f51e4fe3e2ce1d33851606cfeb63d21d?s=96&d=mm&r=g","caption":"Jochen Robes"},"sameAs":["http:\/\/www.weiterbildungsblog.de"],"url":"https:\/\/alle-im-digitalen-wandel.de\/home\/author\/jochen-robes\/"}]}},"_links":{"self":[{"href":"https:\/\/alle-im-digitalen-wandel.de\/home\/wp-json\/wp\/v2\/posts\/1290"}],"collection":[{"href":"https:\/\/alle-im-digitalen-wandel.de\/home\/wp-json\/wp\/v2\/posts"}],"about":[{"href":"https:\/\/alle-im-digitalen-wandel.de\/home\/wp-json\/wp\/v2\/types\/post"}],"author":[{"embeddable":true,"href":"https:\/\/alle-im-digitalen-wandel.de\/home\/wp-json\/wp\/v2\/users\/2"}],"replies":[{"embeddable":true,"href":"https:\/\/alle-im-digitalen-wandel.de\/home\/wp-json\/wp\/v2\/comments?post=1290"}],"version-history":[{"count":14,"href":"https:\/\/alle-im-digitalen-wandel.de\/home\/wp-json\/wp\/v2\/posts\/1290\/revisions"}],"predecessor-version":[{"id":1536,"href":"https:\/\/alle-im-digitalen-wandel.de\/home\/wp-json\/wp\/v2\/posts\/1290\/revisions\/1536"}],"wp:featuredmedia":[{"embeddable":true,"href":"https:\/\/alle-im-digitalen-wandel.de\/home\/wp-json\/wp\/v2\/media\/1292"}],"wp:attachment":[{"href":"https:\/\/alle-im-digitalen-wandel.de\/home\/wp-json\/wp\/v2\/media?parent=1290"}],"wp:term":[{"taxonomy":"category","embeddable":true,"href":"https:\/\/alle-im-digitalen-wandel.de\/home\/wp-json\/wp\/v2\/categories?post=1290"},{"taxonomy":"post_tag","embeddable":true,"href":"https:\/\/alle-im-digitalen-wandel.de\/home\/wp-json\/wp\/v2\/tags?post=1290"}],"curies":[{"name":"wp","href":"https:\/\/api.w.org\/{rel}","templated":true}]}}