{"id":1256,"date":"2021-03-24T09:34:45","date_gmt":"2021-03-24T08:34:45","guid":{"rendered":"https:\/\/alle-im-digitalen-wandel.de\/home\/?p=1256"},"modified":"2022-09-08T08:56:41","modified_gmt":"2022-09-08T06:56:41","slug":"agile-verwaltung-wie-kommt-der-tanker-in-bewegung-oder-experimentierraum-online-barcamp","status":"publish","type":"post","link":"https:\/\/alle-im-digitalen-wandel.de\/home\/agile-verwaltung-wie-kommt-der-tanker-in-bewegung-oder-experimentierraum-online-barcamp\/","title":{"rendered":"\u201eAgile Verwaltung \u2013 Wie kommt der Tanker in Bewegung?\u201c oder: Experimentierraum \u201eOnline BarCamp\u201c"},"content":{"rendered":"\n<h2>Verwaltung trifft BarCamp<\/h2>\n\n\n<p>Dieburg, 24.03.2021 (jr). Ein BarCamp durchzuf\u00fchren, stand schon l\u00e4nger auf der Agenda der\u00a0Zukunftswerkstatt in der Kreisverwaltung Darmstadt-Dieburg. Doch in Zeiten von Corona m\u00fcssen Ziele und Aufgaben immer wieder an wechselnde Rahmenbedingungen angepasst werden. Also entwickelte die Zukunftswerkstatt zusammen mit dem Projektpartner Hochschule Darmstadt die Idee, mit einem Online-BarCamp erste Erfahrungen zu sammeln. Am 9. M\u00e4rz 2021 war es dann so weit. Hier ein kurzer Prozess- und Erfahrungsbericht.<\/p>\n<hr \/>\n<h4>Startschuss und Einladung<\/h4>\n<p>Die Abstimmungen \u00fcber das geplante Online-BarCamp begannen Anfang Dezember 2020 in kleiner Runde zwischen der Zukunftswerkstatt des Landkreises und der Hochschule Darmstadt. Ein Motto f\u00fcr das BarCamp war schnell gefunden, ein kurzer Einladungstext wurde zusammen aufgesetzt:<\/p>\n<p><em>\u201eWir laden Euch herzlich ein, mit uns das BarCamp \u201eAgile Verwaltung \u2013 Wie kommt der Tanker in Bewegung?\u201c zu gestalten!<\/em><\/p>\n<p><em>Wir, das sind die Zukunftswerkstatt in der Kreisverwaltung Darmstadt-Dieburg und Mitarbeitende der Hochschule Darmstadt aus dem Projekt \u201cALLE im digitalen Wandel\u201d. Die zunehmend digitalisierte Arbeitswelt bringt viele Herausforderungen und Ver\u00e4nderungen mit sich. Die Umsetzung kommt in der Verwaltung eher langsam in Fahrt. Was bringt den \u201cTanker Verwaltung\u201d gut in Bewegung? Welche Erfahrungen gibt es? Was gelingt gut, was l\u00e4sst man besser bleiben? Mit diesem BarCamp m\u00f6chten wir Kontakte kn\u00fcpfen, Erfahrungen austauschen, Netzwerke ausweiten. F\u00fcr den LaDaDi ist es ein erstes BarCamp &#8211; Experiment. Wir freuen uns \u00fcber reges Interesse und sind total gespannt, was wir diskutieren werden.\u201c<\/em><\/p>\n<p>Diese Einladung wurde im Netz publiziert und gezielt in der Kreisverwaltung Darmstadt-Dieburg sowie an einige bekannte Netzwerkpartner und ExpertInnen kommuniziert. Interessierte fanden im Netz eine kurze Vorstellung des Formats \u201eBarCamps\u201c, die \u201e10 Goldenen Regeln f\u00fcr ein gutes BarCamp\u201c (siehe unten), einen Ablaufplan und eine Sessionplanung sowie die Teilnehmerliste. Wer Lust und Zeit hatte, am BarCamp teilzunehmen, konnte sich dort eintragen. Und wer gleich ein Diskussionsthema vorschlagen wollte, konnte es in der Sessionplanung selbst festhalten. Dort war Platz f\u00fcr drei parallele Sessions \u00e1 jeweils 35 Minuten. F\u00fcr jede Session gab es einen eigenen Zoom-Raum. Insgesamt sollte das Online-BarCamp ca. drei Stunden dauern.<\/p>\n<hr \/>\n<h4>Einschub: <strong data-rich-text-format-boundary=\"true\">10 Goldene Regeln f\u00fcr ein gutes BarCamp<\/strong><\/h4>\n<ol>\n<li>Was aus einem BarCamp wird, bestimmen die Teilgeber*innen.<\/li>\n<li>Es muss keinen Input geben, eine Frage reicht.<\/li>\n<li>Formuliere deinen Sessionvorschlag kurz und pr\u00e4zise.<\/li>\n<li>Es kann so viele Sessions geben, wie R\u00e4ume vorhanden sind.<\/li>\n<li>Eine Session kann stattfinden, wenn sie mindestens zwei Personen interessiert.<\/li>\n<li>Eine Person kann mehrere Sessions anbieten.<\/li>\n<li>Nichts auf morgen schieben!<\/li>\n<li>Jede Session wird dokumentiert.<\/li>\n<li>Es ist okay, eine Session mittendrin zu verlassen.<\/li>\n<li>Eine Session dauert nicht l\u00e4nger als 45 Minuten.<\/li>\n<\/ol>\n<p>Aus: J\u00f6ran Muu\u00df-Merholz (2020): Barcamps &amp; Co. Peer to Peer-Methoden f\u00fcr Fortbildungen. Beltz Verlag<\/p>\n<hr \/>\n<h4>Die Teilgebenden: Vernetzung war angesagt<\/h4>\n<p>Bis zum Termin des BarCamps am 9. M\u00e4rz 2021 hatten sich 25 TeilnehmerInnen angemeldet. Die eine oder andere war dann noch kurzfristig verhindert, so dass das Treffen schlie\u00dflich mit 22 Teilgebenden (wie es auf BarCamps so sch\u00f6n hei\u00dft) startete. Und die kamen aus ganz verschiedenen Orten, Bereichen und Projekten: dem Kreis Soest, der FOM Hochschule f\u00fcr Oekonomie &amp; Management aus Essen, der Universit\u00e4t Magdeburg (diese drei Organisationen sind Partner in \u201eExperimentierr\u00e4ume in der agilen Verwaltung (AgilKom)\u201c, einem weiteren INQA-Verbundprojekt), der Stadtverwaltung Heidelberg, \u00a0der Universit\u00e4t Potsdam und nat\u00fcrlich dem Landkreis Darmstadt-Dieburg sowie der Hochschule Darmstadt.<\/p>\n<h4>Ablauf und Themen des Online-BarCamps<\/h4>\n<p>Was passierte nun am 9. M\u00e4rz? Nach einer kurzen Einf\u00fchrung in den Nachmittag bzw. den geplanten Ablauf stellten sich alle TeilnehmerInnen kurz vor: Name, Ort bzw. Organisation sowie die drei bew\u00e4hrten Hashtags, die f\u00fcr Themen und Interessen stehen, an denen man gerade arbeitet. Anschlie\u00dfend wurden die TeilnehmerInnen, die Sessions vorgeschlagen hatten, gebeten, diese noch einmal kurz \u201ein zwei S\u00e4tzen\u201c zu erl\u00e4utern. Anschlie\u00dfend verteilten sich alle in die einzelnen Sessions.<\/p>\n<p>Hier ein \u00dcberblick \u00fcber die Themen, die in sieben Sessions diskutiert wurden:<br \/>&#8211; Alternative Vernetzungsformate in der Stadtverwaltung<br \/>&#8211; Agile Projektarbeit in der Verwaltung. Welche Erfahrungen gibt es und was gilt es zu beachten?<br \/>&#8211; Kultur &#8211; Raum \u2013 Technik. Ein 3Klang, der zusammengeh\u00f6rt?<br \/>&#8211; Was sind Erwartungen an eine Handlungshilfe f\u00fcr agiles Arbeiten in der \u00f6ffentlichen Verwaltung?<br \/>&#8211; St\u00e4rkung von Kommunalverwaltungen durch Vernetzung &#8211; Lernlabor f\u00fcr kollaborative Zusammenarbeit in Hessen<br \/>&#8211; Working Out Loud (WOL) &#8211; Kann man das Wissen-Teilen lernen?<br \/>&#8211; Was macht eine (erfolgreich) lernende Verwaltung aus? Welche Erfahrungen gibt es dazu?<\/p>\n<p>\u00a0<\/p>\n<figure id=\"attachment_1261\" aria-describedby=\"caption-attachment-1261\" style=\"width: 1024px\" class=\"wp-caption aligncenter\"><img decoding=\"async\" loading=\"lazy\" class=\"wp-image-1261 size-large\" src=\"https:\/\/alle-im-digitalen-wandel.de\/wp-content\/uploads\/2021\/03\/Teilnehmer1-1024x600.jpg\" alt=\"\" width=\"1024\" height=\"600\" srcset=\"https:\/\/alle-im-digitalen-wandel.de\/wp-content\/uploads\/2021\/03\/Teilnehmer1-1024x600.jpg 1024w, https:\/\/alle-im-digitalen-wandel.de\/wp-content\/uploads\/2021\/03\/Teilnehmer1-300x176.jpg 300w, https:\/\/alle-im-digitalen-wandel.de\/wp-content\/uploads\/2021\/03\/Teilnehmer1-768x450.jpg 768w, https:\/\/alle-im-digitalen-wandel.de\/wp-content\/uploads\/2021\/03\/Teilnehmer1-1536x900.jpg 1536w, https:\/\/alle-im-digitalen-wandel.de\/wp-content\/uploads\/2021\/03\/Teilnehmer1-2048x1200.jpg 2048w\" sizes=\"(max-width: 1024px) 100vw, 1024px\" \/><figcaption id=\"caption-attachment-1261\" class=\"wp-caption-text\">Abbildung: Screenshot aus der Einf\u00fchrung in das Online-BarCamp<\/figcaption><\/figure>\n<p>Die TeilnehmerInnen w\u00e4hlten je nach pers\u00f6nlichem Interesse frei aus, an welchen Sessions sie teilnahmen. Die Diskussionen, so wurde berichtet, waren durchweg informativ und kurzweilig. Einige TeilnehmerInnen hatten kurze Impulse und Slides mitgebracht, andere stellten einfach ihre Frage vor und luden zum Austausch ein. An mehreren Stellen wurden Verbindungen und Beziehungen gekn\u00fcpft, die im Nachgang fortgef\u00fchrt werden sollten.<\/p>\n<p>Alle waren vom Format begeistert, das den idealen Rahmen f\u00fcr einen informellen Erfahrungsaustausch \u00fcber Verwaltungs- und Projektgrenzen hinaus bietet. Die Einladenden selbst waren \u00fcberrascht, wie leicht und unkompliziert sich ein solches virtuelles Barcamp bei guter Anleitung auf die Beine stellen l\u00e4sst. Eine Fortsetzung, ob im virtuellen Raum oder vor Ort, ist jedenfalls geplant.<\/p>\n\n\n<p><\/p>\n","protected":false},"excerpt":{"rendered":"<p>Dieburg, 24.03.2021 (jr). Ein BarCamp durchzuf\u00fchren, stand schon l\u00e4nger auf der Agenda der\u00a0Zukunftswerkstatt in der Kreisverwaltung Darmstadt-Dieburg. Doch in Zeiten von Corona m\u00fcssen Ziele und Aufgaben immer wieder an wechselnde Rahmenbedingungen angepasst werden. Also entwickelte die Zukunftswerkstatt zusammen mit dem Projektpartner Hochschule Darmstadt die Idee, mit einem Online-BarCamp erste Erfahrungen<\/p>\n","protected":false},"author":2,"featured_media":1258,"comment_status":"closed","ping_status":"open","sticky":false,"template":"","format":"standard","meta":{"_themeisle_gutenberg_block_has_review":false},"categories":[1,63],"tags":[98],"yoast_head":"<!-- This site is optimized with the Yoast SEO plugin v19.11 - https:\/\/yoast.com\/wordpress\/plugins\/seo\/ -->\n<title>\u201eAgile Verwaltung \u2013 Wie kommt der Tanker in Bewegung?\u201c oder: Experimentierraum \u201eOnline BarCamp\u201c - Alle im digitalen Wandel<\/title>\n<meta name=\"robots\" content=\"index, follow, max-snippet:-1, max-image-preview:large, max-video-preview:-1\" \/>\n<link rel=\"canonical\" href=\"https:\/\/alle-im-digitalen-wandel.de\/home\/agile-verwaltung-wie-kommt-der-tanker-in-bewegung-oder-experimentierraum-online-barcamp\/\" \/>\n<meta property=\"og:locale\" content=\"de_DE\" \/>\n<meta property=\"og:type\" content=\"article\" \/>\n<meta property=\"og:title\" content=\"\u201eAgile Verwaltung \u2013 Wie kommt der Tanker in Bewegung?\u201c oder: Experimentierraum \u201eOnline BarCamp\u201c - Alle im digitalen Wandel\" \/>\n<meta property=\"og:description\" content=\"Dieburg, 24.03.2021 (jr). Ein BarCamp durchzuf\u00fchren, stand schon l\u00e4nger auf der Agenda der\u00a0Zukunftswerkstatt in der Kreisverwaltung Darmstadt-Dieburg. Doch in Zeiten von Corona m\u00fcssen Ziele und Aufgaben immer wieder an wechselnde Rahmenbedingungen angepasst werden. Also entwickelte die Zukunftswerkstatt zusammen mit dem Projektpartner Hochschule Darmstadt die Idee, mit einem Online-BarCamp erste Erfahrungen\" \/>\n<meta property=\"og:url\" content=\"https:\/\/alle-im-digitalen-wandel.de\/home\/agile-verwaltung-wie-kommt-der-tanker-in-bewegung-oder-experimentierraum-online-barcamp\/\" \/>\n<meta property=\"og:site_name\" content=\"Alle im digitalen Wandel\" \/>\n<meta property=\"article:published_time\" content=\"2021-03-24T08:34:45+00:00\" \/>\n<meta property=\"article:modified_time\" content=\"2022-09-08T06:56:41+00:00\" \/>\n<meta property=\"og:image\" content=\"https:\/\/alle-im-digitalen-wandel.de\/wp-content\/uploads\/2021\/03\/Teilnehmer.jpg\" \/>\n\t<meta property=\"og:image:width\" content=\"468\" \/>\n\t<meta property=\"og:image:height\" content=\"274\" \/>\n\t<meta property=\"og:image:type\" content=\"image\/jpeg\" \/>\n<meta name=\"author\" content=\"Jochen Robes\" \/>\n<meta name=\"twitter:card\" content=\"summary_large_image\" \/>\n<meta name=\"twitter:label1\" content=\"Geschrieben von\" \/>\n\t<meta name=\"twitter:data1\" content=\"Jochen Robes\" \/>\n\t<meta name=\"twitter:label2\" content=\"Gesch\u00e4tzte Lesezeit\" \/>\n\t<meta name=\"twitter:data2\" content=\"4\u00a0Minuten\" \/>\n<script type=\"application\/ld+json\" class=\"yoast-schema-graph\">{\"@context\":\"https:\/\/schema.org\",\"@graph\":[{\"@type\":\"Article\",\"@id\":\"https:\/\/alle-im-digitalen-wandel.de\/home\/agile-verwaltung-wie-kommt-der-tanker-in-bewegung-oder-experimentierraum-online-barcamp\/#article\",\"isPartOf\":{\"@id\":\"https:\/\/alle-im-digitalen-wandel.de\/home\/agile-verwaltung-wie-kommt-der-tanker-in-bewegung-oder-experimentierraum-online-barcamp\/\"},\"author\":{\"name\":\"Jochen Robes\",\"@id\":\"https:\/\/alle-im-digitalen-wandel.de\/home\/#\/schema\/person\/3ee9b44a2143d6ac3d4289f9c449db12\"},\"headline\":\"\u201eAgile Verwaltung \u2013 Wie kommt der Tanker in Bewegung?\u201c oder: Experimentierraum \u201eOnline BarCamp\u201c\",\"datePublished\":\"2021-03-24T08:34:45+00:00\",\"dateModified\":\"2022-09-08T06:56:41+00:00\",\"mainEntityOfPage\":{\"@id\":\"https:\/\/alle-im-digitalen-wandel.de\/home\/agile-verwaltung-wie-kommt-der-tanker-in-bewegung-oder-experimentierraum-online-barcamp\/\"},\"wordCount\":854,\"publisher\":{\"@id\":\"https:\/\/alle-im-digitalen-wandel.de\/home\/#organization\"},\"keywords\":[\"Barcamp\"],\"articleSection\":{\"1\":\"Experimentierr\u00e4ume\"},\"inLanguage\":\"de\"},{\"@type\":\"WebPage\",\"@id\":\"https:\/\/alle-im-digitalen-wandel.de\/home\/agile-verwaltung-wie-kommt-der-tanker-in-bewegung-oder-experimentierraum-online-barcamp\/\",\"url\":\"https:\/\/alle-im-digitalen-wandel.de\/home\/agile-verwaltung-wie-kommt-der-tanker-in-bewegung-oder-experimentierraum-online-barcamp\/\",\"name\":\"\u201eAgile Verwaltung \u2013 Wie kommt der Tanker in Bewegung?\u201c oder: Experimentierraum \u201eOnline BarCamp\u201c - Alle im digitalen Wandel\",\"isPartOf\":{\"@id\":\"https:\/\/alle-im-digitalen-wandel.de\/home\/#website\"},\"datePublished\":\"2021-03-24T08:34:45+00:00\",\"dateModified\":\"2022-09-08T06:56:41+00:00\",\"breadcrumb\":{\"@id\":\"https:\/\/alle-im-digitalen-wandel.de\/home\/agile-verwaltung-wie-kommt-der-tanker-in-bewegung-oder-experimentierraum-online-barcamp\/#breadcrumb\"},\"inLanguage\":\"de\",\"potentialAction\":[{\"@type\":\"ReadAction\",\"target\":[\"https:\/\/alle-im-digitalen-wandel.de\/home\/agile-verwaltung-wie-kommt-der-tanker-in-bewegung-oder-experimentierraum-online-barcamp\/\"]}]},{\"@type\":\"BreadcrumbList\",\"@id\":\"https:\/\/alle-im-digitalen-wandel.de\/home\/agile-verwaltung-wie-kommt-der-tanker-in-bewegung-oder-experimentierraum-online-barcamp\/#breadcrumb\",\"itemListElement\":[{\"@type\":\"ListItem\",\"position\":1,\"name\":\"Startseite\",\"item\":\"https:\/\/alle-im-digitalen-wandel.de\/home\/\"},{\"@type\":\"ListItem\",\"position\":2,\"name\":\"\u201eAgile Verwaltung \u2013 Wie kommt der Tanker in Bewegung?\u201c oder: Experimentierraum \u201eOnline BarCamp\u201c\"}]},{\"@type\":\"WebSite\",\"@id\":\"https:\/\/alle-im-digitalen-wandel.de\/home\/#website\",\"url\":\"https:\/\/alle-im-digitalen-wandel.de\/home\/\",\"name\":\"Alle im digitalen Wandel\",\"description\":\"Ein Projekt der Hochschule Darmstadt\",\"publisher\":{\"@id\":\"https:\/\/alle-im-digitalen-wandel.de\/home\/#organization\"},\"potentialAction\":[{\"@type\":\"SearchAction\",\"target\":{\"@type\":\"EntryPoint\",\"urlTemplate\":\"https:\/\/alle-im-digitalen-wandel.de\/home\/?s={search_term_string}\"},\"query-input\":\"required name=search_term_string\"}],\"inLanguage\":\"de\"},{\"@type\":\"Organization\",\"@id\":\"https:\/\/alle-im-digitalen-wandel.de\/home\/#organization\",\"name\":\"Alle im digitalen Wandel\",\"url\":\"https:\/\/alle-im-digitalen-wandel.de\/home\/\",\"logo\":{\"@type\":\"ImageObject\",\"inLanguage\":\"de\",\"@id\":\"https:\/\/alle-im-digitalen-wandel.de\/home\/#\/schema\/logo\/image\/\",\"url\":\"https:\/\/alle-im-digitalen-wandel.de\/wp-content\/uploads\/2020\/07\/cropped-Frame21.png\",\"contentUrl\":\"https:\/\/alle-im-digitalen-wandel.de\/wp-content\/uploads\/2020\/07\/cropped-Frame21.png\",\"width\":1786,\"height\":782,\"caption\":\"Alle im digitalen Wandel\"},\"image\":{\"@id\":\"https:\/\/alle-im-digitalen-wandel.de\/home\/#\/schema\/logo\/image\/\"}},{\"@type\":\"Person\",\"@id\":\"https:\/\/alle-im-digitalen-wandel.de\/home\/#\/schema\/person\/3ee9b44a2143d6ac3d4289f9c449db12\",\"name\":\"Jochen Robes\",\"image\":{\"@type\":\"ImageObject\",\"inLanguage\":\"de\",\"@id\":\"https:\/\/alle-im-digitalen-wandel.de\/home\/#\/schema\/person\/image\/\",\"url\":\"https:\/\/secure.gravatar.com\/avatar\/f51e4fe3e2ce1d33851606cfeb63d21d?s=96&d=mm&r=g\",\"contentUrl\":\"https:\/\/secure.gravatar.com\/avatar\/f51e4fe3e2ce1d33851606cfeb63d21d?s=96&d=mm&r=g\",\"caption\":\"Jochen Robes\"},\"sameAs\":[\"http:\/\/www.weiterbildungsblog.de\"],\"url\":\"https:\/\/alle-im-digitalen-wandel.de\/home\/author\/jochen-robes\/\"}]}<\/script>\n<!-- \/ Yoast SEO plugin. -->","yoast_head_json":{"title":"\u201eAgile Verwaltung \u2013 Wie kommt der Tanker in Bewegung?\u201c oder: Experimentierraum \u201eOnline BarCamp\u201c - Alle im digitalen Wandel","robots":{"index":"index","follow":"follow","max-snippet":"max-snippet:-1","max-image-preview":"max-image-preview:large","max-video-preview":"max-video-preview:-1"},"canonical":"https:\/\/alle-im-digitalen-wandel.de\/home\/agile-verwaltung-wie-kommt-der-tanker-in-bewegung-oder-experimentierraum-online-barcamp\/","og_locale":"de_DE","og_type":"article","og_title":"\u201eAgile Verwaltung \u2013 Wie kommt der Tanker in Bewegung?\u201c oder: Experimentierraum \u201eOnline BarCamp\u201c - Alle im digitalen Wandel","og_description":"Dieburg, 24.03.2021 (jr). Ein BarCamp durchzuf\u00fchren, stand schon l\u00e4nger auf der Agenda der\u00a0Zukunftswerkstatt in der Kreisverwaltung Darmstadt-Dieburg. Doch in Zeiten von Corona m\u00fcssen Ziele und Aufgaben immer wieder an wechselnde Rahmenbedingungen angepasst werden. Also entwickelte die Zukunftswerkstatt zusammen mit dem Projektpartner Hochschule Darmstadt die Idee, mit einem Online-BarCamp erste Erfahrungen","og_url":"https:\/\/alle-im-digitalen-wandel.de\/home\/agile-verwaltung-wie-kommt-der-tanker-in-bewegung-oder-experimentierraum-online-barcamp\/","og_site_name":"Alle im digitalen Wandel","article_published_time":"2021-03-24T08:34:45+00:00","article_modified_time":"2022-09-08T06:56:41+00:00","og_image":[{"width":468,"height":274,"url":"https:\/\/alle-im-digitalen-wandel.de\/wp-content\/uploads\/2021\/03\/Teilnehmer.jpg","type":"image\/jpeg"}],"author":"Jochen Robes","twitter_card":"summary_large_image","twitter_misc":{"Geschrieben von":"Jochen Robes","Gesch\u00e4tzte Lesezeit":"4\u00a0Minuten"},"schema":{"@context":"https:\/\/schema.org","@graph":[{"@type":"Article","@id":"https:\/\/alle-im-digitalen-wandel.de\/home\/agile-verwaltung-wie-kommt-der-tanker-in-bewegung-oder-experimentierraum-online-barcamp\/#article","isPartOf":{"@id":"https:\/\/alle-im-digitalen-wandel.de\/home\/agile-verwaltung-wie-kommt-der-tanker-in-bewegung-oder-experimentierraum-online-barcamp\/"},"author":{"name":"Jochen Robes","@id":"https:\/\/alle-im-digitalen-wandel.de\/home\/#\/schema\/person\/3ee9b44a2143d6ac3d4289f9c449db12"},"headline":"\u201eAgile Verwaltung \u2013 Wie kommt der Tanker in Bewegung?\u201c oder: Experimentierraum \u201eOnline BarCamp\u201c","datePublished":"2021-03-24T08:34:45+00:00","dateModified":"2022-09-08T06:56:41+00:00","mainEntityOfPage":{"@id":"https:\/\/alle-im-digitalen-wandel.de\/home\/agile-verwaltung-wie-kommt-der-tanker-in-bewegung-oder-experimentierraum-online-barcamp\/"},"wordCount":854,"publisher":{"@id":"https:\/\/alle-im-digitalen-wandel.de\/home\/#organization"},"keywords":["Barcamp"],"articleSection":{"1":"Experimentierr\u00e4ume"},"inLanguage":"de"},{"@type":"WebPage","@id":"https:\/\/alle-im-digitalen-wandel.de\/home\/agile-verwaltung-wie-kommt-der-tanker-in-bewegung-oder-experimentierraum-online-barcamp\/","url":"https:\/\/alle-im-digitalen-wandel.de\/home\/agile-verwaltung-wie-kommt-der-tanker-in-bewegung-oder-experimentierraum-online-barcamp\/","name":"\u201eAgile Verwaltung \u2013 Wie kommt der Tanker in Bewegung?\u201c oder: Experimentierraum \u201eOnline BarCamp\u201c - Alle im digitalen Wandel","isPartOf":{"@id":"https:\/\/alle-im-digitalen-wandel.de\/home\/#website"},"datePublished":"2021-03-24T08:34:45+00:00","dateModified":"2022-09-08T06:56:41+00:00","breadcrumb":{"@id":"https:\/\/alle-im-digitalen-wandel.de\/home\/agile-verwaltung-wie-kommt-der-tanker-in-bewegung-oder-experimentierraum-online-barcamp\/#breadcrumb"},"inLanguage":"de","potentialAction":[{"@type":"ReadAction","target":["https:\/\/alle-im-digitalen-wandel.de\/home\/agile-verwaltung-wie-kommt-der-tanker-in-bewegung-oder-experimentierraum-online-barcamp\/"]}]},{"@type":"BreadcrumbList","@id":"https:\/\/alle-im-digitalen-wandel.de\/home\/agile-verwaltung-wie-kommt-der-tanker-in-bewegung-oder-experimentierraum-online-barcamp\/#breadcrumb","itemListElement":[{"@type":"ListItem","position":1,"name":"Startseite","item":"https:\/\/alle-im-digitalen-wandel.de\/home\/"},{"@type":"ListItem","position":2,"name":"\u201eAgile Verwaltung \u2013 Wie kommt der Tanker in Bewegung?\u201c oder: Experimentierraum \u201eOnline BarCamp\u201c"}]},{"@type":"WebSite","@id":"https:\/\/alle-im-digitalen-wandel.de\/home\/#website","url":"https:\/\/alle-im-digitalen-wandel.de\/home\/","name":"Alle im digitalen Wandel","description":"Ein Projekt der Hochschule Darmstadt","publisher":{"@id":"https:\/\/alle-im-digitalen-wandel.de\/home\/#organization"},"potentialAction":[{"@type":"SearchAction","target":{"@type":"EntryPoint","urlTemplate":"https:\/\/alle-im-digitalen-wandel.de\/home\/?s={search_term_string}"},"query-input":"required name=search_term_string"}],"inLanguage":"de"},{"@type":"Organization","@id":"https:\/\/alle-im-digitalen-wandel.de\/home\/#organization","name":"Alle im digitalen Wandel","url":"https:\/\/alle-im-digitalen-wandel.de\/home\/","logo":{"@type":"ImageObject","inLanguage":"de","@id":"https:\/\/alle-im-digitalen-wandel.de\/home\/#\/schema\/logo\/image\/","url":"https:\/\/alle-im-digitalen-wandel.de\/wp-content\/uploads\/2020\/07\/cropped-Frame21.png","contentUrl":"https:\/\/alle-im-digitalen-wandel.de\/wp-content\/uploads\/2020\/07\/cropped-Frame21.png","width":1786,"height":782,"caption":"Alle im digitalen Wandel"},"image":{"@id":"https:\/\/alle-im-digitalen-wandel.de\/home\/#\/schema\/logo\/image\/"}},{"@type":"Person","@id":"https:\/\/alle-im-digitalen-wandel.de\/home\/#\/schema\/person\/3ee9b44a2143d6ac3d4289f9c449db12","name":"Jochen Robes","image":{"@type":"ImageObject","inLanguage":"de","@id":"https:\/\/alle-im-digitalen-wandel.de\/home\/#\/schema\/person\/image\/","url":"https:\/\/secure.gravatar.com\/avatar\/f51e4fe3e2ce1d33851606cfeb63d21d?s=96&d=mm&r=g","contentUrl":"https:\/\/secure.gravatar.com\/avatar\/f51e4fe3e2ce1d33851606cfeb63d21d?s=96&d=mm&r=g","caption":"Jochen Robes"},"sameAs":["http:\/\/www.weiterbildungsblog.de"],"url":"https:\/\/alle-im-digitalen-wandel.de\/home\/author\/jochen-robes\/"}]}},"_links":{"self":[{"href":"https:\/\/alle-im-digitalen-wandel.de\/home\/wp-json\/wp\/v2\/posts\/1256"}],"collection":[{"href":"https:\/\/alle-im-digitalen-wandel.de\/home\/wp-json\/wp\/v2\/posts"}],"about":[{"href":"https:\/\/alle-im-digitalen-wandel.de\/home\/wp-json\/wp\/v2\/types\/post"}],"author":[{"embeddable":true,"href":"https:\/\/alle-im-digitalen-wandel.de\/home\/wp-json\/wp\/v2\/users\/2"}],"replies":[{"embeddable":true,"href":"https:\/\/alle-im-digitalen-wandel.de\/home\/wp-json\/wp\/v2\/comments?post=1256"}],"version-history":[{"count":7,"href":"https:\/\/alle-im-digitalen-wandel.de\/home\/wp-json\/wp\/v2\/posts\/1256\/revisions"}],"predecessor-version":[{"id":1310,"href":"https:\/\/alle-im-digitalen-wandel.de\/home\/wp-json\/wp\/v2\/posts\/1256\/revisions\/1310"}],"wp:featuredmedia":[{"embeddable":true,"href":"https:\/\/alle-im-digitalen-wandel.de\/home\/wp-json\/wp\/v2\/media\/1258"}],"wp:attachment":[{"href":"https:\/\/alle-im-digitalen-wandel.de\/home\/wp-json\/wp\/v2\/media?parent=1256"}],"wp:term":[{"taxonomy":"category","embeddable":true,"href":"https:\/\/alle-im-digitalen-wandel.de\/home\/wp-json\/wp\/v2\/categories?post=1256"},{"taxonomy":"post_tag","embeddable":true,"href":"https:\/\/alle-im-digitalen-wandel.de\/home\/wp-json\/wp\/v2\/tags?post=1256"}],"curies":[{"name":"wp","href":"https:\/\/api.w.org\/{rel}","templated":true}]}}