{"id":1225,"date":"2020-11-25T18:52:08","date_gmt":"2020-11-25T17:52:08","guid":{"rendered":"https:\/\/alle-im-digitalen-wandel.de\/home\/?p=1225"},"modified":"2022-09-08T08:56:42","modified_gmt":"2022-09-08T06:56:42","slug":"alle-hoeren-einen-podcast","status":"publish","type":"post","link":"https:\/\/alle-im-digitalen-wandel.de\/home\/alle-hoeren-einen-podcast\/","title":{"rendered":"ALLE h\u00f6ren einen Podcast"},"content":{"rendered":"\n<h2>ALLE in einem Podcast<\/h2>\n\n\n\n<p>Da ist sie also tats\u00e4chlich: unsere aller erste Podcastfolge! Lange haben wir gebastelt, konzipiert, organisiert, geplant und dann schlie\u00dflich umgesetzt. Noch etwas holprig pr\u00e4sentieren wir uns heute, am Setting stehen die n\u00e4chsten Wochen noch einige Verbesserungen an! Aber wer zu lange wartet, verpasst irgendwann einfach anzufangen. Und wir wollen lernen, wachsen, neugierig sein und ausprobieren. <\/p>\n\n\n\n<p>Die Idee zu dem Podcast ist eigentlich schon vor etwa einem Jahr entstanden. Da haben wir uns erstmals \u00fcberlegt, wie sch\u00f6n es w\u00e4re, in regelm\u00e4\u00dfigen Abst\u00e4nden einen kleinen Einblick in unsere Projektarbeit zu geben, in die Entwicklung unserer Projektpartner, in unsere kleinen Erfolge und Herausforderungen. Die Idee ist dann auch bei unseren Projektpartnern sehr gut angekommen, am Ende hat trotz allem im Arbeitsalltag einfach die Zeit gefehlt. <\/p>\n\n\n\n<figure class=\"wp-block-image size-large\"><img decoding=\"async\" loading=\"lazy\" width=\"1024\" height=\"768\" src=\"https:\/\/alle-im-digitalen-wandel.de\/wp-content\/uploads\/2020\/11\/photo-1556761175-129418cb2dfe-1-1024x768.jpeg\" alt=\"\" class=\"wp-image-1235\" srcset=\"https:\/\/alle-im-digitalen-wandel.de\/wp-content\/uploads\/2020\/11\/photo-1556761175-129418cb2dfe-1-1024x768.jpeg 1024w, https:\/\/alle-im-digitalen-wandel.de\/wp-content\/uploads\/2020\/11\/photo-1556761175-129418cb2dfe-1-300x225.jpeg 300w, https:\/\/alle-im-digitalen-wandel.de\/wp-content\/uploads\/2020\/11\/photo-1556761175-129418cb2dfe-1-768x576.jpeg 768w, https:\/\/alle-im-digitalen-wandel.de\/wp-content\/uploads\/2020\/11\/photo-1556761175-129418cb2dfe-1.jpeg 1334w\" sizes=\"(max-width: 1024px) 100vw, 1024px\" \/><\/figure>\n\n\n<p><script class=\"podigee-podcast-player\" src=\"https:\/\/cdn.podigee.com\/podcast-player\/javascripts\/podigee-podcast-player.js\" data-configuration=\"https:\/\/spielraumdigital.podigee.io\/1-neue-episode\/embed?context=external\"><\/script><\/p>\n\n\n<p>Dann kam 2020. Und mit diesem Jahr so viel Ver\u00e4nderung, so viel Wandel, so viel Umstrukturierung, dass wir genauso wie alle Anderen, an vielen Ecken neu planen mussten. Wo zeitlich gesehen Platz geworden ist, haben wir den Podcast direkt auf unsere Priorit\u00e4tenliste gesetzt und einige Monate sp\u00e4ter ist es jetzt endlich soweit!<\/p>\n\n\n\n<p>In unserer Er\u00f6ffnungsfolge besch\u00e4ftigen wir uns mit einem Veranstaltungsformat, dass sich in den letzten Monaten immer gr\u00f6\u00dferer Beliebtheit erfreut. Auch an unserem Campus in Dieburg gibt es einmal im Jahr eine Veranstaltung dieser besonderen Art. Die Rede ist von nat\u00fcrlich von Barcamps. Und die haben mit Blick auf die digitale Transformation 2020 einen ganz sch\u00f6nen Wandel durchgemacht. <\/p>\n\n\n\n<h4>Im Interview: Prof. Pia Sue Helferich und Prof. Thomas Pleil<\/h4>\n\n\n\n<p>Zu Gast sind bei uns in dieser Folge <a href=\"https:\/\/alle-im-digitalen-wandel.de\/home\/team\">Professorin Pia Sue Helferich<\/a> und <a href=\"https:\/\/alle-im-digitalen-wandel.de\/home\/team\">Professor Thomas Pleil.<\/a> Beide unterrichten im Studiengang Online-Kommunikation, sie leiten das Kompetenzzentrum Mittelstand 4.0 am Campus in Dieburg und organisieren einmal j\u00e4hrlich das Content Strategy Camp kurz <a href=\"https:\/\/www.kompetenzzentrum-kommunikation.de\/veranstaltungen\/cosca20-4310\/\">Cosca<\/a>. <\/p>\n\n\n\n<p>In unserem Interview wollen wir von den Barcamp-Expert*innen wissen, was f\u00fcr die Beiden Barcamps zu einem so besonderen Veranstaltungsformat macht, wie das Cosca eigentlich entstanden ist und vor welchen Herausforderungen Sie 2020 bei der Organisation standen. Au\u00dferdem erz\u00e4hlen Sie uns etwas dar\u00fcber, wie auch Unternehmen Barcamps als interne Veranstaltung f\u00fcr sich nutzen k\u00f6nnen!<\/p>\n\n\n\n<p>Es wird spannend!  <\/p>\n","protected":false},"excerpt":{"rendered":"<p>ALLE in einem Podcast Da ist sie also tats\u00e4chlich: unsere aller erste Podcastfolge! Lange haben wir gebastelt, konzipiert, organisiert, geplant und dann schlie\u00dflich umgesetzt. Noch etwas holprig pr\u00e4sentieren wir uns heute, am Setting stehen die n\u00e4chsten Wochen noch einige Verbesserungen an! Aber wer zu lange wartet, verpasst irgendwann einfach anzufangen.<\/p>\n","protected":false},"author":8,"featured_media":1229,"comment_status":"closed","ping_status":"open","sticky":false,"template":"","format":"standard","meta":{"_themeisle_gutenberg_block_has_review":false},"categories":[1,62],"tags":[101,100,98,99,81,15,68,97],"yoast_head":"<!-- This site is optimized with the Yoast SEO plugin v19.11 - https:\/\/yoast.com\/wordpress\/plugins\/seo\/ -->\n<title>ALLE h\u00f6ren einen Podcast - Alle im digitalen Wandel<\/title>\n<meta name=\"description\" content=\"Da ist er also: unsere Podcast! Frisch, experimentell und immer am Puls der Zeit: bei uns dreht sich n\u00e4mlich alles um den digitalen Wandel.\" \/>\n<meta name=\"robots\" content=\"index, follow, max-snippet:-1, max-image-preview:large, max-video-preview:-1\" \/>\n<link rel=\"canonical\" href=\"https:\/\/alle-im-digitalen-wandel.de\/home\/alle-hoeren-einen-podcast\/\" \/>\n<meta property=\"og:locale\" content=\"de_DE\" \/>\n<meta property=\"og:type\" content=\"article\" \/>\n<meta property=\"og:title\" content=\"ALLE h\u00f6ren einen Podcast - Alle im digitalen Wandel\" \/>\n<meta property=\"og:description\" content=\"Da ist er also: unsere Podcast! Frisch, experimentell und immer am Puls der Zeit: bei uns dreht sich n\u00e4mlich alles um den digitalen Wandel.\" \/>\n<meta property=\"og:url\" content=\"https:\/\/alle-im-digitalen-wandel.de\/home\/alle-hoeren-einen-podcast\/\" \/>\n<meta property=\"og:site_name\" content=\"Alle im digitalen Wandel\" \/>\n<meta property=\"article:published_time\" content=\"2020-11-25T17:52:08+00:00\" \/>\n<meta property=\"article:modified_time\" content=\"2022-09-08T06:56:42+00:00\" \/>\n<meta property=\"og:image\" content=\"https:\/\/alle-im-digitalen-wandel.de\/wp-content\/uploads\/2020\/11\/photo-1556761175-129418cb2dfe.jpeg\" \/>\n\t<meta property=\"og:image:width\" content=\"1334\" \/>\n\t<meta property=\"og:image:height\" content=\"1000\" \/>\n\t<meta property=\"og:image:type\" content=\"image\/jpeg\" \/>\n<meta name=\"author\" content=\"Hannah Sch\u00fcrr\" \/>\n<meta name=\"twitter:card\" content=\"summary_large_image\" \/>\n<meta name=\"twitter:label1\" content=\"Geschrieben von\" \/>\n\t<meta name=\"twitter:data1\" content=\"Hannah Sch\u00fcrr\" \/>\n\t<meta name=\"twitter:label2\" content=\"Gesch\u00e4tzte Lesezeit\" \/>\n\t<meta name=\"twitter:data2\" content=\"2\u00a0Minuten\" \/>\n<script type=\"application\/ld+json\" class=\"yoast-schema-graph\">{\"@context\":\"https:\/\/schema.org\",\"@graph\":[{\"@type\":\"Article\",\"@id\":\"https:\/\/alle-im-digitalen-wandel.de\/home\/alle-hoeren-einen-podcast\/#article\",\"isPartOf\":{\"@id\":\"https:\/\/alle-im-digitalen-wandel.de\/home\/alle-hoeren-einen-podcast\/\"},\"author\":{\"name\":\"Hannah Sch\u00fcrr\",\"@id\":\"https:\/\/alle-im-digitalen-wandel.de\/home\/#\/schema\/person\/3d7f64faef3a377db5c4ae38b6826b46\"},\"headline\":\"ALLE h\u00f6ren einen Podcast\",\"datePublished\":\"2020-11-25T17:52:08+00:00\",\"dateModified\":\"2022-09-08T06:56:42+00:00\",\"mainEntityOfPage\":{\"@id\":\"https:\/\/alle-im-digitalen-wandel.de\/home\/alle-hoeren-einen-podcast\/\"},\"wordCount\":367,\"publisher\":{\"@id\":\"https:\/\/alle-im-digitalen-wandel.de\/home\/#organization\"},\"keywords\":[\"ALLE im digitalen Wandel\",\"Arbeitswelt 4.0\",\"Barcamp\",\"Digitale Transformation\",\"Digitaler Wandel\",\"digitalisierung\",\"Experimentierraum\",\"Podcast\"],\"articleSection\":{\"1\":\"Podcast\"},\"inLanguage\":\"de\"},{\"@type\":\"WebPage\",\"@id\":\"https:\/\/alle-im-digitalen-wandel.de\/home\/alle-hoeren-einen-podcast\/\",\"url\":\"https:\/\/alle-im-digitalen-wandel.de\/home\/alle-hoeren-einen-podcast\/\",\"name\":\"ALLE h\u00f6ren einen Podcast - Alle im digitalen Wandel\",\"isPartOf\":{\"@id\":\"https:\/\/alle-im-digitalen-wandel.de\/home\/#website\"},\"datePublished\":\"2020-11-25T17:52:08+00:00\",\"dateModified\":\"2022-09-08T06:56:42+00:00\",\"description\":\"Da ist er also: unsere Podcast! Frisch, experimentell und immer am Puls der Zeit: bei uns dreht sich n\u00e4mlich alles um den digitalen Wandel.\",\"breadcrumb\":{\"@id\":\"https:\/\/alle-im-digitalen-wandel.de\/home\/alle-hoeren-einen-podcast\/#breadcrumb\"},\"inLanguage\":\"de\",\"potentialAction\":[{\"@type\":\"ReadAction\",\"target\":[\"https:\/\/alle-im-digitalen-wandel.de\/home\/alle-hoeren-einen-podcast\/\"]}]},{\"@type\":\"BreadcrumbList\",\"@id\":\"https:\/\/alle-im-digitalen-wandel.de\/home\/alle-hoeren-einen-podcast\/#breadcrumb\",\"itemListElement\":[{\"@type\":\"ListItem\",\"position\":1,\"name\":\"Startseite\",\"item\":\"https:\/\/alle-im-digitalen-wandel.de\/home\/\"},{\"@type\":\"ListItem\",\"position\":2,\"name\":\"ALLE h\u00f6ren einen Podcast\"}]},{\"@type\":\"WebSite\",\"@id\":\"https:\/\/alle-im-digitalen-wandel.de\/home\/#website\",\"url\":\"https:\/\/alle-im-digitalen-wandel.de\/home\/\",\"name\":\"Alle im digitalen Wandel\",\"description\":\"Ein Projekt der Hochschule Darmstadt\",\"publisher\":{\"@id\":\"https:\/\/alle-im-digitalen-wandel.de\/home\/#organization\"},\"potentialAction\":[{\"@type\":\"SearchAction\",\"target\":{\"@type\":\"EntryPoint\",\"urlTemplate\":\"https:\/\/alle-im-digitalen-wandel.de\/home\/?s={search_term_string}\"},\"query-input\":\"required name=search_term_string\"}],\"inLanguage\":\"de\"},{\"@type\":\"Organization\",\"@id\":\"https:\/\/alle-im-digitalen-wandel.de\/home\/#organization\",\"name\":\"Alle im digitalen Wandel\",\"url\":\"https:\/\/alle-im-digitalen-wandel.de\/home\/\",\"logo\":{\"@type\":\"ImageObject\",\"inLanguage\":\"de\",\"@id\":\"https:\/\/alle-im-digitalen-wandel.de\/home\/#\/schema\/logo\/image\/\",\"url\":\"https:\/\/alle-im-digitalen-wandel.de\/wp-content\/uploads\/2020\/07\/cropped-Frame21.png\",\"contentUrl\":\"https:\/\/alle-im-digitalen-wandel.de\/wp-content\/uploads\/2020\/07\/cropped-Frame21.png\",\"width\":1786,\"height\":782,\"caption\":\"Alle im digitalen Wandel\"},\"image\":{\"@id\":\"https:\/\/alle-im-digitalen-wandel.de\/home\/#\/schema\/logo\/image\/\"}},{\"@type\":\"Person\",\"@id\":\"https:\/\/alle-im-digitalen-wandel.de\/home\/#\/schema\/person\/3d7f64faef3a377db5c4ae38b6826b46\",\"name\":\"Hannah Sch\u00fcrr\",\"image\":{\"@type\":\"ImageObject\",\"inLanguage\":\"de\",\"@id\":\"https:\/\/alle-im-digitalen-wandel.de\/home\/#\/schema\/person\/image\/\",\"url\":\"https:\/\/secure.gravatar.com\/avatar\/105003cd460c39b8aa14ea5776f3d7b3?s=96&d=mm&r=g\",\"contentUrl\":\"https:\/\/secure.gravatar.com\/avatar\/105003cd460c39b8aa14ea5776f3d7b3?s=96&d=mm&r=g\",\"caption\":\"Hannah Sch\u00fcrr\"},\"url\":\"https:\/\/alle-im-digitalen-wandel.de\/home\/author\/hannah-schuerr\/\"}]}<\/script>\n<!-- \/ Yoast SEO plugin. -->","yoast_head_json":{"title":"ALLE h\u00f6ren einen Podcast - Alle im digitalen Wandel","description":"Da ist er also: unsere Podcast! Frisch, experimentell und immer am Puls der Zeit: bei uns dreht sich n\u00e4mlich alles um den digitalen Wandel.","robots":{"index":"index","follow":"follow","max-snippet":"max-snippet:-1","max-image-preview":"max-image-preview:large","max-video-preview":"max-video-preview:-1"},"canonical":"https:\/\/alle-im-digitalen-wandel.de\/home\/alle-hoeren-einen-podcast\/","og_locale":"de_DE","og_type":"article","og_title":"ALLE h\u00f6ren einen Podcast - Alle im digitalen Wandel","og_description":"Da ist er also: unsere Podcast! Frisch, experimentell und immer am Puls der Zeit: bei uns dreht sich n\u00e4mlich alles um den digitalen Wandel.","og_url":"https:\/\/alle-im-digitalen-wandel.de\/home\/alle-hoeren-einen-podcast\/","og_site_name":"Alle im digitalen Wandel","article_published_time":"2020-11-25T17:52:08+00:00","article_modified_time":"2022-09-08T06:56:42+00:00","og_image":[{"width":1334,"height":1000,"url":"https:\/\/alle-im-digitalen-wandel.de\/wp-content\/uploads\/2020\/11\/photo-1556761175-129418cb2dfe.jpeg","type":"image\/jpeg"}],"author":"Hannah Sch\u00fcrr","twitter_card":"summary_large_image","twitter_misc":{"Geschrieben von":"Hannah Sch\u00fcrr","Gesch\u00e4tzte Lesezeit":"2\u00a0Minuten"},"schema":{"@context":"https:\/\/schema.org","@graph":[{"@type":"Article","@id":"https:\/\/alle-im-digitalen-wandel.de\/home\/alle-hoeren-einen-podcast\/#article","isPartOf":{"@id":"https:\/\/alle-im-digitalen-wandel.de\/home\/alle-hoeren-einen-podcast\/"},"author":{"name":"Hannah Sch\u00fcrr","@id":"https:\/\/alle-im-digitalen-wandel.de\/home\/#\/schema\/person\/3d7f64faef3a377db5c4ae38b6826b46"},"headline":"ALLE h\u00f6ren einen Podcast","datePublished":"2020-11-25T17:52:08+00:00","dateModified":"2022-09-08T06:56:42+00:00","mainEntityOfPage":{"@id":"https:\/\/alle-im-digitalen-wandel.de\/home\/alle-hoeren-einen-podcast\/"},"wordCount":367,"publisher":{"@id":"https:\/\/alle-im-digitalen-wandel.de\/home\/#organization"},"keywords":["ALLE im digitalen Wandel","Arbeitswelt 4.0","Barcamp","Digitale Transformation","Digitaler Wandel","digitalisierung","Experimentierraum","Podcast"],"articleSection":{"1":"Podcast"},"inLanguage":"de"},{"@type":"WebPage","@id":"https:\/\/alle-im-digitalen-wandel.de\/home\/alle-hoeren-einen-podcast\/","url":"https:\/\/alle-im-digitalen-wandel.de\/home\/alle-hoeren-einen-podcast\/","name":"ALLE h\u00f6ren einen Podcast - Alle im digitalen Wandel","isPartOf":{"@id":"https:\/\/alle-im-digitalen-wandel.de\/home\/#website"},"datePublished":"2020-11-25T17:52:08+00:00","dateModified":"2022-09-08T06:56:42+00:00","description":"Da ist er also: unsere Podcast! Frisch, experimentell und immer am Puls der Zeit: bei uns dreht sich n\u00e4mlich alles um den digitalen Wandel.","breadcrumb":{"@id":"https:\/\/alle-im-digitalen-wandel.de\/home\/alle-hoeren-einen-podcast\/#breadcrumb"},"inLanguage":"de","potentialAction":[{"@type":"ReadAction","target":["https:\/\/alle-im-digitalen-wandel.de\/home\/alle-hoeren-einen-podcast\/"]}]},{"@type":"BreadcrumbList","@id":"https:\/\/alle-im-digitalen-wandel.de\/home\/alle-hoeren-einen-podcast\/#breadcrumb","itemListElement":[{"@type":"ListItem","position":1,"name":"Startseite","item":"https:\/\/alle-im-digitalen-wandel.de\/home\/"},{"@type":"ListItem","position":2,"name":"ALLE h\u00f6ren einen Podcast"}]},{"@type":"WebSite","@id":"https:\/\/alle-im-digitalen-wandel.de\/home\/#website","url":"https:\/\/alle-im-digitalen-wandel.de\/home\/","name":"Alle im digitalen Wandel","description":"Ein Projekt der Hochschule Darmstadt","publisher":{"@id":"https:\/\/alle-im-digitalen-wandel.de\/home\/#organization"},"potentialAction":[{"@type":"SearchAction","target":{"@type":"EntryPoint","urlTemplate":"https:\/\/alle-im-digitalen-wandel.de\/home\/?s={search_term_string}"},"query-input":"required name=search_term_string"}],"inLanguage":"de"},{"@type":"Organization","@id":"https:\/\/alle-im-digitalen-wandel.de\/home\/#organization","name":"Alle im digitalen Wandel","url":"https:\/\/alle-im-digitalen-wandel.de\/home\/","logo":{"@type":"ImageObject","inLanguage":"de","@id":"https:\/\/alle-im-digitalen-wandel.de\/home\/#\/schema\/logo\/image\/","url":"https:\/\/alle-im-digitalen-wandel.de\/wp-content\/uploads\/2020\/07\/cropped-Frame21.png","contentUrl":"https:\/\/alle-im-digitalen-wandel.de\/wp-content\/uploads\/2020\/07\/cropped-Frame21.png","width":1786,"height":782,"caption":"Alle im digitalen Wandel"},"image":{"@id":"https:\/\/alle-im-digitalen-wandel.de\/home\/#\/schema\/logo\/image\/"}},{"@type":"Person","@id":"https:\/\/alle-im-digitalen-wandel.de\/home\/#\/schema\/person\/3d7f64faef3a377db5c4ae38b6826b46","name":"Hannah Sch\u00fcrr","image":{"@type":"ImageObject","inLanguage":"de","@id":"https:\/\/alle-im-digitalen-wandel.de\/home\/#\/schema\/person\/image\/","url":"https:\/\/secure.gravatar.com\/avatar\/105003cd460c39b8aa14ea5776f3d7b3?s=96&d=mm&r=g","contentUrl":"https:\/\/secure.gravatar.com\/avatar\/105003cd460c39b8aa14ea5776f3d7b3?s=96&d=mm&r=g","caption":"Hannah Sch\u00fcrr"},"url":"https:\/\/alle-im-digitalen-wandel.de\/home\/author\/hannah-schuerr\/"}]}},"_links":{"self":[{"href":"https:\/\/alle-im-digitalen-wandel.de\/home\/wp-json\/wp\/v2\/posts\/1225"}],"collection":[{"href":"https:\/\/alle-im-digitalen-wandel.de\/home\/wp-json\/wp\/v2\/posts"}],"about":[{"href":"https:\/\/alle-im-digitalen-wandel.de\/home\/wp-json\/wp\/v2\/types\/post"}],"author":[{"embeddable":true,"href":"https:\/\/alle-im-digitalen-wandel.de\/home\/wp-json\/wp\/v2\/users\/8"}],"replies":[{"embeddable":true,"href":"https:\/\/alle-im-digitalen-wandel.de\/home\/wp-json\/wp\/v2\/comments?post=1225"}],"version-history":[{"count":11,"href":"https:\/\/alle-im-digitalen-wandel.de\/home\/wp-json\/wp\/v2\/posts\/1225\/revisions"}],"predecessor-version":[{"id":1245,"href":"https:\/\/alle-im-digitalen-wandel.de\/home\/wp-json\/wp\/v2\/posts\/1225\/revisions\/1245"}],"wp:featuredmedia":[{"embeddable":true,"href":"https:\/\/alle-im-digitalen-wandel.de\/home\/wp-json\/wp\/v2\/media\/1229"}],"wp:attachment":[{"href":"https:\/\/alle-im-digitalen-wandel.de\/home\/wp-json\/wp\/v2\/media?parent=1225"}],"wp:term":[{"taxonomy":"category","embeddable":true,"href":"https:\/\/alle-im-digitalen-wandel.de\/home\/wp-json\/wp\/v2\/categories?post=1225"},{"taxonomy":"post_tag","embeddable":true,"href":"https:\/\/alle-im-digitalen-wandel.de\/home\/wp-json\/wp\/v2\/tags?post=1225"}],"curies":[{"name":"wp","href":"https:\/\/api.w.org\/{rel}","templated":true}]}}