{"id":1200,"date":"2020-10-20T19:17:04","date_gmt":"2020-10-20T17:17:04","guid":{"rendered":"https:\/\/alle-im-digitalen-wandel.de\/home\/?p=1200"},"modified":"2022-09-08T08:56:42","modified_gmt":"2022-09-08T06:56:42","slug":"krisen-sollte-man-nutzen-die-bedeutung-der-organisationalen-resilienz","status":"publish","type":"post","link":"https:\/\/alle-im-digitalen-wandel.de\/home\/krisen-sollte-man-nutzen-die-bedeutung-der-organisationalen-resilienz\/","title":{"rendered":"Krisen sollte man nutzen! \u2013 Die Bedeutung der organisationalen Resilienz"},"content":{"rendered":"\n<h2>Krisen sollte man nutzen! \u2013 Die Bedeutung der organisationalen Resilienz<\/h2>\n\n\n\n<p>Der Begriff &#8222;Resilienz&#8220; stammt urspr\u00fcnglich aus der Werkstoffkunde und beschreibt die Eigenschaft eines Stoffes, sich nach einer Verformung durch \u00e4u\u00dfere Einwirkung wieder in seinen Ursprungszustand zur\u00fcck zu bilden. Die Ingenieurswissenschaften sprechen von resilienten Anlagen, wenn es eingebaute Redundanzen und zus\u00e4tzliche Reserven gibt, die in der Lage sind, technische Defekte oder Ausf\u00e4lle zu \u00fcberbr\u00fccken und \u201edas System am Laufen zu halten\u201c. <\/p>\n\n\n\n<p>In der Psychologie wird der Begriff ganz in diesem Sinne zun\u00e4chst als Widerstandsf\u00e4higkeit und Robustheit beschreiben. Dies ist zudem aber mit einer hohen Flexibilit\u00e4t und Agilit\u00e4t kombiniert \u2013 und besonders wichtig: Mit der F\u00e4higkeit sich neu zu erfinden! Ein resilienter Mensch kann sich an Situationen schnell anpassen, kann Krisen ohne andauernde Beeintr\u00e4chtigungen \u00fcberstehen und findet die Ressourcen und die Kraft f\u00fcr Ver\u00e4nderungen und Neuerungen. <\/p>\n\n\n\n<h3>Resilienz in der modernen Betriebswirtschaft<\/h3>\n\n\n\n<p>In der modernen Betriebswirtschaftslehre schlie\u00dflich gilt Resilienz als Grundlage f\u00fcr Robustheit und Agilit\u00e4t gleicherma\u00dfen. Wir sprechen von einer \u201einneren Qualit\u00e4t\u201c der Organisation. Resilienz bildet die Basis der unternehmerischen Innovationskraft und gilt als notwendige Voraussetzung f\u00fcr die Evolutionsf\u00e4higkeit von Organisationen.<\/p>\n\n\n\n<div class=\"is-layout-flex wp-container-3 wp-block-columns\">\n<div class=\"is-layout-flow wp-block-column\">\n<p>Das Konzept der Resilienz l\u00e4sst sich grunds\u00e4tzlich auf alle Systeme \u00fcbertragen. Man unterscheidet dabei in drei Dimensionen der Resilienz. Ein Unternehmen kann auf eine Krise zum Beispiel mit Resistenz (1) reagieren und dem Druck und der Belastung standhalten. Alleine f\u00fchrt dies allerdings dazu, dass das Leis-tungsniveau nachher dauerhaft niedriger bleibt. Erst \u00fcber eine gute Regeneration (2) findet das Unternehmen zu seinem urspr\u00fcnglichen Leistungsniveau und Entwicklungspfad zur\u00fcck.<\/p>\n<\/div>\n\n\n\n<div class=\"is-layout-flow wp-block-column\">\n<figure class=\"wp-block-image size-large\"><img decoding=\"async\" loading=\"lazy\" width=\"908\" height=\"376\" src=\"https:\/\/alle-im-digitalen-wandel.de\/wp-content\/uploads\/2020\/10\/Resilienzbild.png\" alt=\"\" class=\"wp-image-1216\" srcset=\"https:\/\/alle-im-digitalen-wandel.de\/wp-content\/uploads\/2020\/10\/Resilienzbild.png 908w, https:\/\/alle-im-digitalen-wandel.de\/wp-content\/uploads\/2020\/10\/Resilienzbild-300x124.png 300w, https:\/\/alle-im-digitalen-wandel.de\/wp-content\/uploads\/2020\/10\/Resilienzbild-768x318.png 768w\" sizes=\"(max-width: 908px) 100vw, 908px\" \/><\/figure>\n<\/div>\n<\/div>\n\n\n\n<p>Ein resilientes Unternehmen kann auf eine Krise oder eine starke Ver\u00e4nde-rung aber auch mutig und aktiv gestaltend reagieren. Durch ein schnelles und flexibles Anpassen und Eingehen auf die neuen Gegebenheiten kommt es dann zur Rekonfiguration (3). Es werden bewusst neue Wege beschritten, neue Produkte und Services sowie Prozesse und Gesch\u00e4ftsmodelle entstehen und liefern das Potential zu einer dauerhaften Steigerung des Leistungsniveaus.<\/p>\n\n\n\n<p>Aufgrund der COVID-19 Pandemie bietet sich der aktuelle Zeitpunkt f\u00fcr weiterf\u00fchrende Analysen an, da sich w\u00e4hrend oder nach einer Krise die jeweilige Auspr\u00e4gung der Resilienz besonders klar abzeichnet und in solchen Zeiten die Chancen f\u00fcr eine mutige und gestalterische Reaktion auf die Ver\u00e4nderungen besonders ausgepr\u00e4gt sind. Im Rahmen des Experimentierraumprojektes werden wir die solche weiterf\u00fchrende Analyse gemeinsam mit unseren Partnerunternehmen durchf\u00fchren.<\/p>\n","protected":false},"excerpt":{"rendered":"<p>Krisen sollte man nutzen! \u2013 Die Bedeutung der organisationalen Resilienz Der Begriff &#8222;Resilienz&#8220; stammt urspr\u00fcnglich aus der Werkstoffkunde und beschreibt die Eigenschaft eines Stoffes, sich nach einer Verformung durch \u00e4u\u00dfere Einwirkung wieder in seinen Ursprungszustand zur\u00fcck zu bilden. Die Ingenieurswissenschaften sprechen von resilienten Anlagen, wenn es eingebaute Redundanzen und zus\u00e4tzliche<\/p>\n","protected":false},"author":8,"featured_media":1221,"comment_status":"closed","ping_status":"open","sticky":false,"template":"","format":"standard","meta":{"_themeisle_gutenberg_block_has_review":false},"categories":[45,1,11,8],"tags":[92,94,93,95,91,16,96],"yoast_head":"<!-- This site is optimized with the Yoast SEO plugin v19.11 - https:\/\/yoast.com\/wordpress\/plugins\/seo\/ -->\n<title>Krisen sollte man nutzen! \u2013 Die Bedeutung der organisationalen Resilienz - Alle im digitalen Wandel<\/title>\n<meta name=\"description\" content=\"Resiliente Unternehmen gehen aus Krisen gest\u00e4rkt und ver\u00e4ndert hervor. Eine Eigenschaft, die gerade in diesen unsicheren Zeiten wertvoll ist.\" \/>\n<meta name=\"robots\" content=\"index, follow, max-snippet:-1, max-image-preview:large, max-video-preview:-1\" \/>\n<link rel=\"canonical\" href=\"https:\/\/alle-im-digitalen-wandel.de\/home\/krisen-sollte-man-nutzen-die-bedeutung-der-organisationalen-resilienz\/\" \/>\n<meta property=\"og:locale\" content=\"de_DE\" \/>\n<meta property=\"og:type\" content=\"article\" \/>\n<meta property=\"og:title\" content=\"Krisen sollte man nutzen! \u2013 Die Bedeutung der organisationalen Resilienz - Alle im digitalen Wandel\" \/>\n<meta property=\"og:description\" content=\"Resiliente Unternehmen gehen aus Krisen gest\u00e4rkt und ver\u00e4ndert hervor. Eine Eigenschaft, die gerade in diesen unsicheren Zeiten wertvoll ist.\" \/>\n<meta property=\"og:url\" content=\"https:\/\/alle-im-digitalen-wandel.de\/home\/krisen-sollte-man-nutzen-die-bedeutung-der-organisationalen-resilienz\/\" \/>\n<meta property=\"og:site_name\" content=\"Alle im digitalen Wandel\" \/>\n<meta property=\"article:published_time\" content=\"2020-10-20T17:17:04+00:00\" \/>\n<meta property=\"article:modified_time\" content=\"2022-09-08T06:56:42+00:00\" \/>\n<meta property=\"og:image\" content=\"https:\/\/alle-im-digitalen-wandel.de\/wp-content\/uploads\/2020\/10\/photo-1516472944114-b81af6986ded.jpeg\" \/>\n\t<meta property=\"og:image:width\" content=\"900\" \/>\n\t<meta property=\"og:image:height\" content=\"467\" \/>\n\t<meta property=\"og:image:type\" content=\"image\/jpeg\" \/>\n<meta name=\"author\" content=\"Hannah Sch\u00fcrr\" \/>\n<meta name=\"twitter:card\" content=\"summary_large_image\" \/>\n<meta name=\"twitter:label1\" content=\"Geschrieben von\" \/>\n\t<meta name=\"twitter:data1\" content=\"Hannah Sch\u00fcrr\" \/>\n\t<meta name=\"twitter:label2\" content=\"Gesch\u00e4tzte Lesezeit\" \/>\n\t<meta name=\"twitter:data2\" content=\"2\u00a0Minuten\" \/>\n<script type=\"application\/ld+json\" class=\"yoast-schema-graph\">{\"@context\":\"https:\/\/schema.org\",\"@graph\":[{\"@type\":\"Article\",\"@id\":\"https:\/\/alle-im-digitalen-wandel.de\/home\/krisen-sollte-man-nutzen-die-bedeutung-der-organisationalen-resilienz\/#article\",\"isPartOf\":{\"@id\":\"https:\/\/alle-im-digitalen-wandel.de\/home\/krisen-sollte-man-nutzen-die-bedeutung-der-organisationalen-resilienz\/\"},\"author\":{\"name\":\"Hannah Sch\u00fcrr\",\"@id\":\"https:\/\/alle-im-digitalen-wandel.de\/home\/#\/schema\/person\/3d7f64faef3a377db5c4ae38b6826b46\"},\"headline\":\"Krisen sollte man nutzen! \u2013 Die Bedeutung der organisationalen Resilienz\",\"datePublished\":\"2020-10-20T17:17:04+00:00\",\"dateModified\":\"2022-09-08T06:56:42+00:00\",\"mainEntityOfPage\":{\"@id\":\"https:\/\/alle-im-digitalen-wandel.de\/home\/krisen-sollte-man-nutzen-die-bedeutung-der-organisationalen-resilienz\/\"},\"wordCount\":407,\"publisher\":{\"@id\":\"https:\/\/alle-im-digitalen-wandel.de\/home\/#organization\"},\"keywords\":[\"Agilit\u00e4t\",\"Betriebswirtschaftslehre\",\"Flexibilit\u00e4t\",\"Krise\",\"Organisationelle Resilienz\",\"resilienz\",\"Unternehmen\"],\"articleSection\":{\"0\":\"Aktuelles\",\"2\":\"Events\",\"3\":\"Resilienz\"},\"inLanguage\":\"de\"},{\"@type\":\"WebPage\",\"@id\":\"https:\/\/alle-im-digitalen-wandel.de\/home\/krisen-sollte-man-nutzen-die-bedeutung-der-organisationalen-resilienz\/\",\"url\":\"https:\/\/alle-im-digitalen-wandel.de\/home\/krisen-sollte-man-nutzen-die-bedeutung-der-organisationalen-resilienz\/\",\"name\":\"Krisen sollte man nutzen! \u2013 Die Bedeutung der organisationalen Resilienz - Alle im digitalen Wandel\",\"isPartOf\":{\"@id\":\"https:\/\/alle-im-digitalen-wandel.de\/home\/#website\"},\"datePublished\":\"2020-10-20T17:17:04+00:00\",\"dateModified\":\"2022-09-08T06:56:42+00:00\",\"description\":\"Resiliente Unternehmen gehen aus Krisen gest\u00e4rkt und ver\u00e4ndert hervor. Eine Eigenschaft, die gerade in diesen unsicheren Zeiten wertvoll ist.\",\"breadcrumb\":{\"@id\":\"https:\/\/alle-im-digitalen-wandel.de\/home\/krisen-sollte-man-nutzen-die-bedeutung-der-organisationalen-resilienz\/#breadcrumb\"},\"inLanguage\":\"de\",\"potentialAction\":[{\"@type\":\"ReadAction\",\"target\":[\"https:\/\/alle-im-digitalen-wandel.de\/home\/krisen-sollte-man-nutzen-die-bedeutung-der-organisationalen-resilienz\/\"]}]},{\"@type\":\"BreadcrumbList\",\"@id\":\"https:\/\/alle-im-digitalen-wandel.de\/home\/krisen-sollte-man-nutzen-die-bedeutung-der-organisationalen-resilienz\/#breadcrumb\",\"itemListElement\":[{\"@type\":\"ListItem\",\"position\":1,\"name\":\"Startseite\",\"item\":\"https:\/\/alle-im-digitalen-wandel.de\/home\/\"},{\"@type\":\"ListItem\",\"position\":2,\"name\":\"Krisen sollte man nutzen! \u2013 Die Bedeutung der organisationalen Resilienz\"}]},{\"@type\":\"WebSite\",\"@id\":\"https:\/\/alle-im-digitalen-wandel.de\/home\/#website\",\"url\":\"https:\/\/alle-im-digitalen-wandel.de\/home\/\",\"name\":\"Alle im digitalen Wandel\",\"description\":\"Ein Projekt der Hochschule Darmstadt\",\"publisher\":{\"@id\":\"https:\/\/alle-im-digitalen-wandel.de\/home\/#organization\"},\"potentialAction\":[{\"@type\":\"SearchAction\",\"target\":{\"@type\":\"EntryPoint\",\"urlTemplate\":\"https:\/\/alle-im-digitalen-wandel.de\/home\/?s={search_term_string}\"},\"query-input\":\"required name=search_term_string\"}],\"inLanguage\":\"de\"},{\"@type\":\"Organization\",\"@id\":\"https:\/\/alle-im-digitalen-wandel.de\/home\/#organization\",\"name\":\"Alle im digitalen Wandel\",\"url\":\"https:\/\/alle-im-digitalen-wandel.de\/home\/\",\"logo\":{\"@type\":\"ImageObject\",\"inLanguage\":\"de\",\"@id\":\"https:\/\/alle-im-digitalen-wandel.de\/home\/#\/schema\/logo\/image\/\",\"url\":\"https:\/\/alle-im-digitalen-wandel.de\/wp-content\/uploads\/2020\/07\/cropped-Frame21.png\",\"contentUrl\":\"https:\/\/alle-im-digitalen-wandel.de\/wp-content\/uploads\/2020\/07\/cropped-Frame21.png\",\"width\":1786,\"height\":782,\"caption\":\"Alle im digitalen Wandel\"},\"image\":{\"@id\":\"https:\/\/alle-im-digitalen-wandel.de\/home\/#\/schema\/logo\/image\/\"}},{\"@type\":\"Person\",\"@id\":\"https:\/\/alle-im-digitalen-wandel.de\/home\/#\/schema\/person\/3d7f64faef3a377db5c4ae38b6826b46\",\"name\":\"Hannah Sch\u00fcrr\",\"image\":{\"@type\":\"ImageObject\",\"inLanguage\":\"de\",\"@id\":\"https:\/\/alle-im-digitalen-wandel.de\/home\/#\/schema\/person\/image\/\",\"url\":\"https:\/\/secure.gravatar.com\/avatar\/105003cd460c39b8aa14ea5776f3d7b3?s=96&d=mm&r=g\",\"contentUrl\":\"https:\/\/secure.gravatar.com\/avatar\/105003cd460c39b8aa14ea5776f3d7b3?s=96&d=mm&r=g\",\"caption\":\"Hannah Sch\u00fcrr\"},\"url\":\"https:\/\/alle-im-digitalen-wandel.de\/home\/author\/hannah-schuerr\/\"}]}<\/script>\n<!-- \/ Yoast SEO plugin. -->","yoast_head_json":{"title":"Krisen sollte man nutzen! \u2013 Die Bedeutung der organisationalen Resilienz - Alle im digitalen Wandel","description":"Resiliente Unternehmen gehen aus Krisen gest\u00e4rkt und ver\u00e4ndert hervor. Eine Eigenschaft, die gerade in diesen unsicheren Zeiten wertvoll ist.","robots":{"index":"index","follow":"follow","max-snippet":"max-snippet:-1","max-image-preview":"max-image-preview:large","max-video-preview":"max-video-preview:-1"},"canonical":"https:\/\/alle-im-digitalen-wandel.de\/home\/krisen-sollte-man-nutzen-die-bedeutung-der-organisationalen-resilienz\/","og_locale":"de_DE","og_type":"article","og_title":"Krisen sollte man nutzen! \u2013 Die Bedeutung der organisationalen Resilienz - Alle im digitalen Wandel","og_description":"Resiliente Unternehmen gehen aus Krisen gest\u00e4rkt und ver\u00e4ndert hervor. Eine Eigenschaft, die gerade in diesen unsicheren Zeiten wertvoll ist.","og_url":"https:\/\/alle-im-digitalen-wandel.de\/home\/krisen-sollte-man-nutzen-die-bedeutung-der-organisationalen-resilienz\/","og_site_name":"Alle im digitalen Wandel","article_published_time":"2020-10-20T17:17:04+00:00","article_modified_time":"2022-09-08T06:56:42+00:00","og_image":[{"width":900,"height":467,"url":"https:\/\/alle-im-digitalen-wandel.de\/wp-content\/uploads\/2020\/10\/photo-1516472944114-b81af6986ded.jpeg","type":"image\/jpeg"}],"author":"Hannah Sch\u00fcrr","twitter_card":"summary_large_image","twitter_misc":{"Geschrieben von":"Hannah Sch\u00fcrr","Gesch\u00e4tzte Lesezeit":"2\u00a0Minuten"},"schema":{"@context":"https:\/\/schema.org","@graph":[{"@type":"Article","@id":"https:\/\/alle-im-digitalen-wandel.de\/home\/krisen-sollte-man-nutzen-die-bedeutung-der-organisationalen-resilienz\/#article","isPartOf":{"@id":"https:\/\/alle-im-digitalen-wandel.de\/home\/krisen-sollte-man-nutzen-die-bedeutung-der-organisationalen-resilienz\/"},"author":{"name":"Hannah Sch\u00fcrr","@id":"https:\/\/alle-im-digitalen-wandel.de\/home\/#\/schema\/person\/3d7f64faef3a377db5c4ae38b6826b46"},"headline":"Krisen sollte man nutzen! \u2013 Die Bedeutung der organisationalen Resilienz","datePublished":"2020-10-20T17:17:04+00:00","dateModified":"2022-09-08T06:56:42+00:00","mainEntityOfPage":{"@id":"https:\/\/alle-im-digitalen-wandel.de\/home\/krisen-sollte-man-nutzen-die-bedeutung-der-organisationalen-resilienz\/"},"wordCount":407,"publisher":{"@id":"https:\/\/alle-im-digitalen-wandel.de\/home\/#organization"},"keywords":["Agilit\u00e4t","Betriebswirtschaftslehre","Flexibilit\u00e4t","Krise","Organisationelle Resilienz","resilienz","Unternehmen"],"articleSection":{"0":"Aktuelles","2":"Events","3":"Resilienz"},"inLanguage":"de"},{"@type":"WebPage","@id":"https:\/\/alle-im-digitalen-wandel.de\/home\/krisen-sollte-man-nutzen-die-bedeutung-der-organisationalen-resilienz\/","url":"https:\/\/alle-im-digitalen-wandel.de\/home\/krisen-sollte-man-nutzen-die-bedeutung-der-organisationalen-resilienz\/","name":"Krisen sollte man nutzen! \u2013 Die Bedeutung der organisationalen Resilienz - Alle im digitalen Wandel","isPartOf":{"@id":"https:\/\/alle-im-digitalen-wandel.de\/home\/#website"},"datePublished":"2020-10-20T17:17:04+00:00","dateModified":"2022-09-08T06:56:42+00:00","description":"Resiliente Unternehmen gehen aus Krisen gest\u00e4rkt und ver\u00e4ndert hervor. Eine Eigenschaft, die gerade in diesen unsicheren Zeiten wertvoll ist.","breadcrumb":{"@id":"https:\/\/alle-im-digitalen-wandel.de\/home\/krisen-sollte-man-nutzen-die-bedeutung-der-organisationalen-resilienz\/#breadcrumb"},"inLanguage":"de","potentialAction":[{"@type":"ReadAction","target":["https:\/\/alle-im-digitalen-wandel.de\/home\/krisen-sollte-man-nutzen-die-bedeutung-der-organisationalen-resilienz\/"]}]},{"@type":"BreadcrumbList","@id":"https:\/\/alle-im-digitalen-wandel.de\/home\/krisen-sollte-man-nutzen-die-bedeutung-der-organisationalen-resilienz\/#breadcrumb","itemListElement":[{"@type":"ListItem","position":1,"name":"Startseite","item":"https:\/\/alle-im-digitalen-wandel.de\/home\/"},{"@type":"ListItem","position":2,"name":"Krisen sollte man nutzen! \u2013 Die Bedeutung der organisationalen Resilienz"}]},{"@type":"WebSite","@id":"https:\/\/alle-im-digitalen-wandel.de\/home\/#website","url":"https:\/\/alle-im-digitalen-wandel.de\/home\/","name":"Alle im digitalen Wandel","description":"Ein Projekt der Hochschule Darmstadt","publisher":{"@id":"https:\/\/alle-im-digitalen-wandel.de\/home\/#organization"},"potentialAction":[{"@type":"SearchAction","target":{"@type":"EntryPoint","urlTemplate":"https:\/\/alle-im-digitalen-wandel.de\/home\/?s={search_term_string}"},"query-input":"required name=search_term_string"}],"inLanguage":"de"},{"@type":"Organization","@id":"https:\/\/alle-im-digitalen-wandel.de\/home\/#organization","name":"Alle im digitalen Wandel","url":"https:\/\/alle-im-digitalen-wandel.de\/home\/","logo":{"@type":"ImageObject","inLanguage":"de","@id":"https:\/\/alle-im-digitalen-wandel.de\/home\/#\/schema\/logo\/image\/","url":"https:\/\/alle-im-digitalen-wandel.de\/wp-content\/uploads\/2020\/07\/cropped-Frame21.png","contentUrl":"https:\/\/alle-im-digitalen-wandel.de\/wp-content\/uploads\/2020\/07\/cropped-Frame21.png","width":1786,"height":782,"caption":"Alle im digitalen Wandel"},"image":{"@id":"https:\/\/alle-im-digitalen-wandel.de\/home\/#\/schema\/logo\/image\/"}},{"@type":"Person","@id":"https:\/\/alle-im-digitalen-wandel.de\/home\/#\/schema\/person\/3d7f64faef3a377db5c4ae38b6826b46","name":"Hannah Sch\u00fcrr","image":{"@type":"ImageObject","inLanguage":"de","@id":"https:\/\/alle-im-digitalen-wandel.de\/home\/#\/schema\/person\/image\/","url":"https:\/\/secure.gravatar.com\/avatar\/105003cd460c39b8aa14ea5776f3d7b3?s=96&d=mm&r=g","contentUrl":"https:\/\/secure.gravatar.com\/avatar\/105003cd460c39b8aa14ea5776f3d7b3?s=96&d=mm&r=g","caption":"Hannah Sch\u00fcrr"},"url":"https:\/\/alle-im-digitalen-wandel.de\/home\/author\/hannah-schuerr\/"}]}},"_links":{"self":[{"href":"https:\/\/alle-im-digitalen-wandel.de\/home\/wp-json\/wp\/v2\/posts\/1200"}],"collection":[{"href":"https:\/\/alle-im-digitalen-wandel.de\/home\/wp-json\/wp\/v2\/posts"}],"about":[{"href":"https:\/\/alle-im-digitalen-wandel.de\/home\/wp-json\/wp\/v2\/types\/post"}],"author":[{"embeddable":true,"href":"https:\/\/alle-im-digitalen-wandel.de\/home\/wp-json\/wp\/v2\/users\/8"}],"replies":[{"embeddable":true,"href":"https:\/\/alle-im-digitalen-wandel.de\/home\/wp-json\/wp\/v2\/comments?post=1200"}],"version-history":[{"count":4,"href":"https:\/\/alle-im-digitalen-wandel.de\/home\/wp-json\/wp\/v2\/posts\/1200\/revisions"}],"predecessor-version":[{"id":1220,"href":"https:\/\/alle-im-digitalen-wandel.de\/home\/wp-json\/wp\/v2\/posts\/1200\/revisions\/1220"}],"wp:featuredmedia":[{"embeddable":true,"href":"https:\/\/alle-im-digitalen-wandel.de\/home\/wp-json\/wp\/v2\/media\/1221"}],"wp:attachment":[{"href":"https:\/\/alle-im-digitalen-wandel.de\/home\/wp-json\/wp\/v2\/media?parent=1200"}],"wp:term":[{"taxonomy":"category","embeddable":true,"href":"https:\/\/alle-im-digitalen-wandel.de\/home\/wp-json\/wp\/v2\/categories?post=1200"},{"taxonomy":"post_tag","embeddable":true,"href":"https:\/\/alle-im-digitalen-wandel.de\/home\/wp-json\/wp\/v2\/tags?post=1200"}],"curies":[{"name":"wp","href":"https:\/\/api.w.org\/{rel}","templated":true}]}}