{"id":1176,"date":"2020-05-12T12:21:48","date_gmt":"2020-05-12T10:21:48","guid":{"rendered":"https:\/\/alle-im-digitalen-wandel.de\/home\/?p=1176"},"modified":"2022-09-08T08:56:42","modified_gmt":"2022-09-08T06:56:42","slug":"aus-passiver-krisenkommunikation-wird-aktive-veraenderungskommunikation","status":"publish","type":"post","link":"https:\/\/alle-im-digitalen-wandel.de\/home\/aus-passiver-krisenkommunikation-wird-aktive-veraenderungskommunikation\/","title":{"rendered":"Aus passiv wird aktiv oder: Ver\u00e4nderungskommunikation in Zeiten von Corona"},"content":{"rendered":"\n<h2>Aus passiv wird aktiv oder: Ver\u00e4nderungskommunikation in Zeiten von Corona<\/h2>\n\n\n\n<figure class=\"wp-block-image size-large\"><img decoding=\"async\" loading=\"lazy\" width=\"1024\" height=\"683\" src=\"https:\/\/alle-im-digitalen-wandel.de\/wp-content\/uploads\/2020\/05\/photo-1542089363-bba089ffaa25-1024x683.jpeg\" alt=\"\" class=\"wp-image-1185\" srcset=\"https:\/\/alle-im-digitalen-wandel.de\/wp-content\/uploads\/2020\/05\/photo-1542089363-bba089ffaa25-1024x683.jpeg 1024w, https:\/\/alle-im-digitalen-wandel.de\/wp-content\/uploads\/2020\/05\/photo-1542089363-bba089ffaa25-300x200.jpeg 300w, https:\/\/alle-im-digitalen-wandel.de\/wp-content\/uploads\/2020\/05\/photo-1542089363-bba089ffaa25-768x512.jpeg 768w, https:\/\/alle-im-digitalen-wandel.de\/wp-content\/uploads\/2020\/05\/photo-1542089363-bba089ffaa25-1536x1024.jpeg 1536w, https:\/\/alle-im-digitalen-wandel.de\/wp-content\/uploads\/2020\/05\/photo-1542089363-bba089ffaa25-2048x1365.jpeg 2048w, https:\/\/alle-im-digitalen-wandel.de\/wp-content\/uploads\/2020\/05\/photo-1542089363-bba089ffaa25-272x182.jpeg 272w\" sizes=\"(max-width: 1024px) 100vw, 1024px\" \/><\/figure>\n\n\n\n<p><em>Aus passiver Krisenkommunikation wird aktive Ver\u00e4nderungskommunikation; ein Prozess, der gerade in Zeiten von Corona vielen Unternehmen nicht leicht f\u00e4llt. Kein Wunder, immerhin waren die letzten Wochen gepr\u00e4gt von Unsicherheit, rasanten Ma\u00dfnahmen und einschneidenden Verordnungen. Umso wichtiger ist es nun, den Schritt heraus aus dem reaktiven Verhalten zu machen und wieder aktiv das Ruder in die Hand zu nehmen. &nbsp;<\/em><\/p>\n\n\n\n<p>\u00a0\u201e<a href=\"https:\/\/alle-im-digitalen-wandel.de\/home\/veraenderungskommunikation\">Ver\u00e4nderungskommunikation<\/a> in Zeiten von Corona\u201c. Unter diesem Titel fand unser erster virtueller Roundtable mit Beteiligten aus den Unternehmen und der Kreisverwaltung Darmstadt-Dieburg statt. Als Roundtable verstehen wir ein digitales Veranstaltungsformat \u00e4hnlich einer offenen Diskussionsrunde, allerdings moderiert und mit kleinem Input zum Thema des Tages. In diesem Fall also \u201eVer\u00e4nderungskommunikation versus Krisenkommunikation\u201c. Gestartet wurde mit einem kurzen Impuls in dem die aktuelle, sehr spezielle Situation der Ver\u00e4nderungskommunikation mit der klassischen Ver\u00e4nderungskommunikation in gef\u00fchrten Ver\u00e4nderungsprozessen verglichen wurde. Dabei ist aufgefallen, dass in Zeiten von \u00e4u\u00dferen, radikalen Ver\u00e4nderungen der Fokus klar auf der Verantwortung der F\u00fchrungsebene und der Selbstverantwortung der Mitarbeitenden liegt. Zusammengefasst: Krisen sind Zeiten, in denen die F\u00fchrung von au\u00dfen und die Selbst-F\u00fchrung entscheidend sind f\u00fcr den Prozess und Wachstum. Hier entscheidet sich, ob trotz \u00e4u\u00dferem Chaos sichere Strukturen, stabile Arbeitsprozesse und effektive Kommunikationsroutinen entwickelt werden, Vertrauen gesichert wird und innere Stabilit\u00e4t entsteht.  Diese von Krisen bekannte Situation kann im Vergleich zu selbst initiierten Ver\u00e4nderungsprozessen nicht vorbereitet oder geplant werden, sondern erfolgt vor allem am Anfang reaktiv. Im sp\u00e4teren Verlauf sollte aber aktiv das Ruder in die Hand genommen werden, um die Kontrolle zu \u00fcbernehmen und sich nicht von der Situation wahllos treiben zu lassen.<\/p>\n\n\n\n<p>In der Diskussion mit unseren Projektpartnern kristallisierte sich schnell heraus, dass vor allem das Erschaffen von Kommunikationsroutinen eine Herausforderung im Arbeitsalltag in den letzten Wochen darstellte. Fachlich zeigte sich, dass die beteiligten Unternehmen zun\u00e4chst in die Krisenkommunikation wechselten. In einer zweiten Stufe geht diese nun st\u00e4rker in Ver\u00e4nderungskommunikation \u00fcber. Vor allem in der ersten Phase ging es intern um die klare Kommunikation von Regeln.<\/p>\n\n\n\n<h4>Digitale Mittagspause f\u00fcr die zwischenmenschliche Kommunikation<\/h4>\n\n\n\n<p>Die Diskutanten waren sich au\u00dferdem einig, dass auch die Herausforderungen auf zwischenmenschlicher Ebene gro\u00df sind: Gerade spontane Zusammentreffen auf dem Gang, gemeinsame Gespr\u00e4che in der Kaffeepause und After-Work-Sessions werden aktuell vermisst und k\u00f6nnen nur schwer digital ersetzt werden. Soweit m\u00f6glich, wurden jedoch verschiedene Ans\u00e4tze erprobt: Da haben unsere Unternehmen zum Beispiel digitale Mittagspausen eingef\u00fchrt oder After-Work-Sessions per Videokonferenz, es wurde mit neuen Kommunikationskan\u00e4len und Tools experimentiert und aus dem Nichts Home-Office Strukturen f\u00fcr mehrere hundert Mitarbeiter aufgebaut \u2013 Respekt!<\/p>\n\n\n\n<p>Allerdings sind die Herausforderungen f\u00fcr alle Beteiligten oft gro\u00df: Haben Mitarbeiter:innen der Unternehmen ohnehin schon unterschiedliche Arbeitszeitmodelle, so zwingt die Corona-Krise vor allem Eltern kleiner Kinder zu teilweise extremen Arbeitszeiten. Die Unternehmenskommunikation muss deshalb, so die Diskussion, mit synchronen und asynchronen Angeboten reagieren. Doch auch die sehr diversen technischen Begebenheiten und der schnelle Umstieg ins Home-Office stellten die Teams in den letzten Wochen vor gro\u00dfe Herausforderungen. Nun, nach der ersten Phase der radikalen und erzwungenen Ver\u00e4nderung sehen einige der Partnerbetriebe auch eine gro\u00dfe Chance auf Transformation \u2013 und die Kommunikation muss dabei neue M\u00f6glichkeiten schaffen, alle einzubeziehen.<\/p>\n\n\n\n<p>Noch ist unklar, wann im <a href=\"https:\/\/www.experimentierraeume.de\/projekte\/inqa-experimentierraeume\/alle\/\">Projekt<\/a> wieder Veranstaltungen in den Experimentierr\u00e4umen stattfinden k\u00f6nnen. Deshalb wurde entschieden, die digitalen Roundtables als festen Teil in den Projektplan aufzunehmen. Vorgesehen ist, dass alle Beteiligten \u00fcber unsere digitale Lern- und Experimentierplattform Themenvorschl\u00e4ge einbringen und wir immer zu einem Thema diskutieren. Wir freuen uns auf weitere, spannende Diskussionen und Learnings, auf neue Arbeitsprozesse und digitales Experimentieren. Auf Chancen und Herausforderungen.&nbsp;<\/p>\n","protected":false},"excerpt":{"rendered":"<p>Aus passiv wird aktiv oder: Ver\u00e4nderungskommunikation in Zeiten von Corona Aus passiver Krisenkommunikation wird aktive Ver\u00e4nderungskommunikation; ein Prozess, der gerade in Zeiten von Corona vielen Unternehmen nicht leicht f\u00e4llt. Kein Wunder, immerhin waren die letzten Wochen gepr\u00e4gt von Unsicherheit, rasanten Ma\u00dfnahmen und einschneidenden Verordnungen. Umso wichtiger ist es nun, den<\/p>\n","protected":false},"author":8,"featured_media":1185,"comment_status":"closed","ping_status":"open","sticky":false,"template":"","format":"standard","meta":{"_themeisle_gutenberg_block_has_review":false},"categories":[45,11,6],"tags":[86,87,84,89,81,15,85,72,83,90,88,53,79],"yoast_head":"<!-- This site is optimized with the Yoast SEO plugin v19.11 - https:\/\/yoast.com\/wordpress\/plugins\/seo\/ -->\n<title>Aus passiv wird aktiv oder: Ver\u00e4nderungskommunikation in Zeiten von Corona - Alle im digitalen Wandel<\/title>\n<meta name=\"description\" content=\"Aus passiver Krisenkommunikation wird aktive Ver\u00e4nderungskommunikation - darum ging es bei unserem ersten virutellen Roundtable am 5.5.2020.\" \/>\n<meta name=\"robots\" content=\"index, follow, max-snippet:-1, max-image-preview:large, max-video-preview:-1\" \/>\n<link rel=\"canonical\" href=\"https:\/\/alle-im-digitalen-wandel.de\/home\/aus-passiver-krisenkommunikation-wird-aktive-veraenderungskommunikation\/\" \/>\n<meta property=\"og:locale\" content=\"de_DE\" \/>\n<meta property=\"og:type\" content=\"article\" \/>\n<meta property=\"og:title\" content=\"Aus passiv wird aktiv oder: Ver\u00e4nderungskommunikation in Zeiten von Corona - Alle im digitalen Wandel\" \/>\n<meta property=\"og:description\" content=\"Aus passiver Krisenkommunikation wird aktive Ver\u00e4nderungskommunikation - darum ging es bei unserem ersten virutellen Roundtable am 5.5.2020.\" \/>\n<meta property=\"og:url\" content=\"https:\/\/alle-im-digitalen-wandel.de\/home\/aus-passiver-krisenkommunikation-wird-aktive-veraenderungskommunikation\/\" \/>\n<meta property=\"og:site_name\" content=\"Alle im digitalen Wandel\" \/>\n<meta property=\"article:published_time\" content=\"2020-05-12T10:21:48+00:00\" \/>\n<meta property=\"article:modified_time\" content=\"2022-09-08T06:56:42+00:00\" \/>\n<meta property=\"og:image\" content=\"https:\/\/alle-im-digitalen-wandel.de\/wp-content\/uploads\/2020\/05\/photo-1542089363-bba089ffaa25-scaled.jpeg\" \/>\n\t<meta property=\"og:image:width\" content=\"2560\" \/>\n\t<meta property=\"og:image:height\" content=\"1707\" \/>\n\t<meta property=\"og:image:type\" content=\"image\/jpeg\" \/>\n<meta name=\"author\" content=\"Hannah Sch\u00fcrr\" \/>\n<meta name=\"twitter:card\" content=\"summary_large_image\" \/>\n<meta name=\"twitter:label1\" content=\"Geschrieben von\" \/>\n\t<meta name=\"twitter:data1\" content=\"Hannah Sch\u00fcrr\" \/>\n\t<meta name=\"twitter:label2\" content=\"Gesch\u00e4tzte Lesezeit\" \/>\n\t<meta name=\"twitter:data2\" content=\"3\u00a0Minuten\" \/>\n<script type=\"application\/ld+json\" class=\"yoast-schema-graph\">{\"@context\":\"https:\/\/schema.org\",\"@graph\":[{\"@type\":\"Article\",\"@id\":\"https:\/\/alle-im-digitalen-wandel.de\/home\/aus-passiver-krisenkommunikation-wird-aktive-veraenderungskommunikation\/#article\",\"isPartOf\":{\"@id\":\"https:\/\/alle-im-digitalen-wandel.de\/home\/aus-passiver-krisenkommunikation-wird-aktive-veraenderungskommunikation\/\"},\"author\":{\"name\":\"Hannah Sch\u00fcrr\",\"@id\":\"https:\/\/alle-im-digitalen-wandel.de\/home\/#\/schema\/person\/3d7f64faef3a377db5c4ae38b6826b46\"},\"headline\":\"Aus passiv wird aktiv oder: Ver\u00e4nderungskommunikation in Zeiten von Corona\",\"datePublished\":\"2020-05-12T10:21:48+00:00\",\"dateModified\":\"2022-09-08T06:56:42+00:00\",\"mainEntityOfPage\":{\"@id\":\"https:\/\/alle-im-digitalen-wandel.de\/home\/aus-passiver-krisenkommunikation-wird-aktive-veraenderungskommunikation\/\"},\"wordCount\":627,\"publisher\":{\"@id\":\"https:\/\/alle-im-digitalen-wandel.de\/home\/#organization\"},\"keywords\":[\"Change\",\"Change Communication\",\"Corona Krise\",\"Digitale Herausforderungen\",\"Digitaler Wandel\",\"digitalisierung\",\"Home Office\",\"Kommunikation\",\"Krisenkommunikation\",\"positiver Wandel\",\"Roundtable\",\"Ver\u00e4nderungskommunikation\",\"Ver\u00e4nderungsprozesse\"],\"articleSection\":[\"Aktuelles\",\"Events\",\"Ver\u00e4nderungskommunikation\"],\"inLanguage\":\"de\"},{\"@type\":\"WebPage\",\"@id\":\"https:\/\/alle-im-digitalen-wandel.de\/home\/aus-passiver-krisenkommunikation-wird-aktive-veraenderungskommunikation\/\",\"url\":\"https:\/\/alle-im-digitalen-wandel.de\/home\/aus-passiver-krisenkommunikation-wird-aktive-veraenderungskommunikation\/\",\"name\":\"Aus passiv wird aktiv oder: Ver\u00e4nderungskommunikation in Zeiten von Corona - Alle im digitalen Wandel\",\"isPartOf\":{\"@id\":\"https:\/\/alle-im-digitalen-wandel.de\/home\/#website\"},\"datePublished\":\"2020-05-12T10:21:48+00:00\",\"dateModified\":\"2022-09-08T06:56:42+00:00\",\"description\":\"Aus passiver Krisenkommunikation wird aktive Ver\u00e4nderungskommunikation - darum ging es bei unserem ersten virutellen Roundtable am 5.5.2020.\",\"breadcrumb\":{\"@id\":\"https:\/\/alle-im-digitalen-wandel.de\/home\/aus-passiver-krisenkommunikation-wird-aktive-veraenderungskommunikation\/#breadcrumb\"},\"inLanguage\":\"de\",\"potentialAction\":[{\"@type\":\"ReadAction\",\"target\":[\"https:\/\/alle-im-digitalen-wandel.de\/home\/aus-passiver-krisenkommunikation-wird-aktive-veraenderungskommunikation\/\"]}]},{\"@type\":\"BreadcrumbList\",\"@id\":\"https:\/\/alle-im-digitalen-wandel.de\/home\/aus-passiver-krisenkommunikation-wird-aktive-veraenderungskommunikation\/#breadcrumb\",\"itemListElement\":[{\"@type\":\"ListItem\",\"position\":1,\"name\":\"Startseite\",\"item\":\"https:\/\/alle-im-digitalen-wandel.de\/home\/\"},{\"@type\":\"ListItem\",\"position\":2,\"name\":\"Aus passiv wird aktiv oder: Ver\u00e4nderungskommunikation in Zeiten von Corona\"}]},{\"@type\":\"WebSite\",\"@id\":\"https:\/\/alle-im-digitalen-wandel.de\/home\/#website\",\"url\":\"https:\/\/alle-im-digitalen-wandel.de\/home\/\",\"name\":\"Alle im digitalen Wandel\",\"description\":\"Ein Projekt der Hochschule Darmstadt\",\"publisher\":{\"@id\":\"https:\/\/alle-im-digitalen-wandel.de\/home\/#organization\"},\"potentialAction\":[{\"@type\":\"SearchAction\",\"target\":{\"@type\":\"EntryPoint\",\"urlTemplate\":\"https:\/\/alle-im-digitalen-wandel.de\/home\/?s={search_term_string}\"},\"query-input\":\"required name=search_term_string\"}],\"inLanguage\":\"de\"},{\"@type\":\"Organization\",\"@id\":\"https:\/\/alle-im-digitalen-wandel.de\/home\/#organization\",\"name\":\"Alle im digitalen Wandel\",\"url\":\"https:\/\/alle-im-digitalen-wandel.de\/home\/\",\"logo\":{\"@type\":\"ImageObject\",\"inLanguage\":\"de\",\"@id\":\"https:\/\/alle-im-digitalen-wandel.de\/home\/#\/schema\/logo\/image\/\",\"url\":\"https:\/\/alle-im-digitalen-wandel.de\/wp-content\/uploads\/2020\/07\/cropped-Frame21.png\",\"contentUrl\":\"https:\/\/alle-im-digitalen-wandel.de\/wp-content\/uploads\/2020\/07\/cropped-Frame21.png\",\"width\":1786,\"height\":782,\"caption\":\"Alle im digitalen Wandel\"},\"image\":{\"@id\":\"https:\/\/alle-im-digitalen-wandel.de\/home\/#\/schema\/logo\/image\/\"}},{\"@type\":\"Person\",\"@id\":\"https:\/\/alle-im-digitalen-wandel.de\/home\/#\/schema\/person\/3d7f64faef3a377db5c4ae38b6826b46\",\"name\":\"Hannah Sch\u00fcrr\",\"image\":{\"@type\":\"ImageObject\",\"inLanguage\":\"de\",\"@id\":\"https:\/\/alle-im-digitalen-wandel.de\/home\/#\/schema\/person\/image\/\",\"url\":\"https:\/\/secure.gravatar.com\/avatar\/105003cd460c39b8aa14ea5776f3d7b3?s=96&d=mm&r=g\",\"contentUrl\":\"https:\/\/secure.gravatar.com\/avatar\/105003cd460c39b8aa14ea5776f3d7b3?s=96&d=mm&r=g\",\"caption\":\"Hannah Sch\u00fcrr\"},\"url\":\"https:\/\/alle-im-digitalen-wandel.de\/home\/author\/hannah-schuerr\/\"}]}<\/script>\n<!-- \/ Yoast SEO plugin. -->","yoast_head_json":{"title":"Aus passiv wird aktiv oder: Ver\u00e4nderungskommunikation in Zeiten von Corona - Alle im digitalen Wandel","description":"Aus passiver Krisenkommunikation wird aktive Ver\u00e4nderungskommunikation - darum ging es bei unserem ersten virutellen Roundtable am 5.5.2020.","robots":{"index":"index","follow":"follow","max-snippet":"max-snippet:-1","max-image-preview":"max-image-preview:large","max-video-preview":"max-video-preview:-1"},"canonical":"https:\/\/alle-im-digitalen-wandel.de\/home\/aus-passiver-krisenkommunikation-wird-aktive-veraenderungskommunikation\/","og_locale":"de_DE","og_type":"article","og_title":"Aus passiv wird aktiv oder: Ver\u00e4nderungskommunikation in Zeiten von Corona - Alle im digitalen Wandel","og_description":"Aus passiver Krisenkommunikation wird aktive Ver\u00e4nderungskommunikation - darum ging es bei unserem ersten virutellen Roundtable am 5.5.2020.","og_url":"https:\/\/alle-im-digitalen-wandel.de\/home\/aus-passiver-krisenkommunikation-wird-aktive-veraenderungskommunikation\/","og_site_name":"Alle im digitalen Wandel","article_published_time":"2020-05-12T10:21:48+00:00","article_modified_time":"2022-09-08T06:56:42+00:00","og_image":[{"width":2560,"height":1707,"url":"https:\/\/alle-im-digitalen-wandel.de\/wp-content\/uploads\/2020\/05\/photo-1542089363-bba089ffaa25-scaled.jpeg","type":"image\/jpeg"}],"author":"Hannah Sch\u00fcrr","twitter_card":"summary_large_image","twitter_misc":{"Geschrieben von":"Hannah Sch\u00fcrr","Gesch\u00e4tzte Lesezeit":"3\u00a0Minuten"},"schema":{"@context":"https:\/\/schema.org","@graph":[{"@type":"Article","@id":"https:\/\/alle-im-digitalen-wandel.de\/home\/aus-passiver-krisenkommunikation-wird-aktive-veraenderungskommunikation\/#article","isPartOf":{"@id":"https:\/\/alle-im-digitalen-wandel.de\/home\/aus-passiver-krisenkommunikation-wird-aktive-veraenderungskommunikation\/"},"author":{"name":"Hannah Sch\u00fcrr","@id":"https:\/\/alle-im-digitalen-wandel.de\/home\/#\/schema\/person\/3d7f64faef3a377db5c4ae38b6826b46"},"headline":"Aus passiv wird aktiv oder: Ver\u00e4nderungskommunikation in Zeiten von Corona","datePublished":"2020-05-12T10:21:48+00:00","dateModified":"2022-09-08T06:56:42+00:00","mainEntityOfPage":{"@id":"https:\/\/alle-im-digitalen-wandel.de\/home\/aus-passiver-krisenkommunikation-wird-aktive-veraenderungskommunikation\/"},"wordCount":627,"publisher":{"@id":"https:\/\/alle-im-digitalen-wandel.de\/home\/#organization"},"keywords":["Change","Change Communication","Corona Krise","Digitale Herausforderungen","Digitaler Wandel","digitalisierung","Home Office","Kommunikation","Krisenkommunikation","positiver Wandel","Roundtable","Ver\u00e4nderungskommunikation","Ver\u00e4nderungsprozesse"],"articleSection":["Aktuelles","Events","Ver\u00e4nderungskommunikation"],"inLanguage":"de"},{"@type":"WebPage","@id":"https:\/\/alle-im-digitalen-wandel.de\/home\/aus-passiver-krisenkommunikation-wird-aktive-veraenderungskommunikation\/","url":"https:\/\/alle-im-digitalen-wandel.de\/home\/aus-passiver-krisenkommunikation-wird-aktive-veraenderungskommunikation\/","name":"Aus passiv wird aktiv oder: Ver\u00e4nderungskommunikation in Zeiten von Corona - Alle im digitalen Wandel","isPartOf":{"@id":"https:\/\/alle-im-digitalen-wandel.de\/home\/#website"},"datePublished":"2020-05-12T10:21:48+00:00","dateModified":"2022-09-08T06:56:42+00:00","description":"Aus passiver Krisenkommunikation wird aktive Ver\u00e4nderungskommunikation - darum ging es bei unserem ersten virutellen Roundtable am 5.5.2020.","breadcrumb":{"@id":"https:\/\/alle-im-digitalen-wandel.de\/home\/aus-passiver-krisenkommunikation-wird-aktive-veraenderungskommunikation\/#breadcrumb"},"inLanguage":"de","potentialAction":[{"@type":"ReadAction","target":["https:\/\/alle-im-digitalen-wandel.de\/home\/aus-passiver-krisenkommunikation-wird-aktive-veraenderungskommunikation\/"]}]},{"@type":"BreadcrumbList","@id":"https:\/\/alle-im-digitalen-wandel.de\/home\/aus-passiver-krisenkommunikation-wird-aktive-veraenderungskommunikation\/#breadcrumb","itemListElement":[{"@type":"ListItem","position":1,"name":"Startseite","item":"https:\/\/alle-im-digitalen-wandel.de\/home\/"},{"@type":"ListItem","position":2,"name":"Aus passiv wird aktiv oder: Ver\u00e4nderungskommunikation in Zeiten von Corona"}]},{"@type":"WebSite","@id":"https:\/\/alle-im-digitalen-wandel.de\/home\/#website","url":"https:\/\/alle-im-digitalen-wandel.de\/home\/","name":"Alle im digitalen Wandel","description":"Ein Projekt der Hochschule Darmstadt","publisher":{"@id":"https:\/\/alle-im-digitalen-wandel.de\/home\/#organization"},"potentialAction":[{"@type":"SearchAction","target":{"@type":"EntryPoint","urlTemplate":"https:\/\/alle-im-digitalen-wandel.de\/home\/?s={search_term_string}"},"query-input":"required name=search_term_string"}],"inLanguage":"de"},{"@type":"Organization","@id":"https:\/\/alle-im-digitalen-wandel.de\/home\/#organization","name":"Alle im digitalen Wandel","url":"https:\/\/alle-im-digitalen-wandel.de\/home\/","logo":{"@type":"ImageObject","inLanguage":"de","@id":"https:\/\/alle-im-digitalen-wandel.de\/home\/#\/schema\/logo\/image\/","url":"https:\/\/alle-im-digitalen-wandel.de\/wp-content\/uploads\/2020\/07\/cropped-Frame21.png","contentUrl":"https:\/\/alle-im-digitalen-wandel.de\/wp-content\/uploads\/2020\/07\/cropped-Frame21.png","width":1786,"height":782,"caption":"Alle im digitalen Wandel"},"image":{"@id":"https:\/\/alle-im-digitalen-wandel.de\/home\/#\/schema\/logo\/image\/"}},{"@type":"Person","@id":"https:\/\/alle-im-digitalen-wandel.de\/home\/#\/schema\/person\/3d7f64faef3a377db5c4ae38b6826b46","name":"Hannah Sch\u00fcrr","image":{"@type":"ImageObject","inLanguage":"de","@id":"https:\/\/alle-im-digitalen-wandel.de\/home\/#\/schema\/person\/image\/","url":"https:\/\/secure.gravatar.com\/avatar\/105003cd460c39b8aa14ea5776f3d7b3?s=96&d=mm&r=g","contentUrl":"https:\/\/secure.gravatar.com\/avatar\/105003cd460c39b8aa14ea5776f3d7b3?s=96&d=mm&r=g","caption":"Hannah Sch\u00fcrr"},"url":"https:\/\/alle-im-digitalen-wandel.de\/home\/author\/hannah-schuerr\/"}]}},"_links":{"self":[{"href":"https:\/\/alle-im-digitalen-wandel.de\/home\/wp-json\/wp\/v2\/posts\/1176"}],"collection":[{"href":"https:\/\/alle-im-digitalen-wandel.de\/home\/wp-json\/wp\/v2\/posts"}],"about":[{"href":"https:\/\/alle-im-digitalen-wandel.de\/home\/wp-json\/wp\/v2\/types\/post"}],"author":[{"embeddable":true,"href":"https:\/\/alle-im-digitalen-wandel.de\/home\/wp-json\/wp\/v2\/users\/8"}],"replies":[{"embeddable":true,"href":"https:\/\/alle-im-digitalen-wandel.de\/home\/wp-json\/wp\/v2\/comments?post=1176"}],"version-history":[{"count":2,"href":"https:\/\/alle-im-digitalen-wandel.de\/home\/wp-json\/wp\/v2\/posts\/1176\/revisions"}],"predecessor-version":[{"id":1188,"href":"https:\/\/alle-im-digitalen-wandel.de\/home\/wp-json\/wp\/v2\/posts\/1176\/revisions\/1188"}],"wp:featuredmedia":[{"embeddable":true,"href":"https:\/\/alle-im-digitalen-wandel.de\/home\/wp-json\/wp\/v2\/media\/1185"}],"wp:attachment":[{"href":"https:\/\/alle-im-digitalen-wandel.de\/home\/wp-json\/wp\/v2\/media?parent=1176"}],"wp:term":[{"taxonomy":"category","embeddable":true,"href":"https:\/\/alle-im-digitalen-wandel.de\/home\/wp-json\/wp\/v2\/categories?post=1176"},{"taxonomy":"post_tag","embeddable":true,"href":"https:\/\/alle-im-digitalen-wandel.de\/home\/wp-json\/wp\/v2\/tags?post=1176"}],"curies":[{"name":"wp","href":"https:\/\/api.w.org\/{rel}","templated":true}]}}