{"id":1158,"date":"2020-05-08T10:39:43","date_gmt":"2020-05-08T08:39:43","guid":{"rendered":"https:\/\/alle-im-digitalen-wandel.de\/home\/?p=1158"},"modified":"2022-09-08T08:56:42","modified_gmt":"2022-09-08T06:56:42","slug":"das-innovation-lab-am-mediencampus-in-dieburg-ein-raum-fuer-das-offene-kreative-arbeiten-und-forschen","status":"publish","type":"post","link":"https:\/\/alle-im-digitalen-wandel.de\/home\/das-innovation-lab-am-mediencampus-in-dieburg-ein-raum-fuer-das-offene-kreative-arbeiten-und-forschen\/","title":{"rendered":"Das Innovation Lab am Mediencampus in Dieburg:  Ein Raum f\u00fcr das offene, kreative Arbeiten und Forschen"},"content":{"rendered":"\n<h2>ALLE (wieder) in einem Podcast <\/h2>\n\n\n<p>Dieburg, 08.05.2020 (jr). Das Projektteam \u201eALLE im digitalen Wandel\u201c und seine Projektpartner haben schon mehrmals dort getagt: im Innovation Lab am Mediencampus in Dieburg. Das Innovation Lab ist ein ca. 60 \u00a0Quadratmeter gro\u00dfer Raum, befindet sich im dritten Stock des Eingangsgeb\u00e4udes des Mediencampus und geh\u00f6rt zum \u201eForschungszentrum Digitale Kommunikation und Medien-Innovation\u201c (fz dkmi). Da das F\u00f6rderprojekt \u201eALLE im digitalen Wandel\u201c als Experimentierraum ausgeschrieben ist und sich einzelne Projektpartner die Einrichtung und Nutzung eigener Experimentierr\u00e4ume auf ihre Agenda geschrieben haben, lag es nahe, einmal einen kurzen Blick auf die Entstehung und die Nutzung des Innovation Lab in Dieburg zu werfen.<\/p>\n<p>Das Innovation Lab am Mediencampus wird von Ahmet Seker betreut. Er hat es von Anfang an, in enger Abstimmung mit Professor Thomas Pleil, dem Sprecher des Forschungszentrums, konzipiert, eingerichtet, moderiert und ist immer noch dabei, es stetig weiterzuentwickeln und den Bed\u00fcrfnissen seiner Nutzer und Nutzerinnen anzupassen. Also habe ich mich einmal mit Ahmet Seker \u00fcber Idee und Geschichte des Innovation Lab unterhalten.<\/p>\n<hr \/>\n<p>Zur Forschungsinfrastruktur des fz dkmi, das vorweg, geh\u00f6ren zwei Labore: Im Experience Lab stehen vor allem neueste Technologien wie Video-Systeme, 3D-Audio sowie VR-\/ AR-\/ MR-Brillensysteme im Mittelpunkt. Es befindet sich derzeit noch im Aufbau. Das Innovation Lab dagegen ist der Raum, in dem Workshops, Meetings und Besprechungen, also Kreativprozesse in allen m\u00f6glichen Formen, stattfinden. Er steht seit Juni 2019 Forschenden und ihren Projekten offen.<\/p>\n<h4>Eine kreativit\u00e4tsf\u00f6rdernde Arbeitsumgebung schaffen<\/h4>\n<p>Der Arbeitsauftrag, so Ahmet Seker, der seit 2018 die Labs des dkmi betreut, war relativ klar in der Ausrichtung, aber v\u00f6llig offen in der Umsetzung. Es sollte eine kreativit\u00e4tsf\u00f6rdernde Umgebung entstehen, die ForscherInnen in ihren Arbeits- und Abstimmungsprozessen unterst\u00fctzt. Da es kein fertiges Konzept f\u00fcr ein Innovation Lab gab, war also zuerst Recherche angesagt.<\/p>\n<p>\u201eBeim Inno-Lab und bei der Frage, was hier in diesem Raum passieren soll, musste ich erst ein bisschen Erfahrung sammeln. Also habe ich mir viele Innovation-Labs angeschaut. Ich war bei Merck im Innovation Lab zum Beispiel, ich war bei Fink &amp; Fuchs, ich war bei der Deutschen Bahn im Inno Lab in Frankfurt, und dann habe ich mir nat\u00fcrlich noch unheimlich viele Videos im Internet angeschaut, Bilder recherchiert usw. Auch dar\u00fcber, was in einem Innovation Lab wichtig ist.\u201c<\/p>\n<figure id=\"attachment_1159\" aria-describedby=\"caption-attachment-1159\" style=\"width: 1024px\" class=\"wp-caption aligncenter\"><img decoding=\"async\" loading=\"lazy\" class=\"wp-image-1159 size-large\" src=\"https:\/\/alle-im-digitalen-wandel.de\/wp-content\/uploads\/2020\/05\/IMG_4025-1024x768.jpg\" alt=\"\" width=\"1024\" height=\"768\" srcset=\"https:\/\/alle-im-digitalen-wandel.de\/wp-content\/uploads\/2020\/05\/IMG_4025-1024x768.jpg 1024w, https:\/\/alle-im-digitalen-wandel.de\/wp-content\/uploads\/2020\/05\/IMG_4025-300x225.jpg 300w, https:\/\/alle-im-digitalen-wandel.de\/wp-content\/uploads\/2020\/05\/IMG_4025-768x576.jpg 768w, https:\/\/alle-im-digitalen-wandel.de\/wp-content\/uploads\/2020\/05\/IMG_4025-1536x1152.jpg 1536w, https:\/\/alle-im-digitalen-wandel.de\/wp-content\/uploads\/2020\/05\/IMG_4025-2048x1536.jpg 2048w\" sizes=\"(max-width: 1024px) 100vw, 1024px\" \/><figcaption id=\"caption-attachment-1159\" class=\"wp-caption-text\">Innovation Lab, Dieburg: Kreidewand<\/figcaption><\/figure>\n<p>Dabei haben sich erste Eckpunkte herausgebildet, die die Ausgestaltung des Innovation Labs am Mediencampus bestimmt haben. Dazu geh\u00f6rt zum einen die Integration digitaler Werkzeuge. So war es keine Option, eine nicht-digitale Arbeitsumgebung zu schaffen. Im Gegenteil: Digitale Arbeitsinstrumente geh\u00f6ren heute untrennbar zum wissenschaftlichen Arbeiten. Das war eine Erfahrung, die auch mit dem Besuch bei Merck verbunden war. Laptops, Tablets, Dockingstations sowie spezielle Software-Programme, die das kreative Arbeiten und Bearbeiten von Medien erlauben, sind feste Bausteine des Innovation Labs und verbinden es, wenn gew\u00fcnscht, mit dem Netz. \u201eVor allem die Schnittstelle mit dem Internet darf man nicht vergessen! Wir haben bei vielen Pr\u00e4sentationen G\u00e4ste dabei, die nicht vor Ort sein k\u00f6nnen. Die werden dann zum Beispiel via Skype eingeladen und dann haben wir sie mit diesem Media-Wagen hinter uns her geschoben, das iPad oben drauf, und die sa\u00dfen dann quasi neben uns.\u201c \u00a0<\/p>\n<h4>Offenheit als Gestaltungsprinzip<\/h4>\n<p>Ein weiterer wichtiger Punkt war die Offenheit des Raums: Man sollte sich frei im Raum bewegen, sich in Gruppen aufteilen, also ganz verschiedene Dinge tun k\u00f6nnen, ohne dass einen Technologien oder M\u00f6belst\u00fccke in eine bestimmte Richtung dr\u00e4ngen oder gar etwas diktieren. Ahmet Seker: \u201eSo wichtig Technologien heute sind, sie d\u00fcrfen den Raum nicht dominieren, wie zum Beispiel ein Beamer, der die Ausrichtung des Raums und seiner Nutzer schnell f\u00fchrt. Oder ein klassischer Konferenzraum, wo sich jeder Besucher reflexartig einen Stuhl nimmt und hinsetzt.\u201c<\/p>\n<p>Aber es gab auch Fragen, auf die Ahmet Seker bei seinen ersten Recherchen und Besuchen keine befriedigende Antwort fand. Dazu geh\u00f6rte die nach einer zentralen Arbeitsfl\u00e4che des Raums. Sollten es Whiteboards sein, gar Reihen von Whiteboards an den W\u00e4nden, um m\u00f6glichst viel Arbeitsfl\u00e4che zu bieten? Oder beschreibbare Pappw\u00e4nde? Das Abw\u00e4gen von Vor- und Nachteilen sowie weitere Recherchen f\u00fchrten ihn schlie\u00dflich zur Idee der beschreibbaren, magnetischen Wand. Kein Neuland, wie er erz\u00e4hlt, trotzdem brauchte es auch hier noch einige Anl\u00e4ufe, bis ihn die Suche schlie\u00dflich zu einem irischen Hersteller, \u201eSmarter Surfaces\u201c, f\u00fchrte, der eine L\u00f6sung pr\u00e4sentierte, die seinen Anspr\u00fcchen gen\u00fcgte.<\/p>\n<p>Wer heute das Innovation Lab auf dem Dieburger Campus betritt, findet an zwei Seiten beschreibbare W\u00e4nde vor, auf denen ohne Begrenzungen (aber mit den richtigen Stiften!) gemalt, gezeichnet und geschrieben sowie mit kleinen Magneten Papiere und Dokumente befestigt werden k\u00f6nnen. Eine weitere Wand besteht komplett aus Schiefer. Auf dieser Tafelseite kann mit Kreide gearbeitet werden. Ahmet Seker wollte hier ganz bewusst einen Materialbruch, um neue, andere Nutzungsm\u00f6glichkeiten zu erlauben. In der Praxis wird diese Seite des Raumes zum Beispiel genutzt, um die Agenda eines Workshops oder einer Besprechung festzuhalten. Schlie\u00dflich die Fensterseite. Auch hier ist es der Plan, die Fenster als beschreibbare Fl\u00e4chen zu nutzen. Er ist aber erst einmal zur\u00fcckgestellt, da es unterschiedliche Stifte f\u00fcr die einzelnen Oberfl\u00e4chen braucht und es hier in den ersten Wochen immer wieder zu Verwechselungen kam.<\/p>\n<h4>Vom Gestalter zum Forscher und Designer: das Mobiliar<\/h4>\n<p>Bleibt noch das Mobiliar des Raumes. Es sollte, so der Plan, sehr flexibel sein und sich den Bed\u00fcrfnissen der NutzerInnen anpassen. Es sollte zudem die Offenheit des Raumes nicht st\u00f6ren. Nun sind nat\u00fcrlich in den letzten Jahren rund um das Thema Design Thinking viele Raumkonzepte und M\u00f6bel entwickelt worden, die die \u201efreie Entfaltung der Gedanken\u201c unterst\u00fctzen, wie es in der Werbung so sch\u00f6n hei\u00dft. Doch Ahmet Seker hat weitergesucht und ist schlie\u00dflich auf das YouTube-Video des israelischen Designers Boaz Mendel aus Ramat Gan und seinen \u201eLoop-Chair\u201c gesto\u00dfen. Es besteht aus einem einzigen Grundelement, das sich mit Hilfe von einzelnen Schablonen schnell in zw\u00f6lf verschiedene Formen bringen l\u00e4sst. Zusammen mit dem Designer und der Darmst\u00e4dter Schreinerei Luther hat Ahmet Seker das Prinzip des Loop-Chair weiter entwickelt. Neun St\u00fchle stehen jetzt im Innovation Lab des Mediencampus.<\/p>\n<figure id=\"attachment_1160\" aria-describedby=\"caption-attachment-1160\" style=\"width: 1024px\" class=\"wp-caption aligncenter\"><img decoding=\"async\" loading=\"lazy\" class=\"wp-image-1160 size-large\" src=\"https:\/\/alle-im-digitalen-wandel.de\/wp-content\/uploads\/2020\/05\/IMG_4024-1024x768.jpg\" alt=\"\" width=\"1024\" height=\"768\" srcset=\"https:\/\/alle-im-digitalen-wandel.de\/wp-content\/uploads\/2020\/05\/IMG_4024-1024x768.jpg 1024w, https:\/\/alle-im-digitalen-wandel.de\/wp-content\/uploads\/2020\/05\/IMG_4024-300x225.jpg 300w, https:\/\/alle-im-digitalen-wandel.de\/wp-content\/uploads\/2020\/05\/IMG_4024-768x576.jpg 768w, https:\/\/alle-im-digitalen-wandel.de\/wp-content\/uploads\/2020\/05\/IMG_4024-1536x1152.jpg 1536w, https:\/\/alle-im-digitalen-wandel.de\/wp-content\/uploads\/2020\/05\/IMG_4024-2048x1536.jpg 2048w\" sizes=\"(max-width: 1024px) 100vw, 1024px\" \/><figcaption id=\"caption-attachment-1160\" class=\"wp-caption-text\">Innovation Lab, Dieburg: Ahmet Seker und der Loop-Chair<\/figcaption><\/figure>\n<h3>\u00a0<\/h3>\n<h4>Nutzer lieben die beschreibbaren W\u00e4nde<\/h4>\n<p>Auf die Frage, wie denn die Besucher des Innovation Labs in den ersten Monaten den Raum genutzt haben, antwortet Ahmet Seker: \u201eIm Vordergrund stehen ganz klar die Gruppenarbeiten. Die Gruppen kommen hier so mit 20 Teilnehmern rein, aber arbeiten dann nicht in der gro\u00dfen Runde weiter, sondern ganz unterschiedlich, in Dreier-, Vierer-Gruppen, parallel, im Raum selbst, alle zusammen.\u201c<\/p>\n<p>Noch braucht es etwas Einf\u00fchrung und Steuerung, bevor die TeilnehmerInnen das Lab eigenverantwortlich nutzen und seine M\u00f6glichkeiten aussch\u00f6pfen k\u00f6nnen. F\u00fcr sie steht Ahmet Seker als Ansprechpartner jederzeit zur Verf\u00fcgung. Verschiedene kleine Hilfen und Hinweise im Raum verhindern, dass es zwischen den Materialien zu Verwechselungen kommt. Die Nutzer sind jedenfalls ausnahmslos hellauf begeistert \u2013 vor allem von den beschreibbaren W\u00e4nden. Geplant ist, in naher Zukunft ihr Feedback systematisch aufzunehmen, um die Ziele des Projekts, seine Erfolgsparameter sowie Verbesserungspotential systematisch zu evaluieren.<\/p>\n<figure id=\"attachment_1162\" aria-describedby=\"caption-attachment-1162\" style=\"width: 1024px\" class=\"wp-caption aligncenter\"><img decoding=\"async\" loading=\"lazy\" class=\"wp-image-1162 size-large\" src=\"https:\/\/alle-im-digitalen-wandel.de\/wp-content\/uploads\/2020\/05\/Hessenschau-1024x576.png\" alt=\"\" width=\"1024\" height=\"576\" srcset=\"https:\/\/alle-im-digitalen-wandel.de\/wp-content\/uploads\/2020\/05\/Hessenschau-1024x576.png 1024w, https:\/\/alle-im-digitalen-wandel.de\/wp-content\/uploads\/2020\/05\/Hessenschau-300x169.png 300w, https:\/\/alle-im-digitalen-wandel.de\/wp-content\/uploads\/2020\/05\/Hessenschau-768x432.png 768w, https:\/\/alle-im-digitalen-wandel.de\/wp-content\/uploads\/2020\/05\/Hessenschau-1536x864.png 1536w, https:\/\/alle-im-digitalen-wandel.de\/wp-content\/uploads\/2020\/05\/Hessenschau-2048x1152.png 2048w\" sizes=\"(max-width: 1024px) 100vw, 1024px\" \/><figcaption id=\"caption-attachment-1162\" class=\"wp-caption-text\">Die Schreinerei Luther und das Projekt \u201eLoop Chair\u201c in der <a href=\"https:\/\/www.hessenschau.de\/tv-sendung\/hessenschau-vom-04122019,video-109116.html\">Hessenschau<\/a> vom 4.12.2019. Zu Besuch: Hessens Digitalministerin Kristina Sinemus<\/figcaption><\/figure>\n<p>Das Innovation Lab ist \u201ework in progress\u201c. Im n\u00e4chsten Schritt werden gerade Stehtische eingef\u00fchrt, um auch eine Arbeitsfl\u00e4che im Raum zu haben. Doch ganz konkret steht noch etwas anderes an, so Ahmet Seker: &#8222;Also, werden wir in K\u00fcrze auch die liebe Alexa bei uns am Mediencampus in Dieburg der Hochschule Darmstadt willkommen hei\u00dfen.\u201c Man darf also gespannt sein &#8230;<\/p>\n<hr \/>\n<p>Ahmet Seker ist Sound &amp; Music Production-Absolvent der Hochschule Darmstadt und seit Sommer 2018 Mitarbeiter des dkmi (Digitale Kommunikation und Medien-Innovation). Am Mediencampus in Dieburg betreut Ahmet Seker die Forschungslabore der Hochschule (h_da), und er ist f\u00fcr die Entstehung, Planung, Durchf\u00fchrung und Betreuung der Labs verantwortlich. \u00a0<\/p>\n\n\n<p><\/p>\n","protected":false},"excerpt":{"rendered":"<p>Dieburg, 08.05.2020 (jr). Das Projektteam \u201eALLE im digitalen Wandel\u201c und seine Projektpartner haben schon mehrmals dort getagt: im Innovation Lab am Mediencampus in Dieburg. Das Innovation Lab ist ein ca. 60 \u00a0Quadratmeter gro\u00dfer Raum, befindet sich im dritten Stock des Eingangsgeb\u00e4udes des Mediencampus und geh\u00f6rt zum \u201eForschungszentrum Digitale Kommunikation und<\/p>\n","protected":false},"author":2,"featured_media":1160,"comment_status":"closed","ping_status":"open","sticky":false,"template":"","format":"standard","meta":{"_themeisle_gutenberg_block_has_review":false},"categories":[1,63],"tags":[68,82],"yoast_head":"<!-- This site is optimized with the Yoast SEO plugin v19.11 - https:\/\/yoast.com\/wordpress\/plugins\/seo\/ -->\n<title>Das Innovation Lab am Mediencampus in Dieburg: Ein Raum f\u00fcr das offene, kreative Arbeiten und Forschen - Alle im digitalen Wandel<\/title>\n<meta name=\"robots\" content=\"index, follow, max-snippet:-1, max-image-preview:large, max-video-preview:-1\" \/>\n<link rel=\"canonical\" href=\"https:\/\/alle-im-digitalen-wandel.de\/home\/das-innovation-lab-am-mediencampus-in-dieburg-ein-raum-fuer-das-offene-kreative-arbeiten-und-forschen\/\" \/>\n<meta property=\"og:locale\" content=\"de_DE\" \/>\n<meta property=\"og:type\" content=\"article\" \/>\n<meta property=\"og:title\" content=\"Das Innovation Lab am Mediencampus in Dieburg: Ein Raum f\u00fcr das offene, kreative Arbeiten und Forschen - Alle im digitalen Wandel\" \/>\n<meta property=\"og:description\" content=\"Dieburg, 08.05.2020 (jr). Das Projektteam \u201eALLE im digitalen Wandel\u201c und seine Projektpartner haben schon mehrmals dort getagt: im Innovation Lab am Mediencampus in Dieburg. Das Innovation Lab ist ein ca. 60 \u00a0Quadratmeter gro\u00dfer Raum, befindet sich im dritten Stock des Eingangsgeb\u00e4udes des Mediencampus und geh\u00f6rt zum \u201eForschungszentrum Digitale Kommunikation und\" \/>\n<meta property=\"og:url\" content=\"https:\/\/alle-im-digitalen-wandel.de\/home\/das-innovation-lab-am-mediencampus-in-dieburg-ein-raum-fuer-das-offene-kreative-arbeiten-und-forschen\/\" \/>\n<meta property=\"og:site_name\" content=\"Alle im digitalen Wandel\" \/>\n<meta property=\"article:published_time\" content=\"2020-05-08T08:39:43+00:00\" \/>\n<meta property=\"article:modified_time\" content=\"2022-09-08T06:56:42+00:00\" \/>\n<meta property=\"og:image\" content=\"https:\/\/alle-im-digitalen-wandel.de\/wp-content\/uploads\/2020\/05\/IMG_4024-scaled.jpg\" \/>\n\t<meta property=\"og:image:width\" content=\"2560\" \/>\n\t<meta property=\"og:image:height\" content=\"1920\" \/>\n\t<meta property=\"og:image:type\" content=\"image\/jpeg\" \/>\n<meta name=\"author\" content=\"Jochen Robes\" \/>\n<meta name=\"twitter:card\" content=\"summary_large_image\" \/>\n<meta name=\"twitter:label1\" content=\"Geschrieben von\" \/>\n\t<meta name=\"twitter:data1\" content=\"Jochen Robes\" \/>\n\t<meta name=\"twitter:label2\" content=\"Gesch\u00e4tzte Lesezeit\" \/>\n\t<meta name=\"twitter:data2\" content=\"7\u00a0Minuten\" \/>\n<script type=\"application\/ld+json\" class=\"yoast-schema-graph\">{\"@context\":\"https:\/\/schema.org\",\"@graph\":[{\"@type\":\"Article\",\"@id\":\"https:\/\/alle-im-digitalen-wandel.de\/home\/das-innovation-lab-am-mediencampus-in-dieburg-ein-raum-fuer-das-offene-kreative-arbeiten-und-forschen\/#article\",\"isPartOf\":{\"@id\":\"https:\/\/alle-im-digitalen-wandel.de\/home\/das-innovation-lab-am-mediencampus-in-dieburg-ein-raum-fuer-das-offene-kreative-arbeiten-und-forschen\/\"},\"author\":{\"name\":\"Jochen Robes\",\"@id\":\"https:\/\/alle-im-digitalen-wandel.de\/home\/#\/schema\/person\/3ee9b44a2143d6ac3d4289f9c449db12\"},\"headline\":\"Das Innovation Lab am Mediencampus in Dieburg: Ein Raum f\u00fcr das offene, kreative Arbeiten und Forschen\",\"datePublished\":\"2020-05-08T08:39:43+00:00\",\"dateModified\":\"2022-09-08T06:56:42+00:00\",\"mainEntityOfPage\":{\"@id\":\"https:\/\/alle-im-digitalen-wandel.de\/home\/das-innovation-lab-am-mediencampus-in-dieburg-ein-raum-fuer-das-offene-kreative-arbeiten-und-forschen\/\"},\"wordCount\":1354,\"publisher\":{\"@id\":\"https:\/\/alle-im-digitalen-wandel.de\/home\/#organization\"},\"keywords\":[\"Experimentierraum\",\"innovation lab\"],\"articleSection\":{\"1\":\"Experimentierr\u00e4ume\"},\"inLanguage\":\"de\"},{\"@type\":\"WebPage\",\"@id\":\"https:\/\/alle-im-digitalen-wandel.de\/home\/das-innovation-lab-am-mediencampus-in-dieburg-ein-raum-fuer-das-offene-kreative-arbeiten-und-forschen\/\",\"url\":\"https:\/\/alle-im-digitalen-wandel.de\/home\/das-innovation-lab-am-mediencampus-in-dieburg-ein-raum-fuer-das-offene-kreative-arbeiten-und-forschen\/\",\"name\":\"Das Innovation Lab am Mediencampus in Dieburg: Ein Raum f\u00fcr das offene, kreative Arbeiten und Forschen - Alle im digitalen Wandel\",\"isPartOf\":{\"@id\":\"https:\/\/alle-im-digitalen-wandel.de\/home\/#website\"},\"datePublished\":\"2020-05-08T08:39:43+00:00\",\"dateModified\":\"2022-09-08T06:56:42+00:00\",\"breadcrumb\":{\"@id\":\"https:\/\/alle-im-digitalen-wandel.de\/home\/das-innovation-lab-am-mediencampus-in-dieburg-ein-raum-fuer-das-offene-kreative-arbeiten-und-forschen\/#breadcrumb\"},\"inLanguage\":\"de\",\"potentialAction\":[{\"@type\":\"ReadAction\",\"target\":[\"https:\/\/alle-im-digitalen-wandel.de\/home\/das-innovation-lab-am-mediencampus-in-dieburg-ein-raum-fuer-das-offene-kreative-arbeiten-und-forschen\/\"]}]},{\"@type\":\"BreadcrumbList\",\"@id\":\"https:\/\/alle-im-digitalen-wandel.de\/home\/das-innovation-lab-am-mediencampus-in-dieburg-ein-raum-fuer-das-offene-kreative-arbeiten-und-forschen\/#breadcrumb\",\"itemListElement\":[{\"@type\":\"ListItem\",\"position\":1,\"name\":\"Startseite\",\"item\":\"https:\/\/alle-im-digitalen-wandel.de\/home\/\"},{\"@type\":\"ListItem\",\"position\":2,\"name\":\"Das Innovation Lab am Mediencampus in Dieburg: Ein Raum f\u00fcr das offene, kreative Arbeiten und Forschen\"}]},{\"@type\":\"WebSite\",\"@id\":\"https:\/\/alle-im-digitalen-wandel.de\/home\/#website\",\"url\":\"https:\/\/alle-im-digitalen-wandel.de\/home\/\",\"name\":\"Alle im digitalen Wandel\",\"description\":\"Ein Projekt der Hochschule Darmstadt\",\"publisher\":{\"@id\":\"https:\/\/alle-im-digitalen-wandel.de\/home\/#organization\"},\"potentialAction\":[{\"@type\":\"SearchAction\",\"target\":{\"@type\":\"EntryPoint\",\"urlTemplate\":\"https:\/\/alle-im-digitalen-wandel.de\/home\/?s={search_term_string}\"},\"query-input\":\"required name=search_term_string\"}],\"inLanguage\":\"de\"},{\"@type\":\"Organization\",\"@id\":\"https:\/\/alle-im-digitalen-wandel.de\/home\/#organization\",\"name\":\"Alle im digitalen Wandel\",\"url\":\"https:\/\/alle-im-digitalen-wandel.de\/home\/\",\"logo\":{\"@type\":\"ImageObject\",\"inLanguage\":\"de\",\"@id\":\"https:\/\/alle-im-digitalen-wandel.de\/home\/#\/schema\/logo\/image\/\",\"url\":\"https:\/\/alle-im-digitalen-wandel.de\/wp-content\/uploads\/2020\/07\/cropped-Frame21.png\",\"contentUrl\":\"https:\/\/alle-im-digitalen-wandel.de\/wp-content\/uploads\/2020\/07\/cropped-Frame21.png\",\"width\":1786,\"height\":782,\"caption\":\"Alle im digitalen Wandel\"},\"image\":{\"@id\":\"https:\/\/alle-im-digitalen-wandel.de\/home\/#\/schema\/logo\/image\/\"}},{\"@type\":\"Person\",\"@id\":\"https:\/\/alle-im-digitalen-wandel.de\/home\/#\/schema\/person\/3ee9b44a2143d6ac3d4289f9c449db12\",\"name\":\"Jochen Robes\",\"image\":{\"@type\":\"ImageObject\",\"inLanguage\":\"de\",\"@id\":\"https:\/\/alle-im-digitalen-wandel.de\/home\/#\/schema\/person\/image\/\",\"url\":\"https:\/\/secure.gravatar.com\/avatar\/f51e4fe3e2ce1d33851606cfeb63d21d?s=96&d=mm&r=g\",\"contentUrl\":\"https:\/\/secure.gravatar.com\/avatar\/f51e4fe3e2ce1d33851606cfeb63d21d?s=96&d=mm&r=g\",\"caption\":\"Jochen Robes\"},\"sameAs\":[\"http:\/\/www.weiterbildungsblog.de\"],\"url\":\"https:\/\/alle-im-digitalen-wandel.de\/home\/author\/jochen-robes\/\"}]}<\/script>\n<!-- \/ Yoast SEO plugin. -->","yoast_head_json":{"title":"Das Innovation Lab am Mediencampus in Dieburg: Ein Raum f\u00fcr das offene, kreative Arbeiten und Forschen - Alle im digitalen Wandel","robots":{"index":"index","follow":"follow","max-snippet":"max-snippet:-1","max-image-preview":"max-image-preview:large","max-video-preview":"max-video-preview:-1"},"canonical":"https:\/\/alle-im-digitalen-wandel.de\/home\/das-innovation-lab-am-mediencampus-in-dieburg-ein-raum-fuer-das-offene-kreative-arbeiten-und-forschen\/","og_locale":"de_DE","og_type":"article","og_title":"Das Innovation Lab am Mediencampus in Dieburg: Ein Raum f\u00fcr das offene, kreative Arbeiten und Forschen - Alle im digitalen Wandel","og_description":"Dieburg, 08.05.2020 (jr). Das Projektteam \u201eALLE im digitalen Wandel\u201c und seine Projektpartner haben schon mehrmals dort getagt: im Innovation Lab am Mediencampus in Dieburg. Das Innovation Lab ist ein ca. 60 \u00a0Quadratmeter gro\u00dfer Raum, befindet sich im dritten Stock des Eingangsgeb\u00e4udes des Mediencampus und geh\u00f6rt zum \u201eForschungszentrum Digitale Kommunikation und","og_url":"https:\/\/alle-im-digitalen-wandel.de\/home\/das-innovation-lab-am-mediencampus-in-dieburg-ein-raum-fuer-das-offene-kreative-arbeiten-und-forschen\/","og_site_name":"Alle im digitalen Wandel","article_published_time":"2020-05-08T08:39:43+00:00","article_modified_time":"2022-09-08T06:56:42+00:00","og_image":[{"width":2560,"height":1920,"url":"https:\/\/alle-im-digitalen-wandel.de\/wp-content\/uploads\/2020\/05\/IMG_4024-scaled.jpg","type":"image\/jpeg"}],"author":"Jochen Robes","twitter_card":"summary_large_image","twitter_misc":{"Geschrieben von":"Jochen Robes","Gesch\u00e4tzte Lesezeit":"7\u00a0Minuten"},"schema":{"@context":"https:\/\/schema.org","@graph":[{"@type":"Article","@id":"https:\/\/alle-im-digitalen-wandel.de\/home\/das-innovation-lab-am-mediencampus-in-dieburg-ein-raum-fuer-das-offene-kreative-arbeiten-und-forschen\/#article","isPartOf":{"@id":"https:\/\/alle-im-digitalen-wandel.de\/home\/das-innovation-lab-am-mediencampus-in-dieburg-ein-raum-fuer-das-offene-kreative-arbeiten-und-forschen\/"},"author":{"name":"Jochen Robes","@id":"https:\/\/alle-im-digitalen-wandel.de\/home\/#\/schema\/person\/3ee9b44a2143d6ac3d4289f9c449db12"},"headline":"Das Innovation Lab am Mediencampus in Dieburg: Ein Raum f\u00fcr das offene, kreative Arbeiten und Forschen","datePublished":"2020-05-08T08:39:43+00:00","dateModified":"2022-09-08T06:56:42+00:00","mainEntityOfPage":{"@id":"https:\/\/alle-im-digitalen-wandel.de\/home\/das-innovation-lab-am-mediencampus-in-dieburg-ein-raum-fuer-das-offene-kreative-arbeiten-und-forschen\/"},"wordCount":1354,"publisher":{"@id":"https:\/\/alle-im-digitalen-wandel.de\/home\/#organization"},"keywords":["Experimentierraum","innovation lab"],"articleSection":{"1":"Experimentierr\u00e4ume"},"inLanguage":"de"},{"@type":"WebPage","@id":"https:\/\/alle-im-digitalen-wandel.de\/home\/das-innovation-lab-am-mediencampus-in-dieburg-ein-raum-fuer-das-offene-kreative-arbeiten-und-forschen\/","url":"https:\/\/alle-im-digitalen-wandel.de\/home\/das-innovation-lab-am-mediencampus-in-dieburg-ein-raum-fuer-das-offene-kreative-arbeiten-und-forschen\/","name":"Das Innovation Lab am Mediencampus in Dieburg: Ein Raum f\u00fcr das offene, kreative Arbeiten und Forschen - Alle im digitalen Wandel","isPartOf":{"@id":"https:\/\/alle-im-digitalen-wandel.de\/home\/#website"},"datePublished":"2020-05-08T08:39:43+00:00","dateModified":"2022-09-08T06:56:42+00:00","breadcrumb":{"@id":"https:\/\/alle-im-digitalen-wandel.de\/home\/das-innovation-lab-am-mediencampus-in-dieburg-ein-raum-fuer-das-offene-kreative-arbeiten-und-forschen\/#breadcrumb"},"inLanguage":"de","potentialAction":[{"@type":"ReadAction","target":["https:\/\/alle-im-digitalen-wandel.de\/home\/das-innovation-lab-am-mediencampus-in-dieburg-ein-raum-fuer-das-offene-kreative-arbeiten-und-forschen\/"]}]},{"@type":"BreadcrumbList","@id":"https:\/\/alle-im-digitalen-wandel.de\/home\/das-innovation-lab-am-mediencampus-in-dieburg-ein-raum-fuer-das-offene-kreative-arbeiten-und-forschen\/#breadcrumb","itemListElement":[{"@type":"ListItem","position":1,"name":"Startseite","item":"https:\/\/alle-im-digitalen-wandel.de\/home\/"},{"@type":"ListItem","position":2,"name":"Das Innovation Lab am Mediencampus in Dieburg: Ein Raum f\u00fcr das offene, kreative Arbeiten und Forschen"}]},{"@type":"WebSite","@id":"https:\/\/alle-im-digitalen-wandel.de\/home\/#website","url":"https:\/\/alle-im-digitalen-wandel.de\/home\/","name":"Alle im digitalen Wandel","description":"Ein Projekt der Hochschule Darmstadt","publisher":{"@id":"https:\/\/alle-im-digitalen-wandel.de\/home\/#organization"},"potentialAction":[{"@type":"SearchAction","target":{"@type":"EntryPoint","urlTemplate":"https:\/\/alle-im-digitalen-wandel.de\/home\/?s={search_term_string}"},"query-input":"required name=search_term_string"}],"inLanguage":"de"},{"@type":"Organization","@id":"https:\/\/alle-im-digitalen-wandel.de\/home\/#organization","name":"Alle im digitalen Wandel","url":"https:\/\/alle-im-digitalen-wandel.de\/home\/","logo":{"@type":"ImageObject","inLanguage":"de","@id":"https:\/\/alle-im-digitalen-wandel.de\/home\/#\/schema\/logo\/image\/","url":"https:\/\/alle-im-digitalen-wandel.de\/wp-content\/uploads\/2020\/07\/cropped-Frame21.png","contentUrl":"https:\/\/alle-im-digitalen-wandel.de\/wp-content\/uploads\/2020\/07\/cropped-Frame21.png","width":1786,"height":782,"caption":"Alle im digitalen Wandel"},"image":{"@id":"https:\/\/alle-im-digitalen-wandel.de\/home\/#\/schema\/logo\/image\/"}},{"@type":"Person","@id":"https:\/\/alle-im-digitalen-wandel.de\/home\/#\/schema\/person\/3ee9b44a2143d6ac3d4289f9c449db12","name":"Jochen Robes","image":{"@type":"ImageObject","inLanguage":"de","@id":"https:\/\/alle-im-digitalen-wandel.de\/home\/#\/schema\/person\/image\/","url":"https:\/\/secure.gravatar.com\/avatar\/f51e4fe3e2ce1d33851606cfeb63d21d?s=96&d=mm&r=g","contentUrl":"https:\/\/secure.gravatar.com\/avatar\/f51e4fe3e2ce1d33851606cfeb63d21d?s=96&d=mm&r=g","caption":"Jochen Robes"},"sameAs":["http:\/\/www.weiterbildungsblog.de"],"url":"https:\/\/alle-im-digitalen-wandel.de\/home\/author\/jochen-robes\/"}]}},"_links":{"self":[{"href":"https:\/\/alle-im-digitalen-wandel.de\/home\/wp-json\/wp\/v2\/posts\/1158"}],"collection":[{"href":"https:\/\/alle-im-digitalen-wandel.de\/home\/wp-json\/wp\/v2\/posts"}],"about":[{"href":"https:\/\/alle-im-digitalen-wandel.de\/home\/wp-json\/wp\/v2\/types\/post"}],"author":[{"embeddable":true,"href":"https:\/\/alle-im-digitalen-wandel.de\/home\/wp-json\/wp\/v2\/users\/2"}],"replies":[{"embeddable":true,"href":"https:\/\/alle-im-digitalen-wandel.de\/home\/wp-json\/wp\/v2\/comments?post=1158"}],"version-history":[{"count":8,"href":"https:\/\/alle-im-digitalen-wandel.de\/home\/wp-json\/wp\/v2\/posts\/1158\/revisions"}],"predecessor-version":[{"id":1173,"href":"https:\/\/alle-im-digitalen-wandel.de\/home\/wp-json\/wp\/v2\/posts\/1158\/revisions\/1173"}],"wp:featuredmedia":[{"embeddable":true,"href":"https:\/\/alle-im-digitalen-wandel.de\/home\/wp-json\/wp\/v2\/media\/1160"}],"wp:attachment":[{"href":"https:\/\/alle-im-digitalen-wandel.de\/home\/wp-json\/wp\/v2\/media?parent=1158"}],"wp:term":[{"taxonomy":"category","embeddable":true,"href":"https:\/\/alle-im-digitalen-wandel.de\/home\/wp-json\/wp\/v2\/categories?post=1158"},{"taxonomy":"post_tag","embeddable":true,"href":"https:\/\/alle-im-digitalen-wandel.de\/home\/wp-json\/wp\/v2\/tags?post=1158"}],"curies":[{"name":"wp","href":"https:\/\/api.w.org\/{rel}","templated":true}]}}