{"id":1122,"date":"2020-03-02T10:09:49","date_gmt":"2020-03-02T09:09:49","guid":{"rendered":"https:\/\/alle-im-digitalen-wandel.de\/home\/?p=1122"},"modified":"2022-09-08T08:56:43","modified_gmt":"2022-09-08T06:56:43","slug":"4-%c2%bd-fragen-an-holger-hiltmann-merck","status":"publish","type":"post","link":"https:\/\/alle-im-digitalen-wandel.de\/home\/4-%c2%bd-fragen-an-holger-hiltmann-merck\/","title":{"rendered":"4 \u00bd Fragen an &#8230; Holger Hiltmann (Merck)"},"content":{"rendered":"\n<h2>4 \u00bd Fragen an \u2026 Holger Hiltmann (Merck)<\/h2>\n\n\n\n<p>In unserer Kategorie &#8222;<a href=\"https:\/\/alle-im-digitalen-wandel.de\/home\/blog\">4\u00bd Fragen an\u2026<\/a>&#8220; wollen wir ihnen regelm\u00e4\u00dfig unsere Projektpartner etwas genauer vorstellen. Diesmal 4 \u00bd Fragen an Holger Hiltmann von <a href=\"https:\/\/www.merckgroup.com\/de\">Merck<\/a>. <\/p>\n\n\n\n<div class=\"is-layout-flex wp-container-3 wp-block-columns\">\n<div class=\"is-layout-flow wp-block-column\">\n<figure class=\"wp-block-image size-large\"><img decoding=\"async\" loading=\"lazy\" width=\"358\" height=\"477\" src=\"https:\/\/alle-im-digitalen-wandel.de\/wp-content\/uploads\/2020\/02\/Newsletter_ALLE_im_digitalen_Wandel_2.jpg\" alt=\"\" class=\"wp-image-1123\" srcset=\"https:\/\/alle-im-digitalen-wandel.de\/wp-content\/uploads\/2020\/02\/Newsletter_ALLE_im_digitalen_Wandel_2.jpg 358w, https:\/\/alle-im-digitalen-wandel.de\/wp-content\/uploads\/2020\/02\/Newsletter_ALLE_im_digitalen_Wandel_2-225x300.jpg 225w\" sizes=\"(max-width: 358px) 100vw, 358px\" \/><figcaption>Holger Hiltmann<\/figcaption><\/figure>\n<\/div>\n\n\n\n<div class=\"is-layout-flow wp-block-column\">\n<h4><strong><br>\u201eWas macht das Projekt \u201eALLE im digitalen Wandel\u201c f\u00fcr Sie spannend?\u201c&nbsp;<\/strong><\/h4>\n\n\n\n<p>Mir gef\u00e4llt die diverse Zusammensetzung der Projektmitglieder und damit verbunden die teils unterschiedlichen Fragestellungen und Herausforderungen in den einzelnen H\u00e4usern. Daraus ergeben sich immer wieder neue Erkenntnisse und Sichtweisen auf bekannte Themen- und Fragestellungen. Die sehr gute Projektmoderation der h_da erlebe ich hierbei als besonders wertvoll.&nbsp;<br><\/p>\n\n\n\n<h4><strong>\u201eWelche M\u00f6glichkeiten der Digitalisierung bereiten Ihnen aktuell viel Freude?\u201c&nbsp;<\/strong><\/h4>\n\n\n\n<p>Durch die M\u00f6glichkeiten der Digitalisierung kann ich zeitlich und \u00f6rtlich deutlich flexibler arbeiten als fr\u00fcher. Dadurch kann ich private und berufliche Aktivit\u00e4ten viel harmonischer und effizienter miteinander verzahnen, ziehe daraus sehr viel Motivation und bin meines Erachtens deutlich effektiver in vielen Dingen.&nbsp;<\/p>\n<\/div>\n<\/div>\n\n\n\n<p><\/p>\n\n\n\n<h4><strong>\u201eVor welche pers\u00f6nliche Herausforderung stellt Sie der digitale Wandel gerade?\u201c&nbsp;<\/strong><\/h4>\n\n\n\n<p>Der digitale Wandel ver\u00e4ndert T\u00e4tigkeiten und Berufsbilder \u2013 wie disruptiv und rasant wird sich zeigen. Allerdings muss ich in meinem Job (Auswahl und 2-3 j\u00e4hrige Ausbildung von jungen Menschen) f\u00fcr eine Arbeitswelt in 3-4 Jahren planen. Da ich die Arbeitswelt 2023 nicht kenne, stelle es eine nicht zu untersch\u00e4tzende Herausforderung dar, hierf\u00fcr -schon heute- die richtigen Berufsbilder und dualen Studieng\u00e4nge auszuw\u00e4hlen und anzubieten.&nbsp;<\/p>\n\n\n\n<h4><strong>\u201eAuf welches analoge Tool m\u00f6chten Sie im Arbeitsalltag nicht verzichten?\u201c&nbsp;<\/strong><\/h4>\n\n\n\n<p>Edding und Flipchart.&nbsp;<\/p>\n\n\n\n<h4><strong>\u201eH\u00f6ren muss sein. Ihr Lieblingspodcast?\u201c&nbsp;<\/strong><\/h4>\n\n\n\n<p>\u201eExtase auf Hessisch\u201c (Alle Tore des DFB-Pokalfinales 2018 mit dem HR-H\u00f6rfunk-Kommentar von Reporter Philipp Hofmeister)&nbsp;<\/p>\n","protected":false},"excerpt":{"rendered":"<p>In unserer Kategorie &#8222;4\u00bd Fragen an\u2026&#8220; wollen wir ihnen unsere unterschiedlichen Projektpartner etwas genauer vorstellen. So erhalten sie in regelm\u00e4\u00dfigen Abst\u00e4nden einen kleinen Einblick hinter die Kulissen. Diesmal 4 \u00bd Fragen an Holger Hiltmann von Merck. <\/p>\n","protected":false},"author":8,"featured_media":1123,"comment_status":"closed","ping_status":"open","sticky":false,"template":"","format":"standard","meta":{"_themeisle_gutenberg_block_has_review":false},"categories":[61,45,1,70],"tags":[81,15,71,51,47,13,14],"yoast_head":"<!-- This site is optimized with the Yoast SEO plugin v19.11 - https:\/\/yoast.com\/wordpress\/plugins\/seo\/ -->\n<title>4 \u00bd Fragen an ... Holger Hiltmann (Merck) - Alle im digitalen Wandel<\/title>\n<meta name=\"description\" content=\"In unserer Kategorie &quot; 4\u00bd Fragen an&quot; stellen wir ihnen regelm\u00e4\u00dfig unsere Projektpartner etwas genauer vor. Diesmal 4\u00bd Fragen an Holger Hiltmann von Merck.\" \/>\n<meta name=\"robots\" content=\"index, follow, max-snippet:-1, max-image-preview:large, max-video-preview:-1\" \/>\n<link rel=\"canonical\" href=\"https:\/\/alle-im-digitalen-wandel.de\/home\/4-\u00bd-fragen-an-holger-hiltmann-merck\/\" \/>\n<meta property=\"og:locale\" content=\"de_DE\" \/>\n<meta property=\"og:type\" content=\"article\" \/>\n<meta property=\"og:title\" content=\"4 \u00bd Fragen an ... Holger Hiltmann (Merck) - Alle im digitalen Wandel\" \/>\n<meta property=\"og:description\" content=\"In unserer Kategorie &quot; 4\u00bd Fragen an&quot; stellen wir ihnen regelm\u00e4\u00dfig unsere Projektpartner etwas genauer vor. Diesmal 4\u00bd Fragen an Holger Hiltmann von Merck.\" \/>\n<meta property=\"og:url\" content=\"https:\/\/alle-im-digitalen-wandel.de\/home\/4-\u00bd-fragen-an-holger-hiltmann-merck\/\" \/>\n<meta property=\"og:site_name\" content=\"Alle im digitalen Wandel\" \/>\n<meta property=\"article:published_time\" content=\"2020-03-02T09:09:49+00:00\" \/>\n<meta property=\"article:modified_time\" content=\"2022-09-08T06:56:43+00:00\" \/>\n<meta property=\"og:image\" content=\"https:\/\/alle-im-digitalen-wandel.de\/wp-content\/uploads\/2020\/02\/Newsletter_ALLE_im_digitalen_Wandel_2.jpg\" \/>\n\t<meta property=\"og:image:width\" content=\"358\" \/>\n\t<meta property=\"og:image:height\" content=\"477\" \/>\n\t<meta property=\"og:image:type\" content=\"image\/jpeg\" \/>\n<meta name=\"author\" content=\"Hannah Sch\u00fcrr\" \/>\n<meta name=\"twitter:card\" content=\"summary_large_image\" \/>\n<meta name=\"twitter:label1\" content=\"Geschrieben von\" \/>\n\t<meta name=\"twitter:data1\" content=\"Hannah Sch\u00fcrr\" \/>\n\t<meta name=\"twitter:label2\" content=\"Gesch\u00e4tzte Lesezeit\" \/>\n\t<meta name=\"twitter:data2\" content=\"1\u00a0Minute\" \/>\n<script type=\"application\/ld+json\" class=\"yoast-schema-graph\">{\"@context\":\"https:\/\/schema.org\",\"@graph\":[{\"@type\":\"Article\",\"@id\":\"https:\/\/alle-im-digitalen-wandel.de\/home\/4-%c2%bd-fragen-an-holger-hiltmann-merck\/#article\",\"isPartOf\":{\"@id\":\"https:\/\/alle-im-digitalen-wandel.de\/home\/4-%c2%bd-fragen-an-holger-hiltmann-merck\/\"},\"author\":{\"name\":\"Hannah Sch\u00fcrr\",\"@id\":\"https:\/\/alle-im-digitalen-wandel.de\/home\/#\/schema\/person\/3d7f64faef3a377db5c4ae38b6826b46\"},\"headline\":\"4 \u00bd Fragen an &#8230; Holger Hiltmann (Merck)\",\"datePublished\":\"2020-03-02T09:09:49+00:00\",\"dateModified\":\"2022-09-08T06:56:43+00:00\",\"mainEntityOfPage\":{\"@id\":\"https:\/\/alle-im-digitalen-wandel.de\/home\/4-%c2%bd-fragen-an-holger-hiltmann-merck\/\"},\"wordCount\":275,\"publisher\":{\"@id\":\"https:\/\/alle-im-digitalen-wandel.de\/home\/#organization\"},\"keywords\":[\"Digitaler Wandel\",\"digitalisierung\",\"Fragen\",\"Interview\",\"merck\",\"Projektpartner\",\"tools\"],\"articleSection\":{\"0\":\"4 \u00bd Fragen an ...\",\"1\":\"Aktuelles\",\"3\":\"Projektpartner\"},\"inLanguage\":\"de\"},{\"@type\":\"WebPage\",\"@id\":\"https:\/\/alle-im-digitalen-wandel.de\/home\/4-%c2%bd-fragen-an-holger-hiltmann-merck\/\",\"url\":\"https:\/\/alle-im-digitalen-wandel.de\/home\/4-%c2%bd-fragen-an-holger-hiltmann-merck\/\",\"name\":\"4 \u00bd Fragen an ... Holger Hiltmann (Merck) - Alle im digitalen Wandel\",\"isPartOf\":{\"@id\":\"https:\/\/alle-im-digitalen-wandel.de\/home\/#website\"},\"datePublished\":\"2020-03-02T09:09:49+00:00\",\"dateModified\":\"2022-09-08T06:56:43+00:00\",\"description\":\"In unserer Kategorie \\\" 4\u00bd Fragen an\\\" stellen wir ihnen regelm\u00e4\u00dfig unsere Projektpartner etwas genauer vor. Diesmal 4\u00bd Fragen an Holger Hiltmann von Merck.\",\"breadcrumb\":{\"@id\":\"https:\/\/alle-im-digitalen-wandel.de\/home\/4-%c2%bd-fragen-an-holger-hiltmann-merck\/#breadcrumb\"},\"inLanguage\":\"de\",\"potentialAction\":[{\"@type\":\"ReadAction\",\"target\":[\"https:\/\/alle-im-digitalen-wandel.de\/home\/4-%c2%bd-fragen-an-holger-hiltmann-merck\/\"]}]},{\"@type\":\"BreadcrumbList\",\"@id\":\"https:\/\/alle-im-digitalen-wandel.de\/home\/4-%c2%bd-fragen-an-holger-hiltmann-merck\/#breadcrumb\",\"itemListElement\":[{\"@type\":\"ListItem\",\"position\":1,\"name\":\"Startseite\",\"item\":\"https:\/\/alle-im-digitalen-wandel.de\/home\/\"},{\"@type\":\"ListItem\",\"position\":2,\"name\":\"4 \u00bd Fragen an &#8230; Holger Hiltmann (Merck)\"}]},{\"@type\":\"WebSite\",\"@id\":\"https:\/\/alle-im-digitalen-wandel.de\/home\/#website\",\"url\":\"https:\/\/alle-im-digitalen-wandel.de\/home\/\",\"name\":\"Alle im digitalen Wandel\",\"description\":\"Ein Projekt der Hochschule Darmstadt\",\"publisher\":{\"@id\":\"https:\/\/alle-im-digitalen-wandel.de\/home\/#organization\"},\"potentialAction\":[{\"@type\":\"SearchAction\",\"target\":{\"@type\":\"EntryPoint\",\"urlTemplate\":\"https:\/\/alle-im-digitalen-wandel.de\/home\/?s={search_term_string}\"},\"query-input\":\"required name=search_term_string\"}],\"inLanguage\":\"de\"},{\"@type\":\"Organization\",\"@id\":\"https:\/\/alle-im-digitalen-wandel.de\/home\/#organization\",\"name\":\"Alle im digitalen Wandel\",\"url\":\"https:\/\/alle-im-digitalen-wandel.de\/home\/\",\"logo\":{\"@type\":\"ImageObject\",\"inLanguage\":\"de\",\"@id\":\"https:\/\/alle-im-digitalen-wandel.de\/home\/#\/schema\/logo\/image\/\",\"url\":\"https:\/\/alle-im-digitalen-wandel.de\/wp-content\/uploads\/2020\/07\/cropped-Frame21.png\",\"contentUrl\":\"https:\/\/alle-im-digitalen-wandel.de\/wp-content\/uploads\/2020\/07\/cropped-Frame21.png\",\"width\":1786,\"height\":782,\"caption\":\"Alle im digitalen Wandel\"},\"image\":{\"@id\":\"https:\/\/alle-im-digitalen-wandel.de\/home\/#\/schema\/logo\/image\/\"}},{\"@type\":\"Person\",\"@id\":\"https:\/\/alle-im-digitalen-wandel.de\/home\/#\/schema\/person\/3d7f64faef3a377db5c4ae38b6826b46\",\"name\":\"Hannah Sch\u00fcrr\",\"image\":{\"@type\":\"ImageObject\",\"inLanguage\":\"de\",\"@id\":\"https:\/\/alle-im-digitalen-wandel.de\/home\/#\/schema\/person\/image\/\",\"url\":\"https:\/\/secure.gravatar.com\/avatar\/105003cd460c39b8aa14ea5776f3d7b3?s=96&d=mm&r=g\",\"contentUrl\":\"https:\/\/secure.gravatar.com\/avatar\/105003cd460c39b8aa14ea5776f3d7b3?s=96&d=mm&r=g\",\"caption\":\"Hannah Sch\u00fcrr\"},\"url\":\"https:\/\/alle-im-digitalen-wandel.de\/home\/author\/hannah-schuerr\/\"}]}<\/script>\n<!-- \/ Yoast SEO plugin. -->","yoast_head_json":{"title":"4 \u00bd Fragen an ... Holger Hiltmann (Merck) - Alle im digitalen Wandel","description":"In unserer Kategorie \" 4\u00bd Fragen an\" stellen wir ihnen regelm\u00e4\u00dfig unsere Projektpartner etwas genauer vor. Diesmal 4\u00bd Fragen an Holger Hiltmann von Merck.","robots":{"index":"index","follow":"follow","max-snippet":"max-snippet:-1","max-image-preview":"max-image-preview:large","max-video-preview":"max-video-preview:-1"},"canonical":"https:\/\/alle-im-digitalen-wandel.de\/home\/4-\u00bd-fragen-an-holger-hiltmann-merck\/","og_locale":"de_DE","og_type":"article","og_title":"4 \u00bd Fragen an ... Holger Hiltmann (Merck) - Alle im digitalen Wandel","og_description":"In unserer Kategorie \" 4\u00bd Fragen an\" stellen wir ihnen regelm\u00e4\u00dfig unsere Projektpartner etwas genauer vor. Diesmal 4\u00bd Fragen an Holger Hiltmann von Merck.","og_url":"https:\/\/alle-im-digitalen-wandel.de\/home\/4-\u00bd-fragen-an-holger-hiltmann-merck\/","og_site_name":"Alle im digitalen Wandel","article_published_time":"2020-03-02T09:09:49+00:00","article_modified_time":"2022-09-08T06:56:43+00:00","og_image":[{"width":358,"height":477,"url":"https:\/\/alle-im-digitalen-wandel.de\/wp-content\/uploads\/2020\/02\/Newsletter_ALLE_im_digitalen_Wandel_2.jpg","type":"image\/jpeg"}],"author":"Hannah Sch\u00fcrr","twitter_card":"summary_large_image","twitter_misc":{"Geschrieben von":"Hannah Sch\u00fcrr","Gesch\u00e4tzte Lesezeit":"1\u00a0Minute"},"schema":{"@context":"https:\/\/schema.org","@graph":[{"@type":"Article","@id":"https:\/\/alle-im-digitalen-wandel.de\/home\/4-%c2%bd-fragen-an-holger-hiltmann-merck\/#article","isPartOf":{"@id":"https:\/\/alle-im-digitalen-wandel.de\/home\/4-%c2%bd-fragen-an-holger-hiltmann-merck\/"},"author":{"name":"Hannah Sch\u00fcrr","@id":"https:\/\/alle-im-digitalen-wandel.de\/home\/#\/schema\/person\/3d7f64faef3a377db5c4ae38b6826b46"},"headline":"4 \u00bd Fragen an &#8230; Holger Hiltmann (Merck)","datePublished":"2020-03-02T09:09:49+00:00","dateModified":"2022-09-08T06:56:43+00:00","mainEntityOfPage":{"@id":"https:\/\/alle-im-digitalen-wandel.de\/home\/4-%c2%bd-fragen-an-holger-hiltmann-merck\/"},"wordCount":275,"publisher":{"@id":"https:\/\/alle-im-digitalen-wandel.de\/home\/#organization"},"keywords":["Digitaler Wandel","digitalisierung","Fragen","Interview","merck","Projektpartner","tools"],"articleSection":{"0":"4 \u00bd Fragen an ...","1":"Aktuelles","3":"Projektpartner"},"inLanguage":"de"},{"@type":"WebPage","@id":"https:\/\/alle-im-digitalen-wandel.de\/home\/4-%c2%bd-fragen-an-holger-hiltmann-merck\/","url":"https:\/\/alle-im-digitalen-wandel.de\/home\/4-%c2%bd-fragen-an-holger-hiltmann-merck\/","name":"4 \u00bd Fragen an ... Holger Hiltmann (Merck) - Alle im digitalen Wandel","isPartOf":{"@id":"https:\/\/alle-im-digitalen-wandel.de\/home\/#website"},"datePublished":"2020-03-02T09:09:49+00:00","dateModified":"2022-09-08T06:56:43+00:00","description":"In unserer Kategorie \" 4\u00bd Fragen an\" stellen wir ihnen regelm\u00e4\u00dfig unsere Projektpartner etwas genauer vor. Diesmal 4\u00bd Fragen an Holger Hiltmann von Merck.","breadcrumb":{"@id":"https:\/\/alle-im-digitalen-wandel.de\/home\/4-%c2%bd-fragen-an-holger-hiltmann-merck\/#breadcrumb"},"inLanguage":"de","potentialAction":[{"@type":"ReadAction","target":["https:\/\/alle-im-digitalen-wandel.de\/home\/4-%c2%bd-fragen-an-holger-hiltmann-merck\/"]}]},{"@type":"BreadcrumbList","@id":"https:\/\/alle-im-digitalen-wandel.de\/home\/4-%c2%bd-fragen-an-holger-hiltmann-merck\/#breadcrumb","itemListElement":[{"@type":"ListItem","position":1,"name":"Startseite","item":"https:\/\/alle-im-digitalen-wandel.de\/home\/"},{"@type":"ListItem","position":2,"name":"4 \u00bd Fragen an &#8230; Holger Hiltmann (Merck)"}]},{"@type":"WebSite","@id":"https:\/\/alle-im-digitalen-wandel.de\/home\/#website","url":"https:\/\/alle-im-digitalen-wandel.de\/home\/","name":"Alle im digitalen Wandel","description":"Ein Projekt der Hochschule Darmstadt","publisher":{"@id":"https:\/\/alle-im-digitalen-wandel.de\/home\/#organization"},"potentialAction":[{"@type":"SearchAction","target":{"@type":"EntryPoint","urlTemplate":"https:\/\/alle-im-digitalen-wandel.de\/home\/?s={search_term_string}"},"query-input":"required name=search_term_string"}],"inLanguage":"de"},{"@type":"Organization","@id":"https:\/\/alle-im-digitalen-wandel.de\/home\/#organization","name":"Alle im digitalen Wandel","url":"https:\/\/alle-im-digitalen-wandel.de\/home\/","logo":{"@type":"ImageObject","inLanguage":"de","@id":"https:\/\/alle-im-digitalen-wandel.de\/home\/#\/schema\/logo\/image\/","url":"https:\/\/alle-im-digitalen-wandel.de\/wp-content\/uploads\/2020\/07\/cropped-Frame21.png","contentUrl":"https:\/\/alle-im-digitalen-wandel.de\/wp-content\/uploads\/2020\/07\/cropped-Frame21.png","width":1786,"height":782,"caption":"Alle im digitalen Wandel"},"image":{"@id":"https:\/\/alle-im-digitalen-wandel.de\/home\/#\/schema\/logo\/image\/"}},{"@type":"Person","@id":"https:\/\/alle-im-digitalen-wandel.de\/home\/#\/schema\/person\/3d7f64faef3a377db5c4ae38b6826b46","name":"Hannah Sch\u00fcrr","image":{"@type":"ImageObject","inLanguage":"de","@id":"https:\/\/alle-im-digitalen-wandel.de\/home\/#\/schema\/person\/image\/","url":"https:\/\/secure.gravatar.com\/avatar\/105003cd460c39b8aa14ea5776f3d7b3?s=96&d=mm&r=g","contentUrl":"https:\/\/secure.gravatar.com\/avatar\/105003cd460c39b8aa14ea5776f3d7b3?s=96&d=mm&r=g","caption":"Hannah Sch\u00fcrr"},"url":"https:\/\/alle-im-digitalen-wandel.de\/home\/author\/hannah-schuerr\/"}]}},"_links":{"self":[{"href":"https:\/\/alle-im-digitalen-wandel.de\/home\/wp-json\/wp\/v2\/posts\/1122"}],"collection":[{"href":"https:\/\/alle-im-digitalen-wandel.de\/home\/wp-json\/wp\/v2\/posts"}],"about":[{"href":"https:\/\/alle-im-digitalen-wandel.de\/home\/wp-json\/wp\/v2\/types\/post"}],"author":[{"embeddable":true,"href":"https:\/\/alle-im-digitalen-wandel.de\/home\/wp-json\/wp\/v2\/users\/8"}],"replies":[{"embeddable":true,"href":"https:\/\/alle-im-digitalen-wandel.de\/home\/wp-json\/wp\/v2\/comments?post=1122"}],"version-history":[{"count":6,"href":"https:\/\/alle-im-digitalen-wandel.de\/home\/wp-json\/wp\/v2\/posts\/1122\/revisions"}],"predecessor-version":[{"id":1132,"href":"https:\/\/alle-im-digitalen-wandel.de\/home\/wp-json\/wp\/v2\/posts\/1122\/revisions\/1132"}],"wp:featuredmedia":[{"embeddable":true,"href":"https:\/\/alle-im-digitalen-wandel.de\/home\/wp-json\/wp\/v2\/media\/1123"}],"wp:attachment":[{"href":"https:\/\/alle-im-digitalen-wandel.de\/home\/wp-json\/wp\/v2\/media?parent=1122"}],"wp:term":[{"taxonomy":"category","embeddable":true,"href":"https:\/\/alle-im-digitalen-wandel.de\/home\/wp-json\/wp\/v2\/categories?post=1122"},{"taxonomy":"post_tag","embeddable":true,"href":"https:\/\/alle-im-digitalen-wandel.de\/home\/wp-json\/wp\/v2\/tags?post=1122"}],"curies":[{"name":"wp","href":"https:\/\/api.w.org\/{rel}","templated":true}]}}