{"id":108,"date":"2019-07-15T17:53:17","date_gmt":"2019-07-15T15:53:17","guid":{"rendered":"http:\/\/alle-im-digitalen-wandel.de\/wordpress\/?p=108"},"modified":"2022-09-08T08:57:01","modified_gmt":"2022-09-08T06:57:01","slug":"fundstuecke-juli-2019","status":"publish","type":"post","link":"https:\/\/alle-im-digitalen-wandel.de\/home\/fundstuecke-juli-2019\/","title":{"rendered":"Fundst\u00fccke, Juli 2019"},"content":{"rendered":"\n<h2>Fundst\u00fccke im Netz, Juli 2019<\/h2>\n\n\n\n<p><strong>Nationale Weiterbildungsstrategie. Hrsg. von Bundesministerium f\u00fcr Arbeit und Soziales (BMAS) und Bundesministerium f\u00fcr Bildung und Forschung (BMBF), Juni 2019 (23 S.)&nbsp;<\/strong><br>Zehn Handlungsziele werden formuliert und mit konkreten Ma\u00dfnahmen verbunden. Im Zentrum steht der Ruf nach einer neuen Weiterbildungskultur in Deutschland, \u201edie Weiterbildung als selbstverst\u00e4ndlichen Teil des Lebens versteht\u201c.<\/p>\n\n\n\n<p><a href=\"https:\/\/www.bmbf.de\/de\/nationale-weiterbildungsstrategie-beschlossen---gemeinsam-fuer-eine-neue-8860.html\">https:\/\/www.bmbf.de\/de\/nationale-weiterbildungsstrategie-beschlossen&#8212;gemeinsam-fuer-eine-neue-8860.html<\/a><\/p>\n\n\n\n<p><\/p>\n\n\n\n<p><\/p>\n\n\n\n<p><strong>Wie Arbeit wieder laut wird: #WOL. Mareike Knoke, MERTON \u2013 Onlinemagazin des Stifterverbandes, 28. Mai 2019&nbsp;<\/strong><br>\u201eKatharina Krentz will die Zusammenarbeit bei Bosch ver\u00e4ndern: \u201edigital, offen, gemeinsam\u201c hei\u00dft die Devise. In ihrer Initiative \u201eWorking Out Loud\u201c (WOL) bringt sie Mitarbeiter mit den unterschiedlichsten Kenntnissen und F\u00e4higkeiten zusammen und l\u00e4sst sie gemeinsam die Herausforderungen der digitalen Transformation meistern.\u201c<\/p>\n\n\n\n<p><a href=\"https:\/\/merton-magazin.de\/wie-arbeit-wieder-laut-wird-wol\">https:\/\/merton-magazin.de\/wie-arbeit-wieder-laut-wird-wol<\/a><\/p>\n\n\n\n<p><\/p>\n\n\n\n<p><\/p>\n\n\n\n<p><strong>brand eins, 03\/2019: Schwerpunkt: Digitalisierung<\/strong><br>\u201cMit der Digitalisierung ist es wie mit jeder tief greifenden Ver\u00e4nderung: Es gibt Gl\u00e4ubige und Zweifler. Die einen sagen den radikalen Wandel jedes einzelnen Bestandteils von Wirtschaft und Gesellschaft voraus, die anderen verweisen auf Beharrungskr\u00e4fte und R\u00fcckschl\u00e4ge.\u201d (Editorial)<\/p>\n\n\n\n<p><a href=\"https:\/\/www.brandeins.de\/magazine\/brand-eins-wirtschaftsmagazin\/2019\/digitalisierung\">https:\/\/www.brandeins.de\/magazine\/brand-eins-wirtschaftsmagazin\/2019\/digitalisierung<\/a><\/p>\n\n\n\n<p><\/p>\n\n\n\n<p><\/p>\n\n\n\n<p><strong>ToolBlog. Stephan List \u00fcber Produktivit\u00e4t bei der Arbeit&nbsp;<\/strong><br>Der ToolBlog von Stephan List ist eine unbedingte Empfehlung f\u00fcr alle, die ihre (Arbeits)Zeit effektiv nutzen wollen. Dabei geht es nat\u00fcrlich um Tools und Methoden, aber auch um die vielen kleinen Routinen (z. B. Kaffee) und Helferlein (z. B. Heftklammern), die uns im Digitalen, aber auch sonst, das Leben erleichtern.<br><a href=\"https:\/\/toolblog.de\/\">https:\/\/toolblog.de\/<\/a><\/p>\n\n\n\n<p><\/p>\n\n\n\n<p><\/p>\n\n\n\n<p><strong>Sommerlekt\u00fcre \u201eAchtsam Morden\u201c&nbsp;<\/strong><br>Resilienz ist ein sehr vielschichtiges Konzept. Eine wichtige Rolle spielen dabei die Achtsamkeit und das sogenannte \u201elangsame Denken\u201c im Sinne von Daniel Kahneman. F\u00fcr einen leichten und nicht so ganz ernsten Einstieg und als m\u00f6gliche Sommerlekt\u00fcre bietet sich der neue Krimi \u201eAchtsam Morden\u201c von Karsten Dusse an. Der NDR rezensiert das Buch als \u201eintelligenten und unterhaltsamen Krimi, der nat\u00fcrlich ab und an Klischees bem\u00fcht, gleichzeitig aber auch voller ungew\u00f6hnlicher (und manchmal ziemlich kreativer) Beobachtungen steckt. Frei nach dem Motto: Achtsamkeit ist keine Einbahnstra\u00dfe.\u201c<br><\/p>\n\n\n\n<p>Mehr unter: <a href=\"https:\/\/www.ndr.de\/kultur\/buch\/Karsten-Dusse-Achtsam-morden,achtsammorden102.html\">https:\/\/www.ndr.de\/kultur\/buch\/Karsten-Dusse-Achtsam-morden,achtsammorden102.html<\/a><\/p>\n","protected":false},"excerpt":{"rendered":"<p>Nationale Weiterbildungsstrategie. Hrsg. von Bundesministerium f\u00fcr Arbeit und Soziales (BMAS) und Bundesministerium f\u00fcr Bildung und Forschung (BMBF), Juni 2019 (23 S.)<br \/>\nZehn Handlungsziele werden formuliert und mit konkreten Ma\u00dfnahmen verbunden. Im Zentrum steht der Ruf nach einer neuen Weiterbildungskultur in Deutschland, \u201edie Weiterbildung als selbstverst\u00e4ndlichen Teil des Lebens versteht\u201c.<\/p>\n","protected":false},"author":1,"featured_media":25,"comment_status":"closed","ping_status":"open","sticky":false,"template":"","format":"standard","meta":{"_themeisle_gutenberg_block_has_review":false},"categories":[45,1,10,8],"tags":[15,16,14,18,17],"yoast_head":"<!-- This site is optimized with the Yoast SEO plugin v19.11 - https:\/\/yoast.com\/wordpress\/plugins\/seo\/ -->\n<title>Fundst\u00fccke, Juli 2019 - Alle im digitalen Wandel<\/title>\n<meta name=\"robots\" content=\"index, follow, max-snippet:-1, max-image-preview:large, max-video-preview:-1\" \/>\n<link rel=\"canonical\" href=\"https:\/\/alle-im-digitalen-wandel.de\/home\/fundstuecke-juli-2019\/\" \/>\n<meta property=\"og:locale\" content=\"de_DE\" \/>\n<meta property=\"og:type\" content=\"article\" \/>\n<meta property=\"og:title\" content=\"Fundst\u00fccke, Juli 2019 - Alle im digitalen Wandel\" \/>\n<meta property=\"og:description\" content=\"Nationale Weiterbildungsstrategie. Hrsg. von Bundesministerium f\u00fcr Arbeit und Soziales (BMAS) und Bundesministerium f\u00fcr Bildung und Forschung (BMBF), Juni 2019 (23 S.) Zehn Handlungsziele werden formuliert und mit konkreten Ma\u00dfnahmen verbunden. Im Zentrum steht der Ruf nach einer neuen Weiterbildungskultur in Deutschland, \u201edie Weiterbildung als selbstverst\u00e4ndlichen Teil des Lebens versteht\u201c.\" \/>\n<meta property=\"og:url\" content=\"https:\/\/alle-im-digitalen-wandel.de\/home\/fundstuecke-juli-2019\/\" \/>\n<meta property=\"og:site_name\" content=\"Alle im digitalen Wandel\" \/>\n<meta property=\"article:published_time\" content=\"2019-07-15T15:53:17+00:00\" \/>\n<meta property=\"article:modified_time\" content=\"2022-09-08T06:57:01+00:00\" \/>\n<meta property=\"og:image\" content=\"https:\/\/alle-im-digitalen-wandel.de\/wp-content\/uploads\/2019\/09\/austin-distel-rxpThOwuVgE-unsplash-1024x576.jpg\" \/>\n\t<meta property=\"og:image:width\" content=\"1024\" \/>\n\t<meta property=\"og:image:height\" content=\"576\" \/>\n\t<meta property=\"og:image:type\" content=\"image\/jpeg\" \/>\n<meta name=\"author\" content=\"admin\" \/>\n<meta name=\"twitter:card\" content=\"summary_large_image\" \/>\n<meta name=\"twitter:label1\" content=\"Geschrieben von\" \/>\n\t<meta name=\"twitter:data1\" content=\"admin\" \/>\n\t<meta name=\"twitter:label2\" content=\"Gesch\u00e4tzte Lesezeit\" \/>\n\t<meta name=\"twitter:data2\" content=\"2\u00a0Minuten\" \/>\n<script type=\"application\/ld+json\" class=\"yoast-schema-graph\">{\"@context\":\"https:\/\/schema.org\",\"@graph\":[{\"@type\":\"Article\",\"@id\":\"https:\/\/alle-im-digitalen-wandel.de\/home\/fundstuecke-juli-2019\/#article\",\"isPartOf\":{\"@id\":\"https:\/\/alle-im-digitalen-wandel.de\/home\/fundstuecke-juli-2019\/\"},\"author\":{\"name\":\"admin\",\"@id\":\"https:\/\/alle-im-digitalen-wandel.de\/home\/#\/schema\/person\/aba2c887bf097e6be68caeba38b9c526\"},\"headline\":\"Fundst\u00fccke, Juli 2019\",\"datePublished\":\"2019-07-15T15:53:17+00:00\",\"dateModified\":\"2022-09-08T06:57:01+00:00\",\"mainEntityOfPage\":{\"@id\":\"https:\/\/alle-im-digitalen-wandel.de\/home\/fundstuecke-juli-2019\/\"},\"wordCount\":356,\"publisher\":{\"@id\":\"https:\/\/alle-im-digitalen-wandel.de\/home\/#organization\"},\"keywords\":[\"digitalisierung\",\"resilienz\",\"tools\",\"weiterbildungsstrategie\",\"working out loud\"],\"articleSection\":{\"0\":\"Aktuelles\",\"2\":\"Lebenslanges Lernen\",\"3\":\"Resilienz\"},\"inLanguage\":\"de\"},{\"@type\":\"WebPage\",\"@id\":\"https:\/\/alle-im-digitalen-wandel.de\/home\/fundstuecke-juli-2019\/\",\"url\":\"https:\/\/alle-im-digitalen-wandel.de\/home\/fundstuecke-juli-2019\/\",\"name\":\"Fundst\u00fccke, Juli 2019 - Alle im digitalen Wandel\",\"isPartOf\":{\"@id\":\"https:\/\/alle-im-digitalen-wandel.de\/home\/#website\"},\"datePublished\":\"2019-07-15T15:53:17+00:00\",\"dateModified\":\"2022-09-08T06:57:01+00:00\",\"breadcrumb\":{\"@id\":\"https:\/\/alle-im-digitalen-wandel.de\/home\/fundstuecke-juli-2019\/#breadcrumb\"},\"inLanguage\":\"de\",\"potentialAction\":[{\"@type\":\"ReadAction\",\"target\":[\"https:\/\/alle-im-digitalen-wandel.de\/home\/fundstuecke-juli-2019\/\"]}]},{\"@type\":\"BreadcrumbList\",\"@id\":\"https:\/\/alle-im-digitalen-wandel.de\/home\/fundstuecke-juli-2019\/#breadcrumb\",\"itemListElement\":[{\"@type\":\"ListItem\",\"position\":1,\"name\":\"Startseite\",\"item\":\"https:\/\/alle-im-digitalen-wandel.de\/home\/\"},{\"@type\":\"ListItem\",\"position\":2,\"name\":\"Fundst\u00fccke, Juli 2019\"}]},{\"@type\":\"WebSite\",\"@id\":\"https:\/\/alle-im-digitalen-wandel.de\/home\/#website\",\"url\":\"https:\/\/alle-im-digitalen-wandel.de\/home\/\",\"name\":\"Alle im digitalen Wandel\",\"description\":\"Ein Projekt der Hochschule Darmstadt\",\"publisher\":{\"@id\":\"https:\/\/alle-im-digitalen-wandel.de\/home\/#organization\"},\"potentialAction\":[{\"@type\":\"SearchAction\",\"target\":{\"@type\":\"EntryPoint\",\"urlTemplate\":\"https:\/\/alle-im-digitalen-wandel.de\/home\/?s={search_term_string}\"},\"query-input\":\"required name=search_term_string\"}],\"inLanguage\":\"de\"},{\"@type\":\"Organization\",\"@id\":\"https:\/\/alle-im-digitalen-wandel.de\/home\/#organization\",\"name\":\"Alle im digitalen Wandel\",\"url\":\"https:\/\/alle-im-digitalen-wandel.de\/home\/\",\"logo\":{\"@type\":\"ImageObject\",\"inLanguage\":\"de\",\"@id\":\"https:\/\/alle-im-digitalen-wandel.de\/home\/#\/schema\/logo\/image\/\",\"url\":\"https:\/\/alle-im-digitalen-wandel.de\/wp-content\/uploads\/2020\/07\/cropped-Frame21.png\",\"contentUrl\":\"https:\/\/alle-im-digitalen-wandel.de\/wp-content\/uploads\/2020\/07\/cropped-Frame21.png\",\"width\":1786,\"height\":782,\"caption\":\"Alle im digitalen Wandel\"},\"image\":{\"@id\":\"https:\/\/alle-im-digitalen-wandel.de\/home\/#\/schema\/logo\/image\/\"}},{\"@type\":\"Person\",\"@id\":\"https:\/\/alle-im-digitalen-wandel.de\/home\/#\/schema\/person\/aba2c887bf097e6be68caeba38b9c526\",\"name\":\"admin\",\"image\":{\"@type\":\"ImageObject\",\"inLanguage\":\"de\",\"@id\":\"https:\/\/alle-im-digitalen-wandel.de\/home\/#\/schema\/person\/image\/\",\"url\":\"https:\/\/secure.gravatar.com\/avatar\/20e0375322246cb402e46562715ccc80?s=96&d=mm&r=g\",\"contentUrl\":\"https:\/\/secure.gravatar.com\/avatar\/20e0375322246cb402e46562715ccc80?s=96&d=mm&r=g\",\"caption\":\"admin\"},\"url\":\"https:\/\/alle-im-digitalen-wandel.de\/home\/author\/admin\/\"}]}<\/script>\n<!-- \/ Yoast SEO plugin. -->","yoast_head_json":{"title":"Fundst\u00fccke, Juli 2019 - Alle im digitalen Wandel","robots":{"index":"index","follow":"follow","max-snippet":"max-snippet:-1","max-image-preview":"max-image-preview:large","max-video-preview":"max-video-preview:-1"},"canonical":"https:\/\/alle-im-digitalen-wandel.de\/home\/fundstuecke-juli-2019\/","og_locale":"de_DE","og_type":"article","og_title":"Fundst\u00fccke, Juli 2019 - Alle im digitalen Wandel","og_description":"Nationale Weiterbildungsstrategie. Hrsg. von Bundesministerium f\u00fcr Arbeit und Soziales (BMAS) und Bundesministerium f\u00fcr Bildung und Forschung (BMBF), Juni 2019 (23 S.) Zehn Handlungsziele werden formuliert und mit konkreten Ma\u00dfnahmen verbunden. Im Zentrum steht der Ruf nach einer neuen Weiterbildungskultur in Deutschland, \u201edie Weiterbildung als selbstverst\u00e4ndlichen Teil des Lebens versteht\u201c.","og_url":"https:\/\/alle-im-digitalen-wandel.de\/home\/fundstuecke-juli-2019\/","og_site_name":"Alle im digitalen Wandel","article_published_time":"2019-07-15T15:53:17+00:00","article_modified_time":"2022-09-08T06:57:01+00:00","og_image":[{"width":1024,"height":576,"url":"https:\/\/alle-im-digitalen-wandel.de\/wp-content\/uploads\/2019\/09\/austin-distel-rxpThOwuVgE-unsplash-1024x576.jpg","type":"image\/jpeg"}],"author":"admin","twitter_card":"summary_large_image","twitter_misc":{"Geschrieben von":"admin","Gesch\u00e4tzte Lesezeit":"2\u00a0Minuten"},"schema":{"@context":"https:\/\/schema.org","@graph":[{"@type":"Article","@id":"https:\/\/alle-im-digitalen-wandel.de\/home\/fundstuecke-juli-2019\/#article","isPartOf":{"@id":"https:\/\/alle-im-digitalen-wandel.de\/home\/fundstuecke-juli-2019\/"},"author":{"name":"admin","@id":"https:\/\/alle-im-digitalen-wandel.de\/home\/#\/schema\/person\/aba2c887bf097e6be68caeba38b9c526"},"headline":"Fundst\u00fccke, Juli 2019","datePublished":"2019-07-15T15:53:17+00:00","dateModified":"2022-09-08T06:57:01+00:00","mainEntityOfPage":{"@id":"https:\/\/alle-im-digitalen-wandel.de\/home\/fundstuecke-juli-2019\/"},"wordCount":356,"publisher":{"@id":"https:\/\/alle-im-digitalen-wandel.de\/home\/#organization"},"keywords":["digitalisierung","resilienz","tools","weiterbildungsstrategie","working out loud"],"articleSection":{"0":"Aktuelles","2":"Lebenslanges Lernen","3":"Resilienz"},"inLanguage":"de"},{"@type":"WebPage","@id":"https:\/\/alle-im-digitalen-wandel.de\/home\/fundstuecke-juli-2019\/","url":"https:\/\/alle-im-digitalen-wandel.de\/home\/fundstuecke-juli-2019\/","name":"Fundst\u00fccke, Juli 2019 - Alle im digitalen Wandel","isPartOf":{"@id":"https:\/\/alle-im-digitalen-wandel.de\/home\/#website"},"datePublished":"2019-07-15T15:53:17+00:00","dateModified":"2022-09-08T06:57:01+00:00","breadcrumb":{"@id":"https:\/\/alle-im-digitalen-wandel.de\/home\/fundstuecke-juli-2019\/#breadcrumb"},"inLanguage":"de","potentialAction":[{"@type":"ReadAction","target":["https:\/\/alle-im-digitalen-wandel.de\/home\/fundstuecke-juli-2019\/"]}]},{"@type":"BreadcrumbList","@id":"https:\/\/alle-im-digitalen-wandel.de\/home\/fundstuecke-juli-2019\/#breadcrumb","itemListElement":[{"@type":"ListItem","position":1,"name":"Startseite","item":"https:\/\/alle-im-digitalen-wandel.de\/home\/"},{"@type":"ListItem","position":2,"name":"Fundst\u00fccke, Juli 2019"}]},{"@type":"WebSite","@id":"https:\/\/alle-im-digitalen-wandel.de\/home\/#website","url":"https:\/\/alle-im-digitalen-wandel.de\/home\/","name":"Alle im digitalen Wandel","description":"Ein Projekt der Hochschule Darmstadt","publisher":{"@id":"https:\/\/alle-im-digitalen-wandel.de\/home\/#organization"},"potentialAction":[{"@type":"SearchAction","target":{"@type":"EntryPoint","urlTemplate":"https:\/\/alle-im-digitalen-wandel.de\/home\/?s={search_term_string}"},"query-input":"required name=search_term_string"}],"inLanguage":"de"},{"@type":"Organization","@id":"https:\/\/alle-im-digitalen-wandel.de\/home\/#organization","name":"Alle im digitalen Wandel","url":"https:\/\/alle-im-digitalen-wandel.de\/home\/","logo":{"@type":"ImageObject","inLanguage":"de","@id":"https:\/\/alle-im-digitalen-wandel.de\/home\/#\/schema\/logo\/image\/","url":"https:\/\/alle-im-digitalen-wandel.de\/wp-content\/uploads\/2020\/07\/cropped-Frame21.png","contentUrl":"https:\/\/alle-im-digitalen-wandel.de\/wp-content\/uploads\/2020\/07\/cropped-Frame21.png","width":1786,"height":782,"caption":"Alle im digitalen Wandel"},"image":{"@id":"https:\/\/alle-im-digitalen-wandel.de\/home\/#\/schema\/logo\/image\/"}},{"@type":"Person","@id":"https:\/\/alle-im-digitalen-wandel.de\/home\/#\/schema\/person\/aba2c887bf097e6be68caeba38b9c526","name":"admin","image":{"@type":"ImageObject","inLanguage":"de","@id":"https:\/\/alle-im-digitalen-wandel.de\/home\/#\/schema\/person\/image\/","url":"https:\/\/secure.gravatar.com\/avatar\/20e0375322246cb402e46562715ccc80?s=96&d=mm&r=g","contentUrl":"https:\/\/secure.gravatar.com\/avatar\/20e0375322246cb402e46562715ccc80?s=96&d=mm&r=g","caption":"admin"},"url":"https:\/\/alle-im-digitalen-wandel.de\/home\/author\/admin\/"}]}},"_links":{"self":[{"href":"https:\/\/alle-im-digitalen-wandel.de\/home\/wp-json\/wp\/v2\/posts\/108"}],"collection":[{"href":"https:\/\/alle-im-digitalen-wandel.de\/home\/wp-json\/wp\/v2\/posts"}],"about":[{"href":"https:\/\/alle-im-digitalen-wandel.de\/home\/wp-json\/wp\/v2\/types\/post"}],"author":[{"embeddable":true,"href":"https:\/\/alle-im-digitalen-wandel.de\/home\/wp-json\/wp\/v2\/users\/1"}],"replies":[{"embeddable":true,"href":"https:\/\/alle-im-digitalen-wandel.de\/home\/wp-json\/wp\/v2\/comments?post=108"}],"version-history":[{"count":10,"href":"https:\/\/alle-im-digitalen-wandel.de\/home\/wp-json\/wp\/v2\/posts\/108\/revisions"}],"predecessor-version":[{"id":1058,"href":"https:\/\/alle-im-digitalen-wandel.de\/home\/wp-json\/wp\/v2\/posts\/108\/revisions\/1058"}],"wp:featuredmedia":[{"embeddable":true,"href":"https:\/\/alle-im-digitalen-wandel.de\/home\/wp-json\/wp\/v2\/media\/25"}],"wp:attachment":[{"href":"https:\/\/alle-im-digitalen-wandel.de\/home\/wp-json\/wp\/v2\/media?parent=108"}],"wp:term":[{"taxonomy":"category","embeddable":true,"href":"https:\/\/alle-im-digitalen-wandel.de\/home\/wp-json\/wp\/v2\/categories?post=108"},{"taxonomy":"post_tag","embeddable":true,"href":"https:\/\/alle-im-digitalen-wandel.de\/home\/wp-json\/wp\/v2\/tags?post=108"}],"curies":[{"name":"wp","href":"https:\/\/api.w.org\/{rel}","templated":true}]}}