{"id":1078,"date":"2020-01-10T09:14:00","date_gmt":"2020-01-10T08:14:00","guid":{"rendered":"https:\/\/alle-im-digitalen-wandel.de\/home\/?p=1078"},"modified":"2022-09-08T08:56:44","modified_gmt":"2022-09-08T06:56:44","slug":"4%c2%bd-fragen-an-silvia-soehlig","status":"publish","type":"post","link":"https:\/\/alle-im-digitalen-wandel.de\/home\/4%c2%bd-fragen-an-silvia-soehlig\/","title":{"rendered":"4 \u00bd Fragen an &#8230; Silvia S\u00f6hlig (Vitronic)"},"content":{"rendered":"\n<h2>4 \u00bd Fragen an \u2026 Silvia S\u00f6hlig (Vitronic)<\/h2>\n\n\n\n<p>In unserer Kategorie &#8222;<a href=\"https:\/\/alle-im-digitalen-wandel.de\/home\/blog\">4\u00bd Fragen an\u2026<\/a>&#8220; wollen wir ihnen regelm\u00e4\u00dfig unsere Projektpartner etwas genauer vorstellen. Diesmal 4 \u00bd Fragen an Silvia S\u00f6hlig von <a href=\"https:\/\/www.vitronic.de\/\">Vitronic<\/a>. <\/p>\n\n\n\n<div class=\"is-layout-flex wp-container-3 wp-block-columns\">\n<div class=\"is-layout-flow wp-block-column\">\n<figure class=\"wp-block-image size-large\"><img decoding=\"async\" loading=\"lazy\" width=\"318\" height=\"214\" src=\"https:\/\/alle-im-digitalen-wandel.de\/wp-content\/uploads\/2020\/02\/Unbenannt.png\" alt=\"\" class=\"wp-image-1079\" srcset=\"https:\/\/alle-im-digitalen-wandel.de\/wp-content\/uploads\/2020\/02\/Unbenannt.png 318w, https:\/\/alle-im-digitalen-wandel.de\/wp-content\/uploads\/2020\/02\/Unbenannt-300x202.png 300w, https:\/\/alle-im-digitalen-wandel.de\/wp-content\/uploads\/2020\/02\/Unbenannt-272x182.png 272w\" sizes=\"(max-width: 318px) 100vw, 318px\" \/><figcaption>Silvia S\u00f6hlig von Vitronic <\/figcaption><\/figure>\n<\/div>\n\n\n\n<div class=\"is-layout-flow wp-block-column\">\n<h4><strong>\u201eWas macht das Projekt \u201eALLE im digitalen Wandel\u201c f\u00fcr Sie spannend?\u201c<\/strong><\/h4>\n\n\n\n<p>Ich erlebe das Projekt als sehr facettenreich. Die Vielfalt\nder beteiligten Projektakteure mit ihren jeweils unterschiedlichen\nHintergr\u00fcnden und Anliegen erm\u00f6glicht mir neue Perspektiven auf die\nThemenkreise. Besonders inspirierend sind f\u00fcr mich die interessanten und\nausgezeichnet organisierten Veranstaltungen, die Raum f\u00fcr einen offenen,\nbreiten und produktiven Austausch lassen. Die M\u00f6glichkeiten der Vernetzung \u00fcber\ndie Unternehmens- und Branchengrenzen hinweg sind f\u00fcr mich eine besondere\nErfahrung.<\/p>\n<\/div>\n<\/div>\n\n\n\n<h4><strong>Welche M\u00f6glichkeiten der Digitalisierung bereiten Ihnen aktuell viel Freude?\u201c<\/strong><\/h4>\n\n\n\n<p>Beruflich sch\u00e4tze ich die zahlreichen digitalen\nRecherchem\u00f6glichkeiten und Kommunikationskan\u00e4le. Der mobile Zugriff auf alle\nDaten, die ich zum Arbeiten ben\u00f6tige, verschafft mir eine viel gr\u00f6\u00dfere\nFreiheit.<\/p>\n\n\n\n<p>Privat kann ich gar nicht alles nennen, was mich erfreut.\nIch profitiere sehr von der Kalender- und Erinnerungsfunktion meines\nSmartphones und feiere die Zeitersparnis durch das Online-Erledigen von\nAlltagsdingen (von Banking bis Shopping). YouTube als n\u00fctzliches Helferlein f\u00fcr\nFragen wie man dieses kocht oder jenes repariert &#8211; ich bin dabei. Und nicht\nzuletzt meine ersten &#8222;Smart Home&#8220;-Aktivit\u00e4ten. Auf dem Heimweg schon\nmal die Heizung h\u00f6her zu drehen oder den Saugroboter an die Arbeit zu\nkommandieren, begeistert mich.<\/p>\n\n\n\n<h4><strong>\u201eVor welche pers\u00f6nliche Herausforderung stellt Sie der digitale Wandel gerade?\u201c<\/strong><\/h4>\n\n\n\n<p>Mich nicht zu verlaufen in der gro\u00dfen F\u00fclle des Angebots,\nsondern das f\u00fcr mich sinnvolle Tool auszuw\u00e4hlen und effektiv zu nutzen.<\/p>\n\n\n\n<h4><strong>\u201eAuf welches analoge Tool m\u00f6chten Sie im Arbeitsalltag nicht verzichten?\u201c<\/strong><\/h4>\n\n\n\n<p>Haftnotizen in bunter Farb-\/Formvielfalt und mein Notizbuch.<\/p>\n\n\n\n<h4><strong>\u201eH\u00f6ren muss sein. Ihr Lieblingspodcast?\u201c<\/strong><\/h4>\n\n\n\n<p>Mich begleiten in meinem Alltag eher H\u00f6rb\u00fccher als Podcasts.\nWenn ich aber Podcasts h\u00f6re, dann aus pers\u00f6nlichem Interesse gern Beitr\u00e4ge zu\ngeschichtlichem Hintergr\u00fcnden.<\/p>\n\n\n\n<p><a href=\"https:\/\/www.vitronic.de\/\">VITRONIC<\/a> Dr.-Ing. Stein Bildverarbeitungssysteme GmbH, Wiesbaden, ist Projektpartner im Projekt \u201eALLE im digitalen Wandel&#8220;. Sylvia S\u00f6hlig ist Head of Technical Documentation bei VITRONIC.<\/p>\n","protected":false},"excerpt":{"rendered":"<p>In unserer Kategorie &#8222;4\u00bd Fragen an\u2026&#8220; wollen wir ihnen unsere unterschiedlichen Projektpartner etwas genauer vorstellen. So erhalten sie in regelm\u00e4\u00dfigen Abst\u00e4nden einen kleinen Einblick hinter die Kulissen. Diesmal 4 \u00bd Fragen an Silvia S\u00f6hlig von Vitronic. <\/p>\n","protected":false},"author":8,"featured_media":1079,"comment_status":"closed","ping_status":"open","sticky":false,"template":"","format":"standard","meta":{"_themeisle_gutenberg_block_has_review":false},"categories":[61,1,70],"tags":[15,71,51,72,14,54],"yoast_head":"<!-- This site is optimized with the Yoast SEO plugin v19.11 - https:\/\/yoast.com\/wordpress\/plugins\/seo\/ -->\n<title>4 \u00bd Fragen an ... Silvia S\u00f6hlig (Vitronic) - Alle im digitalen Wandel<\/title>\n<meta name=\"description\" content=\"In unserer Kategorie &quot; 4\u00bd Fragen an&quot; stellen wir ihnen regelm\u00e4\u00dfig unsere Projektpartner etwas genauer vor. Diesmal 4\u00bd Fragen an Silvia S\u00f6hlig von Vitronic.\" \/>\n<meta name=\"robots\" content=\"index, follow, max-snippet:-1, max-image-preview:large, max-video-preview:-1\" \/>\n<link rel=\"canonical\" href=\"https:\/\/alle-im-digitalen-wandel.de\/home\/4\u00bd-fragen-an-silvia-soehlig\/\" \/>\n<meta property=\"og:locale\" content=\"de_DE\" \/>\n<meta property=\"og:type\" content=\"article\" \/>\n<meta property=\"og:title\" content=\"4 \u00bd Fragen an ... Silvia S\u00f6hlig (Vitronic) - Alle im digitalen Wandel\" \/>\n<meta property=\"og:description\" content=\"In unserer Kategorie &quot; 4\u00bd Fragen an&quot; stellen wir ihnen regelm\u00e4\u00dfig unsere Projektpartner etwas genauer vor. Diesmal 4\u00bd Fragen an Silvia S\u00f6hlig von Vitronic.\" \/>\n<meta property=\"og:url\" content=\"https:\/\/alle-im-digitalen-wandel.de\/home\/4\u00bd-fragen-an-silvia-soehlig\/\" \/>\n<meta property=\"og:site_name\" content=\"Alle im digitalen Wandel\" \/>\n<meta property=\"article:published_time\" content=\"2020-01-10T08:14:00+00:00\" \/>\n<meta property=\"article:modified_time\" content=\"2022-09-08T06:56:44+00:00\" \/>\n<meta property=\"og:image\" content=\"https:\/\/alle-im-digitalen-wandel.de\/wp-content\/uploads\/2020\/02\/Unbenannt.png\" \/>\n\t<meta property=\"og:image:width\" content=\"318\" \/>\n\t<meta property=\"og:image:height\" content=\"214\" \/>\n\t<meta property=\"og:image:type\" content=\"image\/png\" \/>\n<meta name=\"author\" content=\"Hannah Sch\u00fcrr\" \/>\n<meta name=\"twitter:card\" content=\"summary_large_image\" \/>\n<meta name=\"twitter:label1\" content=\"Geschrieben von\" \/>\n\t<meta name=\"twitter:data1\" content=\"Hannah Sch\u00fcrr\" \/>\n\t<meta name=\"twitter:label2\" content=\"Gesch\u00e4tzte Lesezeit\" \/>\n\t<meta name=\"twitter:data2\" content=\"2\u00a0Minuten\" \/>\n<script type=\"application\/ld+json\" class=\"yoast-schema-graph\">{\"@context\":\"https:\/\/schema.org\",\"@graph\":[{\"@type\":\"Article\",\"@id\":\"https:\/\/alle-im-digitalen-wandel.de\/home\/4%c2%bd-fragen-an-silvia-soehlig\/#article\",\"isPartOf\":{\"@id\":\"https:\/\/alle-im-digitalen-wandel.de\/home\/4%c2%bd-fragen-an-silvia-soehlig\/\"},\"author\":{\"name\":\"Hannah Sch\u00fcrr\",\"@id\":\"https:\/\/alle-im-digitalen-wandel.de\/home\/#\/schema\/person\/3d7f64faef3a377db5c4ae38b6826b46\"},\"headline\":\"4 \u00bd Fragen an &#8230; Silvia S\u00f6hlig (Vitronic)\",\"datePublished\":\"2020-01-10T08:14:00+00:00\",\"dateModified\":\"2022-09-08T06:56:44+00:00\",\"mainEntityOfPage\":{\"@id\":\"https:\/\/alle-im-digitalen-wandel.de\/home\/4%c2%bd-fragen-an-silvia-soehlig\/\"},\"wordCount\":359,\"publisher\":{\"@id\":\"https:\/\/alle-im-digitalen-wandel.de\/home\/#organization\"},\"keywords\":[\"digitalisierung\",\"Fragen\",\"Interview\",\"Kommunikation\",\"tools\",\"Vitronic\"],\"articleSection\":{\"0\":\"4 \u00bd Fragen an ...\",\"2\":\"Projektpartner\"},\"inLanguage\":\"de\"},{\"@type\":\"WebPage\",\"@id\":\"https:\/\/alle-im-digitalen-wandel.de\/home\/4%c2%bd-fragen-an-silvia-soehlig\/\",\"url\":\"https:\/\/alle-im-digitalen-wandel.de\/home\/4%c2%bd-fragen-an-silvia-soehlig\/\",\"name\":\"4 \u00bd Fragen an ... Silvia S\u00f6hlig (Vitronic) - Alle im digitalen Wandel\",\"isPartOf\":{\"@id\":\"https:\/\/alle-im-digitalen-wandel.de\/home\/#website\"},\"datePublished\":\"2020-01-10T08:14:00+00:00\",\"dateModified\":\"2022-09-08T06:56:44+00:00\",\"description\":\"In unserer Kategorie \\\" 4\u00bd Fragen an\\\" stellen wir ihnen regelm\u00e4\u00dfig unsere Projektpartner etwas genauer vor. Diesmal 4\u00bd Fragen an Silvia S\u00f6hlig von Vitronic.\",\"breadcrumb\":{\"@id\":\"https:\/\/alle-im-digitalen-wandel.de\/home\/4%c2%bd-fragen-an-silvia-soehlig\/#breadcrumb\"},\"inLanguage\":\"de\",\"potentialAction\":[{\"@type\":\"ReadAction\",\"target\":[\"https:\/\/alle-im-digitalen-wandel.de\/home\/4%c2%bd-fragen-an-silvia-soehlig\/\"]}]},{\"@type\":\"BreadcrumbList\",\"@id\":\"https:\/\/alle-im-digitalen-wandel.de\/home\/4%c2%bd-fragen-an-silvia-soehlig\/#breadcrumb\",\"itemListElement\":[{\"@type\":\"ListItem\",\"position\":1,\"name\":\"Startseite\",\"item\":\"https:\/\/alle-im-digitalen-wandel.de\/home\/\"},{\"@type\":\"ListItem\",\"position\":2,\"name\":\"4 \u00bd Fragen an &#8230; Silvia S\u00f6hlig (Vitronic)\"}]},{\"@type\":\"WebSite\",\"@id\":\"https:\/\/alle-im-digitalen-wandel.de\/home\/#website\",\"url\":\"https:\/\/alle-im-digitalen-wandel.de\/home\/\",\"name\":\"Alle im digitalen Wandel\",\"description\":\"Ein Projekt der Hochschule Darmstadt\",\"publisher\":{\"@id\":\"https:\/\/alle-im-digitalen-wandel.de\/home\/#organization\"},\"potentialAction\":[{\"@type\":\"SearchAction\",\"target\":{\"@type\":\"EntryPoint\",\"urlTemplate\":\"https:\/\/alle-im-digitalen-wandel.de\/home\/?s={search_term_string}\"},\"query-input\":\"required name=search_term_string\"}],\"inLanguage\":\"de\"},{\"@type\":\"Organization\",\"@id\":\"https:\/\/alle-im-digitalen-wandel.de\/home\/#organization\",\"name\":\"Alle im digitalen Wandel\",\"url\":\"https:\/\/alle-im-digitalen-wandel.de\/home\/\",\"logo\":{\"@type\":\"ImageObject\",\"inLanguage\":\"de\",\"@id\":\"https:\/\/alle-im-digitalen-wandel.de\/home\/#\/schema\/logo\/image\/\",\"url\":\"https:\/\/alle-im-digitalen-wandel.de\/wp-content\/uploads\/2020\/07\/cropped-Frame21.png\",\"contentUrl\":\"https:\/\/alle-im-digitalen-wandel.de\/wp-content\/uploads\/2020\/07\/cropped-Frame21.png\",\"width\":1786,\"height\":782,\"caption\":\"Alle im digitalen Wandel\"},\"image\":{\"@id\":\"https:\/\/alle-im-digitalen-wandel.de\/home\/#\/schema\/logo\/image\/\"}},{\"@type\":\"Person\",\"@id\":\"https:\/\/alle-im-digitalen-wandel.de\/home\/#\/schema\/person\/3d7f64faef3a377db5c4ae38b6826b46\",\"name\":\"Hannah Sch\u00fcrr\",\"image\":{\"@type\":\"ImageObject\",\"inLanguage\":\"de\",\"@id\":\"https:\/\/alle-im-digitalen-wandel.de\/home\/#\/schema\/person\/image\/\",\"url\":\"https:\/\/secure.gravatar.com\/avatar\/105003cd460c39b8aa14ea5776f3d7b3?s=96&d=mm&r=g\",\"contentUrl\":\"https:\/\/secure.gravatar.com\/avatar\/105003cd460c39b8aa14ea5776f3d7b3?s=96&d=mm&r=g\",\"caption\":\"Hannah Sch\u00fcrr\"},\"url\":\"https:\/\/alle-im-digitalen-wandel.de\/home\/author\/hannah-schuerr\/\"}]}<\/script>\n<!-- \/ Yoast SEO plugin. -->","yoast_head_json":{"title":"4 \u00bd Fragen an ... Silvia S\u00f6hlig (Vitronic) - Alle im digitalen Wandel","description":"In unserer Kategorie \" 4\u00bd Fragen an\" stellen wir ihnen regelm\u00e4\u00dfig unsere Projektpartner etwas genauer vor. Diesmal 4\u00bd Fragen an Silvia S\u00f6hlig von Vitronic.","robots":{"index":"index","follow":"follow","max-snippet":"max-snippet:-1","max-image-preview":"max-image-preview:large","max-video-preview":"max-video-preview:-1"},"canonical":"https:\/\/alle-im-digitalen-wandel.de\/home\/4\u00bd-fragen-an-silvia-soehlig\/","og_locale":"de_DE","og_type":"article","og_title":"4 \u00bd Fragen an ... Silvia S\u00f6hlig (Vitronic) - Alle im digitalen Wandel","og_description":"In unserer Kategorie \" 4\u00bd Fragen an\" stellen wir ihnen regelm\u00e4\u00dfig unsere Projektpartner etwas genauer vor. Diesmal 4\u00bd Fragen an Silvia S\u00f6hlig von Vitronic.","og_url":"https:\/\/alle-im-digitalen-wandel.de\/home\/4\u00bd-fragen-an-silvia-soehlig\/","og_site_name":"Alle im digitalen Wandel","article_published_time":"2020-01-10T08:14:00+00:00","article_modified_time":"2022-09-08T06:56:44+00:00","og_image":[{"width":318,"height":214,"url":"https:\/\/alle-im-digitalen-wandel.de\/wp-content\/uploads\/2020\/02\/Unbenannt.png","type":"image\/png"}],"author":"Hannah Sch\u00fcrr","twitter_card":"summary_large_image","twitter_misc":{"Geschrieben von":"Hannah Sch\u00fcrr","Gesch\u00e4tzte Lesezeit":"2\u00a0Minuten"},"schema":{"@context":"https:\/\/schema.org","@graph":[{"@type":"Article","@id":"https:\/\/alle-im-digitalen-wandel.de\/home\/4%c2%bd-fragen-an-silvia-soehlig\/#article","isPartOf":{"@id":"https:\/\/alle-im-digitalen-wandel.de\/home\/4%c2%bd-fragen-an-silvia-soehlig\/"},"author":{"name":"Hannah Sch\u00fcrr","@id":"https:\/\/alle-im-digitalen-wandel.de\/home\/#\/schema\/person\/3d7f64faef3a377db5c4ae38b6826b46"},"headline":"4 \u00bd Fragen an &#8230; Silvia S\u00f6hlig (Vitronic)","datePublished":"2020-01-10T08:14:00+00:00","dateModified":"2022-09-08T06:56:44+00:00","mainEntityOfPage":{"@id":"https:\/\/alle-im-digitalen-wandel.de\/home\/4%c2%bd-fragen-an-silvia-soehlig\/"},"wordCount":359,"publisher":{"@id":"https:\/\/alle-im-digitalen-wandel.de\/home\/#organization"},"keywords":["digitalisierung","Fragen","Interview","Kommunikation","tools","Vitronic"],"articleSection":{"0":"4 \u00bd Fragen an ...","2":"Projektpartner"},"inLanguage":"de"},{"@type":"WebPage","@id":"https:\/\/alle-im-digitalen-wandel.de\/home\/4%c2%bd-fragen-an-silvia-soehlig\/","url":"https:\/\/alle-im-digitalen-wandel.de\/home\/4%c2%bd-fragen-an-silvia-soehlig\/","name":"4 \u00bd Fragen an ... Silvia S\u00f6hlig (Vitronic) - Alle im digitalen Wandel","isPartOf":{"@id":"https:\/\/alle-im-digitalen-wandel.de\/home\/#website"},"datePublished":"2020-01-10T08:14:00+00:00","dateModified":"2022-09-08T06:56:44+00:00","description":"In unserer Kategorie \" 4\u00bd Fragen an\" stellen wir ihnen regelm\u00e4\u00dfig unsere Projektpartner etwas genauer vor. Diesmal 4\u00bd Fragen an Silvia S\u00f6hlig von Vitronic.","breadcrumb":{"@id":"https:\/\/alle-im-digitalen-wandel.de\/home\/4%c2%bd-fragen-an-silvia-soehlig\/#breadcrumb"},"inLanguage":"de","potentialAction":[{"@type":"ReadAction","target":["https:\/\/alle-im-digitalen-wandel.de\/home\/4%c2%bd-fragen-an-silvia-soehlig\/"]}]},{"@type":"BreadcrumbList","@id":"https:\/\/alle-im-digitalen-wandel.de\/home\/4%c2%bd-fragen-an-silvia-soehlig\/#breadcrumb","itemListElement":[{"@type":"ListItem","position":1,"name":"Startseite","item":"https:\/\/alle-im-digitalen-wandel.de\/home\/"},{"@type":"ListItem","position":2,"name":"4 \u00bd Fragen an &#8230; Silvia S\u00f6hlig (Vitronic)"}]},{"@type":"WebSite","@id":"https:\/\/alle-im-digitalen-wandel.de\/home\/#website","url":"https:\/\/alle-im-digitalen-wandel.de\/home\/","name":"Alle im digitalen Wandel","description":"Ein Projekt der Hochschule Darmstadt","publisher":{"@id":"https:\/\/alle-im-digitalen-wandel.de\/home\/#organization"},"potentialAction":[{"@type":"SearchAction","target":{"@type":"EntryPoint","urlTemplate":"https:\/\/alle-im-digitalen-wandel.de\/home\/?s={search_term_string}"},"query-input":"required name=search_term_string"}],"inLanguage":"de"},{"@type":"Organization","@id":"https:\/\/alle-im-digitalen-wandel.de\/home\/#organization","name":"Alle im digitalen Wandel","url":"https:\/\/alle-im-digitalen-wandel.de\/home\/","logo":{"@type":"ImageObject","inLanguage":"de","@id":"https:\/\/alle-im-digitalen-wandel.de\/home\/#\/schema\/logo\/image\/","url":"https:\/\/alle-im-digitalen-wandel.de\/wp-content\/uploads\/2020\/07\/cropped-Frame21.png","contentUrl":"https:\/\/alle-im-digitalen-wandel.de\/wp-content\/uploads\/2020\/07\/cropped-Frame21.png","width":1786,"height":782,"caption":"Alle im digitalen Wandel"},"image":{"@id":"https:\/\/alle-im-digitalen-wandel.de\/home\/#\/schema\/logo\/image\/"}},{"@type":"Person","@id":"https:\/\/alle-im-digitalen-wandel.de\/home\/#\/schema\/person\/3d7f64faef3a377db5c4ae38b6826b46","name":"Hannah Sch\u00fcrr","image":{"@type":"ImageObject","inLanguage":"de","@id":"https:\/\/alle-im-digitalen-wandel.de\/home\/#\/schema\/person\/image\/","url":"https:\/\/secure.gravatar.com\/avatar\/105003cd460c39b8aa14ea5776f3d7b3?s=96&d=mm&r=g","contentUrl":"https:\/\/secure.gravatar.com\/avatar\/105003cd460c39b8aa14ea5776f3d7b3?s=96&d=mm&r=g","caption":"Hannah Sch\u00fcrr"},"url":"https:\/\/alle-im-digitalen-wandel.de\/home\/author\/hannah-schuerr\/"}]}},"_links":{"self":[{"href":"https:\/\/alle-im-digitalen-wandel.de\/home\/wp-json\/wp\/v2\/posts\/1078"}],"collection":[{"href":"https:\/\/alle-im-digitalen-wandel.de\/home\/wp-json\/wp\/v2\/posts"}],"about":[{"href":"https:\/\/alle-im-digitalen-wandel.de\/home\/wp-json\/wp\/v2\/types\/post"}],"author":[{"embeddable":true,"href":"https:\/\/alle-im-digitalen-wandel.de\/home\/wp-json\/wp\/v2\/users\/8"}],"replies":[{"embeddable":true,"href":"https:\/\/alle-im-digitalen-wandel.de\/home\/wp-json\/wp\/v2\/comments?post=1078"}],"version-history":[{"count":5,"href":"https:\/\/alle-im-digitalen-wandel.de\/home\/wp-json\/wp\/v2\/posts\/1078\/revisions"}],"predecessor-version":[{"id":1104,"href":"https:\/\/alle-im-digitalen-wandel.de\/home\/wp-json\/wp\/v2\/posts\/1078\/revisions\/1104"}],"wp:featuredmedia":[{"embeddable":true,"href":"https:\/\/alle-im-digitalen-wandel.de\/home\/wp-json\/wp\/v2\/media\/1079"}],"wp:attachment":[{"href":"https:\/\/alle-im-digitalen-wandel.de\/home\/wp-json\/wp\/v2\/media?parent=1078"}],"wp:term":[{"taxonomy":"category","embeddable":true,"href":"https:\/\/alle-im-digitalen-wandel.de\/home\/wp-json\/wp\/v2\/categories?post=1078"},{"taxonomy":"post_tag","embeddable":true,"href":"https:\/\/alle-im-digitalen-wandel.de\/home\/wp-json\/wp\/v2\/tags?post=1078"}],"curies":[{"name":"wp","href":"https:\/\/api.w.org\/{rel}","templated":true}]}}