{"id":1061,"date":"2020-02-25T10:00:00","date_gmt":"2020-02-25T09:00:00","guid":{"rendered":"https:\/\/alle-im-digitalen-wandel.de\/home\/?p=1061"},"modified":"2022-09-08T08:56:43","modified_gmt":"2022-09-08T06:56:43","slug":"agilkom-einer-von-17-experimentierraeumen","status":"publish","type":"post","link":"https:\/\/alle-im-digitalen-wandel.de\/home\/agilkom-einer-von-17-experimentierraeumen\/","title":{"rendered":"&#8222;AgilKom&#8220;- einer von 17 Experimentierr\u00e4umen"},"content":{"rendered":"\n<h3>&#8222;AgilKom&#8220;- einer von 17 Experimentierr\u00e4umen <\/h3>\n\n\n\n<p>&#8222;Alle im digitalen Wandel&#8220; ist einer von insgesamt 17 gef\u00f6rderten Experimentierr\u00e4umen der Initiative Neue Qualit\u00e4t der Arbeit. In unserer Rubrik &#8222;<a href=\"https:\/\/alle-im-digitalen-wandel.de\/home\/blog\">Experimentierr\u00e4ume<\/a>&#8220; m\u00f6chten wir ihnen daher in regelm\u00e4\u00dfigen Abst\u00e4nden die anderen Experimentierr\u00e4ume vorstellen. Dieses Mal: AgilKom. <\/p>\n\n\n\n<div class=\"is-layout-flex wp-container-3 wp-block-columns\">\n<div class=\"is-layout-flow wp-block-column\">\n<p>&#8222;AgilKom&#8220; ist, neben dem Projekt \u201eALLE im digitalen Wandel\u201c, einer der insgesamt 17 Experimentierr\u00e4ume, die im Rahmen der BMAS-F\u00f6rderrichtlinie unter dem Dach der Initiative Neue Qualit\u00e4t der Arbeit (INQA) neue Arbeitsmodelle erproben und im November 2018 gestartet sind. <\/p>\n\n\n\n<p>\u201eAgilKom\u201c steht f\u00fcr \u201eExperimentierr\u00e4ume in der agilen Verwaltung\u201c. Auch \u00f6ffentliche Verwaltungen sind heute gefordert, sich mit dem digitalen Wandel auseinanderzusetzen. <\/p>\n\n\n\n<p>Die damit verbundenen Ver\u00e4nderungsprozesse stehen im Mittelpunkt von \u201eAgilKom\u201c und seinen Experimentierr\u00e4umen. <\/p>\n<\/div>\n\n\n\n<div class=\"is-layout-flow wp-block-column\">\n<p>Konkret hei\u00dft es: \u201eZiel ist, in diesen Experimentierr\u00e4umen theoretisch untersetzte und empirisch erprobte Methoden des Ver\u00e4nderungsmanagements aus anderen Kontexten, wie z.B. das Design-Thinking, Strategie- und Szenariomethoden, Zukunftswerkst\u00e4tten oder die Konstruktive Kontroverse f\u00fcr die \u00f6ffentliche kommunale Verwaltung zu adaptieren und zu erproben.\u201c (inqa.de)<\/p>\n\n\n\n<p>In einer Umwelt, die durch zunehmende Volatilit\u00e4t, Unsicherheit, Komplexit\u00e4t und Ambiguit\u00e4t (VUCA) gekennzeichnet ist, wird der Ruf nach flexiblen und agilen Strukturen und Prozessen immer lauter. <\/p>\n<\/div>\n<\/div>\n\n\n\n<h3>Es werden Grundlagen und Handlungshilfen f\u00fcr nicht-beteiligte Kommunen und Verwaltungen entwickelt <\/h3>\n\n\n\n<div class=\"is-layout-flex wp-container-6 wp-block-columns\">\n<div class=\"is-layout-flow wp-block-column\">\n<p>Dabei geht es auch um die Frage, welche besonderen Rahmenbedingungen Verwaltungen und Kommunen auszeichnen. Au\u00dferdem ob bzw. wie Methoden, die sich in der Wirtschaft bew\u00e4hrt haben, auf den \u00f6ffentlichen Sektor \u00fcbertragen werden k\u00f6nnen. Projekttr\u00e4ger von \u201eAgilKom\u201c ist die FOM Hochschule f\u00fcr Oekonomie &amp; Management in Essen, wissenschaftlicher Projektpartner das Institut I \u2013 Bildung, Beruf und Medien an der Otto-von-Guericke-Universit\u00e4t in Magdeburg. <\/p>\n\n\n\n<p>Auch die Vereinte Dienstleistungsgewerkschaft (Berlin) und der Deutscher Landkreistag sind am Projekt beteiligt.  Der Kreis Soest und die Stadt Essen sind schlie\u00dflich die Verwaltungen, die im Rahmen des F\u00f6rderprojekts mit agilen Methoden Erfahrungen sammeln wollen. <\/p>\n<\/div>\n\n\n\n<div class=\"is-layout-flow wp-block-column\">\n<p>Auf diesen Grundlagen werden anschlie\u00dfend Empfehlungen und Handlungshilfen f\u00fcr andere, nicht-beteiligte Kommunen und Verwaltungen entwickelt.<\/p>\n\n\n\n<p>Das Projektteam \u201eAgilKom\u201c will seine\nErfahrungen und Ergebnisse fr\u00fchzeitig kommunizieren. Wir berichten gerne\ndar\u00fcber \u2013 auch mit Blick auf unsere eigene Agenda und die Aktivit\u00e4ten unseres\nProjektpartners Landkreis Darmstadt Dieburg.<\/p>\n\n\n\n<p>Weitere Informationen finden Sie auf <a href=\"https:\/\/www.experimentierraeume.de\/start\/\">Experimentierr\u00e4ume.de<\/a> und in der <a href=\"https:\/\/www.inqa.de\/DE\/Mitmachen-Die-Initiative\/Foerderprojekte\/Projektdatenbank\/nawid.html\">INQA-Projektdatenbank<\/a>.<\/p>\n<\/div>\n<\/div>\n","protected":false},"excerpt":{"rendered":"<p>&#8222;AgilKom&#8220; ist, neben dem Projekt \u201eALLE im digitalen Wandel\u201c, einer der insgesamt 17 Experimentierr\u00e4ume, die im Rahmen der BMAS-F\u00f6rderrichtlinie unter dem Dach der Initiative Neue Qualit\u00e4t der Arbeit (INQA) neue Arbeitsmodelle erproben und im November 2018 gestartet sind. <\/p>\n","protected":false},"author":8,"featured_media":1000,"comment_status":"closed","ping_status":"open","sticky":false,"template":"","format":"standard","meta":{"_themeisle_gutenberg_block_has_review":false},"categories":[45,1,63,6],"tags":[73,77,15,68,76,79,75,78],"yoast_head":"<!-- This site is optimized with the Yoast SEO plugin v19.11 - https:\/\/yoast.com\/wordpress\/plugins\/seo\/ -->\n<title>&quot;AgilKom&quot;- einer von 17 Experimentierr\u00e4umen - Alle im digitalen Wandel<\/title>\n<meta name=\"description\" content=\"&quot;AgilKom&quot; ist, neben dem Projekt ALLE im digitalen Wandel, einer von insgesamt 17 gef\u00f6rderten Experimentierr\u00e4umen der INQA.\" \/>\n<meta name=\"robots\" content=\"index, follow, max-snippet:-1, max-image-preview:large, max-video-preview:-1\" \/>\n<link rel=\"canonical\" href=\"https:\/\/alle-im-digitalen-wandel.de\/home\/agilkom-einer-von-17-experimentierraeumen\/\" \/>\n<meta property=\"og:locale\" content=\"de_DE\" \/>\n<meta property=\"og:type\" content=\"article\" \/>\n<meta property=\"og:title\" content=\"&quot;AgilKom&quot;- einer von 17 Experimentierr\u00e4umen - Alle im digitalen Wandel\" \/>\n<meta property=\"og:description\" content=\"&quot;AgilKom&quot; ist, neben dem Projekt ALLE im digitalen Wandel, einer von insgesamt 17 gef\u00f6rderten Experimentierr\u00e4umen der INQA.\" \/>\n<meta property=\"og:url\" content=\"https:\/\/alle-im-digitalen-wandel.de\/home\/agilkom-einer-von-17-experimentierraeumen\/\" \/>\n<meta property=\"og:site_name\" content=\"Alle im digitalen Wandel\" \/>\n<meta property=\"article:published_time\" content=\"2020-02-25T09:00:00+00:00\" \/>\n<meta property=\"article:modified_time\" content=\"2022-09-08T06:56:43+00:00\" \/>\n<meta property=\"og:image\" content=\"https:\/\/alle-im-digitalen-wandel.de\/wp-content\/uploads\/2020\/02\/photo-1546410531-bb4caa6b424d.jpeg\" \/>\n\t<meta property=\"og:image:width\" content=\"1651\" \/>\n\t<meta property=\"og:image:height\" content=\"1101\" \/>\n\t<meta property=\"og:image:type\" content=\"image\/jpeg\" \/>\n<meta name=\"author\" content=\"Hannah Sch\u00fcrr\" \/>\n<meta name=\"twitter:card\" content=\"summary_large_image\" \/>\n<meta name=\"twitter:label1\" content=\"Geschrieben von\" \/>\n\t<meta name=\"twitter:data1\" content=\"Hannah Sch\u00fcrr\" \/>\n\t<meta name=\"twitter:label2\" content=\"Gesch\u00e4tzte Lesezeit\" \/>\n\t<meta name=\"twitter:data2\" content=\"2\u00a0Minuten\" \/>\n<script type=\"application\/ld+json\" class=\"yoast-schema-graph\">{\"@context\":\"https:\/\/schema.org\",\"@graph\":[{\"@type\":\"Article\",\"@id\":\"https:\/\/alle-im-digitalen-wandel.de\/home\/agilkom-einer-von-17-experimentierraeumen\/#article\",\"isPartOf\":{\"@id\":\"https:\/\/alle-im-digitalen-wandel.de\/home\/agilkom-einer-von-17-experimentierraeumen\/\"},\"author\":{\"name\":\"Hannah Sch\u00fcrr\",\"@id\":\"https:\/\/alle-im-digitalen-wandel.de\/home\/#\/schema\/person\/3d7f64faef3a377db5c4ae38b6826b46\"},\"headline\":\"&#8222;AgilKom&#8220;- einer von 17 Experimentierr\u00e4umen\",\"datePublished\":\"2020-02-25T09:00:00+00:00\",\"dateModified\":\"2022-09-08T06:56:43+00:00\",\"mainEntityOfPage\":{\"@id\":\"https:\/\/alle-im-digitalen-wandel.de\/home\/agilkom-einer-von-17-experimentierraeumen\/\"},\"wordCount\":383,\"publisher\":{\"@id\":\"https:\/\/alle-im-digitalen-wandel.de\/home\/#organization\"},\"keywords\":[\"AgilKom\",\"Design Thinking\",\"digitalisierung\",\"Experimentierraum\",\"Kommunen\",\"Ver\u00e4nderungsprozesse\",\"Verwaltungen\",\"Zukunftswerkstatt\"],\"articleSection\":{\"0\":\"Aktuelles\",\"2\":\"Experimentierr\u00e4ume\",\"3\":\"Ver\u00e4nderungskommunikation\"},\"inLanguage\":\"de\"},{\"@type\":\"WebPage\",\"@id\":\"https:\/\/alle-im-digitalen-wandel.de\/home\/agilkom-einer-von-17-experimentierraeumen\/\",\"url\":\"https:\/\/alle-im-digitalen-wandel.de\/home\/agilkom-einer-von-17-experimentierraeumen\/\",\"name\":\"\\\"AgilKom\\\"- einer von 17 Experimentierr\u00e4umen - Alle im digitalen Wandel\",\"isPartOf\":{\"@id\":\"https:\/\/alle-im-digitalen-wandel.de\/home\/#website\"},\"datePublished\":\"2020-02-25T09:00:00+00:00\",\"dateModified\":\"2022-09-08T06:56:43+00:00\",\"description\":\"\\\"AgilKom\\\" ist, neben dem Projekt ALLE im digitalen Wandel, einer von insgesamt 17 gef\u00f6rderten Experimentierr\u00e4umen der INQA.\",\"breadcrumb\":{\"@id\":\"https:\/\/alle-im-digitalen-wandel.de\/home\/agilkom-einer-von-17-experimentierraeumen\/#breadcrumb\"},\"inLanguage\":\"de\",\"potentialAction\":[{\"@type\":\"ReadAction\",\"target\":[\"https:\/\/alle-im-digitalen-wandel.de\/home\/agilkom-einer-von-17-experimentierraeumen\/\"]}]},{\"@type\":\"BreadcrumbList\",\"@id\":\"https:\/\/alle-im-digitalen-wandel.de\/home\/agilkom-einer-von-17-experimentierraeumen\/#breadcrumb\",\"itemListElement\":[{\"@type\":\"ListItem\",\"position\":1,\"name\":\"Startseite\",\"item\":\"https:\/\/alle-im-digitalen-wandel.de\/home\/\"},{\"@type\":\"ListItem\",\"position\":2,\"name\":\"&#8222;AgilKom&#8220;- einer von 17 Experimentierr\u00e4umen\"}]},{\"@type\":\"WebSite\",\"@id\":\"https:\/\/alle-im-digitalen-wandel.de\/home\/#website\",\"url\":\"https:\/\/alle-im-digitalen-wandel.de\/home\/\",\"name\":\"Alle im digitalen Wandel\",\"description\":\"Ein Projekt der Hochschule Darmstadt\",\"publisher\":{\"@id\":\"https:\/\/alle-im-digitalen-wandel.de\/home\/#organization\"},\"potentialAction\":[{\"@type\":\"SearchAction\",\"target\":{\"@type\":\"EntryPoint\",\"urlTemplate\":\"https:\/\/alle-im-digitalen-wandel.de\/home\/?s={search_term_string}\"},\"query-input\":\"required name=search_term_string\"}],\"inLanguage\":\"de\"},{\"@type\":\"Organization\",\"@id\":\"https:\/\/alle-im-digitalen-wandel.de\/home\/#organization\",\"name\":\"Alle im digitalen Wandel\",\"url\":\"https:\/\/alle-im-digitalen-wandel.de\/home\/\",\"logo\":{\"@type\":\"ImageObject\",\"inLanguage\":\"de\",\"@id\":\"https:\/\/alle-im-digitalen-wandel.de\/home\/#\/schema\/logo\/image\/\",\"url\":\"https:\/\/alle-im-digitalen-wandel.de\/wp-content\/uploads\/2020\/07\/cropped-Frame21.png\",\"contentUrl\":\"https:\/\/alle-im-digitalen-wandel.de\/wp-content\/uploads\/2020\/07\/cropped-Frame21.png\",\"width\":1786,\"height\":782,\"caption\":\"Alle im digitalen Wandel\"},\"image\":{\"@id\":\"https:\/\/alle-im-digitalen-wandel.de\/home\/#\/schema\/logo\/image\/\"}},{\"@type\":\"Person\",\"@id\":\"https:\/\/alle-im-digitalen-wandel.de\/home\/#\/schema\/person\/3d7f64faef3a377db5c4ae38b6826b46\",\"name\":\"Hannah Sch\u00fcrr\",\"image\":{\"@type\":\"ImageObject\",\"inLanguage\":\"de\",\"@id\":\"https:\/\/alle-im-digitalen-wandel.de\/home\/#\/schema\/person\/image\/\",\"url\":\"https:\/\/secure.gravatar.com\/avatar\/105003cd460c39b8aa14ea5776f3d7b3?s=96&d=mm&r=g\",\"contentUrl\":\"https:\/\/secure.gravatar.com\/avatar\/105003cd460c39b8aa14ea5776f3d7b3?s=96&d=mm&r=g\",\"caption\":\"Hannah Sch\u00fcrr\"},\"url\":\"https:\/\/alle-im-digitalen-wandel.de\/home\/author\/hannah-schuerr\/\"}]}<\/script>\n<!-- \/ Yoast SEO plugin. -->","yoast_head_json":{"title":"\"AgilKom\"- einer von 17 Experimentierr\u00e4umen - Alle im digitalen Wandel","description":"\"AgilKom\" ist, neben dem Projekt ALLE im digitalen Wandel, einer von insgesamt 17 gef\u00f6rderten Experimentierr\u00e4umen der INQA.","robots":{"index":"index","follow":"follow","max-snippet":"max-snippet:-1","max-image-preview":"max-image-preview:large","max-video-preview":"max-video-preview:-1"},"canonical":"https:\/\/alle-im-digitalen-wandel.de\/home\/agilkom-einer-von-17-experimentierraeumen\/","og_locale":"de_DE","og_type":"article","og_title":"\"AgilKom\"- einer von 17 Experimentierr\u00e4umen - Alle im digitalen Wandel","og_description":"\"AgilKom\" ist, neben dem Projekt ALLE im digitalen Wandel, einer von insgesamt 17 gef\u00f6rderten Experimentierr\u00e4umen der INQA.","og_url":"https:\/\/alle-im-digitalen-wandel.de\/home\/agilkom-einer-von-17-experimentierraeumen\/","og_site_name":"Alle im digitalen Wandel","article_published_time":"2020-02-25T09:00:00+00:00","article_modified_time":"2022-09-08T06:56:43+00:00","og_image":[{"width":1651,"height":1101,"url":"https:\/\/alle-im-digitalen-wandel.de\/wp-content\/uploads\/2020\/02\/photo-1546410531-bb4caa6b424d.jpeg","type":"image\/jpeg"}],"author":"Hannah Sch\u00fcrr","twitter_card":"summary_large_image","twitter_misc":{"Geschrieben von":"Hannah Sch\u00fcrr","Gesch\u00e4tzte Lesezeit":"2\u00a0Minuten"},"schema":{"@context":"https:\/\/schema.org","@graph":[{"@type":"Article","@id":"https:\/\/alle-im-digitalen-wandel.de\/home\/agilkom-einer-von-17-experimentierraeumen\/#article","isPartOf":{"@id":"https:\/\/alle-im-digitalen-wandel.de\/home\/agilkom-einer-von-17-experimentierraeumen\/"},"author":{"name":"Hannah Sch\u00fcrr","@id":"https:\/\/alle-im-digitalen-wandel.de\/home\/#\/schema\/person\/3d7f64faef3a377db5c4ae38b6826b46"},"headline":"&#8222;AgilKom&#8220;- einer von 17 Experimentierr\u00e4umen","datePublished":"2020-02-25T09:00:00+00:00","dateModified":"2022-09-08T06:56:43+00:00","mainEntityOfPage":{"@id":"https:\/\/alle-im-digitalen-wandel.de\/home\/agilkom-einer-von-17-experimentierraeumen\/"},"wordCount":383,"publisher":{"@id":"https:\/\/alle-im-digitalen-wandel.de\/home\/#organization"},"keywords":["AgilKom","Design Thinking","digitalisierung","Experimentierraum","Kommunen","Ver\u00e4nderungsprozesse","Verwaltungen","Zukunftswerkstatt"],"articleSection":{"0":"Aktuelles","2":"Experimentierr\u00e4ume","3":"Ver\u00e4nderungskommunikation"},"inLanguage":"de"},{"@type":"WebPage","@id":"https:\/\/alle-im-digitalen-wandel.de\/home\/agilkom-einer-von-17-experimentierraeumen\/","url":"https:\/\/alle-im-digitalen-wandel.de\/home\/agilkom-einer-von-17-experimentierraeumen\/","name":"\"AgilKom\"- einer von 17 Experimentierr\u00e4umen - Alle im digitalen Wandel","isPartOf":{"@id":"https:\/\/alle-im-digitalen-wandel.de\/home\/#website"},"datePublished":"2020-02-25T09:00:00+00:00","dateModified":"2022-09-08T06:56:43+00:00","description":"\"AgilKom\" ist, neben dem Projekt ALLE im digitalen Wandel, einer von insgesamt 17 gef\u00f6rderten Experimentierr\u00e4umen der INQA.","breadcrumb":{"@id":"https:\/\/alle-im-digitalen-wandel.de\/home\/agilkom-einer-von-17-experimentierraeumen\/#breadcrumb"},"inLanguage":"de","potentialAction":[{"@type":"ReadAction","target":["https:\/\/alle-im-digitalen-wandel.de\/home\/agilkom-einer-von-17-experimentierraeumen\/"]}]},{"@type":"BreadcrumbList","@id":"https:\/\/alle-im-digitalen-wandel.de\/home\/agilkom-einer-von-17-experimentierraeumen\/#breadcrumb","itemListElement":[{"@type":"ListItem","position":1,"name":"Startseite","item":"https:\/\/alle-im-digitalen-wandel.de\/home\/"},{"@type":"ListItem","position":2,"name":"&#8222;AgilKom&#8220;- einer von 17 Experimentierr\u00e4umen"}]},{"@type":"WebSite","@id":"https:\/\/alle-im-digitalen-wandel.de\/home\/#website","url":"https:\/\/alle-im-digitalen-wandel.de\/home\/","name":"Alle im digitalen Wandel","description":"Ein Projekt der Hochschule Darmstadt","publisher":{"@id":"https:\/\/alle-im-digitalen-wandel.de\/home\/#organization"},"potentialAction":[{"@type":"SearchAction","target":{"@type":"EntryPoint","urlTemplate":"https:\/\/alle-im-digitalen-wandel.de\/home\/?s={search_term_string}"},"query-input":"required name=search_term_string"}],"inLanguage":"de"},{"@type":"Organization","@id":"https:\/\/alle-im-digitalen-wandel.de\/home\/#organization","name":"Alle im digitalen Wandel","url":"https:\/\/alle-im-digitalen-wandel.de\/home\/","logo":{"@type":"ImageObject","inLanguage":"de","@id":"https:\/\/alle-im-digitalen-wandel.de\/home\/#\/schema\/logo\/image\/","url":"https:\/\/alle-im-digitalen-wandel.de\/wp-content\/uploads\/2020\/07\/cropped-Frame21.png","contentUrl":"https:\/\/alle-im-digitalen-wandel.de\/wp-content\/uploads\/2020\/07\/cropped-Frame21.png","width":1786,"height":782,"caption":"Alle im digitalen Wandel"},"image":{"@id":"https:\/\/alle-im-digitalen-wandel.de\/home\/#\/schema\/logo\/image\/"}},{"@type":"Person","@id":"https:\/\/alle-im-digitalen-wandel.de\/home\/#\/schema\/person\/3d7f64faef3a377db5c4ae38b6826b46","name":"Hannah Sch\u00fcrr","image":{"@type":"ImageObject","inLanguage":"de","@id":"https:\/\/alle-im-digitalen-wandel.de\/home\/#\/schema\/person\/image\/","url":"https:\/\/secure.gravatar.com\/avatar\/105003cd460c39b8aa14ea5776f3d7b3?s=96&d=mm&r=g","contentUrl":"https:\/\/secure.gravatar.com\/avatar\/105003cd460c39b8aa14ea5776f3d7b3?s=96&d=mm&r=g","caption":"Hannah Sch\u00fcrr"},"url":"https:\/\/alle-im-digitalen-wandel.de\/home\/author\/hannah-schuerr\/"}]}},"_links":{"self":[{"href":"https:\/\/alle-im-digitalen-wandel.de\/home\/wp-json\/wp\/v2\/posts\/1061"}],"collection":[{"href":"https:\/\/alle-im-digitalen-wandel.de\/home\/wp-json\/wp\/v2\/posts"}],"about":[{"href":"https:\/\/alle-im-digitalen-wandel.de\/home\/wp-json\/wp\/v2\/types\/post"}],"author":[{"embeddable":true,"href":"https:\/\/alle-im-digitalen-wandel.de\/home\/wp-json\/wp\/v2\/users\/8"}],"replies":[{"embeddable":true,"href":"https:\/\/alle-im-digitalen-wandel.de\/home\/wp-json\/wp\/v2\/comments?post=1061"}],"version-history":[{"count":7,"href":"https:\/\/alle-im-digitalen-wandel.de\/home\/wp-json\/wp\/v2\/posts\/1061\/revisions"}],"predecessor-version":[{"id":1109,"href":"https:\/\/alle-im-digitalen-wandel.de\/home\/wp-json\/wp\/v2\/posts\/1061\/revisions\/1109"}],"wp:featuredmedia":[{"embeddable":true,"href":"https:\/\/alle-im-digitalen-wandel.de\/home\/wp-json\/wp\/v2\/media\/1000"}],"wp:attachment":[{"href":"https:\/\/alle-im-digitalen-wandel.de\/home\/wp-json\/wp\/v2\/media?parent=1061"}],"wp:term":[{"taxonomy":"category","embeddable":true,"href":"https:\/\/alle-im-digitalen-wandel.de\/home\/wp-json\/wp\/v2\/categories?post=1061"},{"taxonomy":"post_tag","embeddable":true,"href":"https:\/\/alle-im-digitalen-wandel.de\/home\/wp-json\/wp\/v2\/tags?post=1061"}],"curies":[{"name":"wp","href":"https:\/\/api.w.org\/{rel}","templated":true}]}}