{"id":104,"date":"2019-06-15T17:43:40","date_gmt":"2019-06-15T15:43:40","guid":{"rendered":"http:\/\/alle-im-digitalen-wandel.de\/wordpress\/?p=104"},"modified":"2022-09-08T08:57:02","modified_gmt":"2022-09-08T06:57:02","slug":"4-%c2%bd-fragen-an-michael-grupe-fink-fuchs","status":"publish","type":"post","link":"https:\/\/alle-im-digitalen-wandel.de\/home\/4-%c2%bd-fragen-an-michael-grupe-fink-fuchs\/","title":{"rendered":"4 \u00bd Fragen an &#8230; Michael Grupe (Fink &#038; Fuchs)"},"content":{"rendered":"\n<h2>4 \u00bd Fragen an \u2026 Michael Grupe (Fink &amp; Fuchs)<\/h2>\n\n\n\n<p>In unserer Kategorie &#8222;<a href=\"https:\/\/alle-im-digitalen-wandel.de\/home\/blog\">4\u00bd Fragen an\u2026<\/a>&#8220; wollen wir ihnen unsere unterschiedlichen Projektpartner etwas genauer vorstellen. So erhalten sie in regelm\u00e4\u00dfigen Abst\u00e4nden einen kleinen Einblick hinter die Kulissen. Diesmal 4 \u00bd Fragen an Michael Grupe von <a href=\"https:\/\/finkfuchs.de\/de\/\">Fink und Fuchs<\/a>. <\/p>\n\n\n\n<div class=\"wp-block-image\"><figure class=\"alignleft\"><img decoding=\"async\" loading=\"lazy\" width=\"300\" height=\"229\" src=\"http:\/\/alle-im-digitalen-wandel.de\/wordpress\/wp-content\/uploads\/2019\/09\/image007-300x229.jpg\" alt=\"Bildquelle: Fink &amp; Fuchs\" class=\"wp-image-105\" srcset=\"https:\/\/alle-im-digitalen-wandel.de\/wp-content\/uploads\/2019\/09\/image007-300x229.jpg 300w, https:\/\/alle-im-digitalen-wandel.de\/wp-content\/uploads\/2019\/09\/image007.jpg 380w\" sizes=\"(max-width: 300px) 100vw, 300px\" \/><\/figure><\/div>\n\n\n\n<p><strong>Was macht das Projekt \u201eALLE im digitalen Wandel\u201c f\u00fcr Sie spannend?<\/strong><\/p>\n\n\n\n<p>Generell interessiert mich das Thema Experimentierr\u00e4ume und ich besch\u00e4ftige mich schon l\u00e4nger damit. Zudem finde ich das gesamte Setting an Partnern, Themen, Fragestellungen und die daraus entstehende Zusammenarbeit sehr reizvoll.&nbsp;<\/p>\n\n\n\n<p><strong>Welche M\u00f6glichkeiten der Digitalisierung bereiten Ihnen aktuell viel Freude?<\/strong><br><\/p>\n\n\n\n<p>Beruflich vor allem die M\u00f6glichkeit, Informationen schneller und besser zu finden und zu verarbeiten sowie neue Tools oder Technologien ausprobieren zu k\u00f6nnen. Privat bin ich immer noch jeden Tag aufs Neue davon begeistert, dass ich meine Lieblingsmusik und hunderte Erinnerungen in Form von Fotos jederzeit bei mir haben kann.<\/p>\n\n\n\n<p><strong>Vor welche pers\u00f6nliche Herausforderung stellt Sie der digitale Wandel gerade?<\/strong><br><\/p>\n\n\n\n<p>Bei der Vielzahl an Tools und M\u00f6glichkeiten den \u00dcberblick zu behalten. Und nat\u00fcrlich die gro\u00dfe Frage, wie wir einen pragmatischen Umgang mit dem Thema K\u00fcnstliche Intelligenz gestalten.&nbsp;<\/p>\n\n\n\n<p><strong>Vor welche pers\u00f6nliche Herausforderung stellt Sie der digitale Wandel gerade?<\/strong><br><\/p>\n\n\n\n<p>Bei der Vielzahl an Tools und M\u00f6glichkeiten den \u00dcberblick zu behalten. Und nat\u00fcrlich die gro\u00dfe Frage, wie wir einen pragmatischen Umgang mit dem Thema K\u00fcnstliche Intelligenz gestalten.&nbsp;<\/p>\n\n\n\n<p><strong>H\u00f6ren muss sein. Ihr Lieblingspodcast?\u201c<\/strong>&nbsp;<\/p>\n\n\n\n<p>\u201eHR2 \u2013 der Tag\u201c und \u201eZeiglers wunderbare Welt des Fu\u00dfballs\u201c.<\/p>\n\n\n\n<hr class=\"wp-block-separator\"\/>\n\n\n\n<p>Fink &amp; Fuchs AG, Wiesbaden, ist Projektpartner im Projekt \u201eALLE im digitalen Wandel&#8220;. Michael Grupe (Mitglied des Vorstands) verantwortet die Beratungsfelder Digital- und Arbeitgeber-Kommunikation bei Fink &amp; Fuchs.<\/p>\n","protected":false},"excerpt":{"rendered":"<p>In unserer Kategorie &#8222;4\u00bd Fragen an\u2026&#8220; wollen wir ihnen unsere unterschiedlichen Projektpartner etwas genauer vorstellen. So erhalten sie in regelm\u00e4\u00dfigen Abst\u00e4nden einen kleinen Einblick hinter die Kulissen. Diesmal 4 \u00bd Fragen Michael Grupe von Fink &#038; Fuchs. <\/p>\n","protected":false},"author":1,"featured_media":105,"comment_status":"closed","ping_status":"open","sticky":false,"template":"","format":"standard","meta":{"_themeisle_gutenberg_block_has_review":false},"categories":[61,70],"tags":[13],"yoast_head":"<!-- This site is optimized with the Yoast SEO plugin v19.11 - https:\/\/yoast.com\/wordpress\/plugins\/seo\/ -->\n<title>4 \u00bd Fragen an ... Michael Grupe (Fink &amp; Fuchs) - Alle im digitalen Wandel<\/title>\n<meta name=\"description\" content=\"In unserer Kategorie &quot; 4\u00bd Fragen an&quot; stellen wir ihnen regelm\u00e4\u00dfig unsere Projektpartner etwas genauer vor. Diesmal 4\u00bd Fragen an Michael Grupe von F&amp;F.\" \/>\n<meta name=\"robots\" content=\"index, follow, max-snippet:-1, max-image-preview:large, max-video-preview:-1\" \/>\n<link rel=\"canonical\" href=\"https:\/\/alle-im-digitalen-wandel.de\/home\/4-\u00bd-fragen-an-michael-grupe-fink-fuchs\/\" \/>\n<meta property=\"og:locale\" content=\"de_DE\" \/>\n<meta property=\"og:type\" content=\"article\" \/>\n<meta property=\"og:title\" content=\"4 \u00bd Fragen an ... Michael Grupe (Fink &amp; Fuchs) - Alle im digitalen Wandel\" \/>\n<meta property=\"og:description\" content=\"In unserer Kategorie &quot; 4\u00bd Fragen an&quot; stellen wir ihnen regelm\u00e4\u00dfig unsere Projektpartner etwas genauer vor. Diesmal 4\u00bd Fragen an Michael Grupe von F&amp;F.\" \/>\n<meta property=\"og:url\" content=\"https:\/\/alle-im-digitalen-wandel.de\/home\/4-\u00bd-fragen-an-michael-grupe-fink-fuchs\/\" \/>\n<meta property=\"og:site_name\" content=\"Alle im digitalen Wandel\" \/>\n<meta property=\"article:published_time\" content=\"2019-06-15T15:43:40+00:00\" \/>\n<meta property=\"article:modified_time\" content=\"2022-09-08T06:57:02+00:00\" \/>\n<meta property=\"og:image\" content=\"https:\/\/alle-im-digitalen-wandel.de\/wp-content\/uploads\/2019\/09\/image007.jpg\" \/>\n\t<meta property=\"og:image:width\" content=\"380\" \/>\n\t<meta property=\"og:image:height\" content=\"290\" \/>\n\t<meta property=\"og:image:type\" content=\"image\/jpeg\" \/>\n<meta name=\"author\" content=\"admin\" \/>\n<meta name=\"twitter:card\" content=\"summary_large_image\" \/>\n<meta name=\"twitter:label1\" content=\"Geschrieben von\" \/>\n\t<meta name=\"twitter:data1\" content=\"admin\" \/>\n\t<meta name=\"twitter:label2\" content=\"Gesch\u00e4tzte Lesezeit\" \/>\n\t<meta name=\"twitter:data2\" content=\"1\u00a0Minute\" \/>\n<script type=\"application\/ld+json\" class=\"yoast-schema-graph\">{\"@context\":\"https:\/\/schema.org\",\"@graph\":[{\"@type\":\"Article\",\"@id\":\"https:\/\/alle-im-digitalen-wandel.de\/home\/4-%c2%bd-fragen-an-michael-grupe-fink-fuchs\/#article\",\"isPartOf\":{\"@id\":\"https:\/\/alle-im-digitalen-wandel.de\/home\/4-%c2%bd-fragen-an-michael-grupe-fink-fuchs\/\"},\"author\":{\"name\":\"admin\",\"@id\":\"https:\/\/alle-im-digitalen-wandel.de\/home\/#\/schema\/person\/aba2c887bf097e6be68caeba38b9c526\"},\"headline\":\"4 \u00bd Fragen an &#8230; Michael Grupe (Fink &#038; Fuchs)\",\"datePublished\":\"2019-06-15T15:43:40+00:00\",\"dateModified\":\"2022-09-08T06:57:02+00:00\",\"mainEntityOfPage\":{\"@id\":\"https:\/\/alle-im-digitalen-wandel.de\/home\/4-%c2%bd-fragen-an-michael-grupe-fink-fuchs\/\"},\"wordCount\":288,\"publisher\":{\"@id\":\"https:\/\/alle-im-digitalen-wandel.de\/home\/#organization\"},\"keywords\":[\"Projektpartner\"],\"articleSection\":[\"4 \u00bd Fragen an ...\",\"Projektpartner\"],\"inLanguage\":\"de\"},{\"@type\":\"WebPage\",\"@id\":\"https:\/\/alle-im-digitalen-wandel.de\/home\/4-%c2%bd-fragen-an-michael-grupe-fink-fuchs\/\",\"url\":\"https:\/\/alle-im-digitalen-wandel.de\/home\/4-%c2%bd-fragen-an-michael-grupe-fink-fuchs\/\",\"name\":\"4 \u00bd Fragen an ... Michael Grupe (Fink & Fuchs) - Alle im digitalen Wandel\",\"isPartOf\":{\"@id\":\"https:\/\/alle-im-digitalen-wandel.de\/home\/#website\"},\"datePublished\":\"2019-06-15T15:43:40+00:00\",\"dateModified\":\"2022-09-08T06:57:02+00:00\",\"description\":\"In unserer Kategorie \\\" 4\u00bd Fragen an\\\" stellen wir ihnen regelm\u00e4\u00dfig unsere Projektpartner etwas genauer vor. Diesmal 4\u00bd Fragen an Michael Grupe von F&F.\",\"breadcrumb\":{\"@id\":\"https:\/\/alle-im-digitalen-wandel.de\/home\/4-%c2%bd-fragen-an-michael-grupe-fink-fuchs\/#breadcrumb\"},\"inLanguage\":\"de\",\"potentialAction\":[{\"@type\":\"ReadAction\",\"target\":[\"https:\/\/alle-im-digitalen-wandel.de\/home\/4-%c2%bd-fragen-an-michael-grupe-fink-fuchs\/\"]}]},{\"@type\":\"BreadcrumbList\",\"@id\":\"https:\/\/alle-im-digitalen-wandel.de\/home\/4-%c2%bd-fragen-an-michael-grupe-fink-fuchs\/#breadcrumb\",\"itemListElement\":[{\"@type\":\"ListItem\",\"position\":1,\"name\":\"Startseite\",\"item\":\"https:\/\/alle-im-digitalen-wandel.de\/home\/\"},{\"@type\":\"ListItem\",\"position\":2,\"name\":\"4 \u00bd Fragen an &#8230; Michael Grupe (Fink &#038; Fuchs)\"}]},{\"@type\":\"WebSite\",\"@id\":\"https:\/\/alle-im-digitalen-wandel.de\/home\/#website\",\"url\":\"https:\/\/alle-im-digitalen-wandel.de\/home\/\",\"name\":\"Alle im digitalen Wandel\",\"description\":\"Ein Projekt der Hochschule Darmstadt\",\"publisher\":{\"@id\":\"https:\/\/alle-im-digitalen-wandel.de\/home\/#organization\"},\"potentialAction\":[{\"@type\":\"SearchAction\",\"target\":{\"@type\":\"EntryPoint\",\"urlTemplate\":\"https:\/\/alle-im-digitalen-wandel.de\/home\/?s={search_term_string}\"},\"query-input\":\"required name=search_term_string\"}],\"inLanguage\":\"de\"},{\"@type\":\"Organization\",\"@id\":\"https:\/\/alle-im-digitalen-wandel.de\/home\/#organization\",\"name\":\"Alle im digitalen Wandel\",\"url\":\"https:\/\/alle-im-digitalen-wandel.de\/home\/\",\"logo\":{\"@type\":\"ImageObject\",\"inLanguage\":\"de\",\"@id\":\"https:\/\/alle-im-digitalen-wandel.de\/home\/#\/schema\/logo\/image\/\",\"url\":\"https:\/\/alle-im-digitalen-wandel.de\/wp-content\/uploads\/2020\/07\/cropped-Frame21.png\",\"contentUrl\":\"https:\/\/alle-im-digitalen-wandel.de\/wp-content\/uploads\/2020\/07\/cropped-Frame21.png\",\"width\":1786,\"height\":782,\"caption\":\"Alle im digitalen Wandel\"},\"image\":{\"@id\":\"https:\/\/alle-im-digitalen-wandel.de\/home\/#\/schema\/logo\/image\/\"}},{\"@type\":\"Person\",\"@id\":\"https:\/\/alle-im-digitalen-wandel.de\/home\/#\/schema\/person\/aba2c887bf097e6be68caeba38b9c526\",\"name\":\"admin\",\"image\":{\"@type\":\"ImageObject\",\"inLanguage\":\"de\",\"@id\":\"https:\/\/alle-im-digitalen-wandel.de\/home\/#\/schema\/person\/image\/\",\"url\":\"https:\/\/secure.gravatar.com\/avatar\/20e0375322246cb402e46562715ccc80?s=96&d=mm&r=g\",\"contentUrl\":\"https:\/\/secure.gravatar.com\/avatar\/20e0375322246cb402e46562715ccc80?s=96&d=mm&r=g\",\"caption\":\"admin\"},\"url\":\"https:\/\/alle-im-digitalen-wandel.de\/home\/author\/admin\/\"}]}<\/script>\n<!-- \/ Yoast SEO plugin. -->","yoast_head_json":{"title":"4 \u00bd Fragen an ... Michael Grupe (Fink & Fuchs) - Alle im digitalen Wandel","description":"In unserer Kategorie \" 4\u00bd Fragen an\" stellen wir ihnen regelm\u00e4\u00dfig unsere Projektpartner etwas genauer vor. Diesmal 4\u00bd Fragen an Michael Grupe von F&F.","robots":{"index":"index","follow":"follow","max-snippet":"max-snippet:-1","max-image-preview":"max-image-preview:large","max-video-preview":"max-video-preview:-1"},"canonical":"https:\/\/alle-im-digitalen-wandel.de\/home\/4-\u00bd-fragen-an-michael-grupe-fink-fuchs\/","og_locale":"de_DE","og_type":"article","og_title":"4 \u00bd Fragen an ... Michael Grupe (Fink & Fuchs) - Alle im digitalen Wandel","og_description":"In unserer Kategorie \" 4\u00bd Fragen an\" stellen wir ihnen regelm\u00e4\u00dfig unsere Projektpartner etwas genauer vor. Diesmal 4\u00bd Fragen an Michael Grupe von F&F.","og_url":"https:\/\/alle-im-digitalen-wandel.de\/home\/4-\u00bd-fragen-an-michael-grupe-fink-fuchs\/","og_site_name":"Alle im digitalen Wandel","article_published_time":"2019-06-15T15:43:40+00:00","article_modified_time":"2022-09-08T06:57:02+00:00","og_image":[{"width":380,"height":290,"url":"https:\/\/alle-im-digitalen-wandel.de\/wp-content\/uploads\/2019\/09\/image007.jpg","type":"image\/jpeg"}],"author":"admin","twitter_card":"summary_large_image","twitter_misc":{"Geschrieben von":"admin","Gesch\u00e4tzte Lesezeit":"1\u00a0Minute"},"schema":{"@context":"https:\/\/schema.org","@graph":[{"@type":"Article","@id":"https:\/\/alle-im-digitalen-wandel.de\/home\/4-%c2%bd-fragen-an-michael-grupe-fink-fuchs\/#article","isPartOf":{"@id":"https:\/\/alle-im-digitalen-wandel.de\/home\/4-%c2%bd-fragen-an-michael-grupe-fink-fuchs\/"},"author":{"name":"admin","@id":"https:\/\/alle-im-digitalen-wandel.de\/home\/#\/schema\/person\/aba2c887bf097e6be68caeba38b9c526"},"headline":"4 \u00bd Fragen an &#8230; Michael Grupe (Fink &#038; Fuchs)","datePublished":"2019-06-15T15:43:40+00:00","dateModified":"2022-09-08T06:57:02+00:00","mainEntityOfPage":{"@id":"https:\/\/alle-im-digitalen-wandel.de\/home\/4-%c2%bd-fragen-an-michael-grupe-fink-fuchs\/"},"wordCount":288,"publisher":{"@id":"https:\/\/alle-im-digitalen-wandel.de\/home\/#organization"},"keywords":["Projektpartner"],"articleSection":["4 \u00bd Fragen an ...","Projektpartner"],"inLanguage":"de"},{"@type":"WebPage","@id":"https:\/\/alle-im-digitalen-wandel.de\/home\/4-%c2%bd-fragen-an-michael-grupe-fink-fuchs\/","url":"https:\/\/alle-im-digitalen-wandel.de\/home\/4-%c2%bd-fragen-an-michael-grupe-fink-fuchs\/","name":"4 \u00bd Fragen an ... Michael Grupe (Fink & Fuchs) - Alle im digitalen Wandel","isPartOf":{"@id":"https:\/\/alle-im-digitalen-wandel.de\/home\/#website"},"datePublished":"2019-06-15T15:43:40+00:00","dateModified":"2022-09-08T06:57:02+00:00","description":"In unserer Kategorie \" 4\u00bd Fragen an\" stellen wir ihnen regelm\u00e4\u00dfig unsere Projektpartner etwas genauer vor. Diesmal 4\u00bd Fragen an Michael Grupe von F&F.","breadcrumb":{"@id":"https:\/\/alle-im-digitalen-wandel.de\/home\/4-%c2%bd-fragen-an-michael-grupe-fink-fuchs\/#breadcrumb"},"inLanguage":"de","potentialAction":[{"@type":"ReadAction","target":["https:\/\/alle-im-digitalen-wandel.de\/home\/4-%c2%bd-fragen-an-michael-grupe-fink-fuchs\/"]}]},{"@type":"BreadcrumbList","@id":"https:\/\/alle-im-digitalen-wandel.de\/home\/4-%c2%bd-fragen-an-michael-grupe-fink-fuchs\/#breadcrumb","itemListElement":[{"@type":"ListItem","position":1,"name":"Startseite","item":"https:\/\/alle-im-digitalen-wandel.de\/home\/"},{"@type":"ListItem","position":2,"name":"4 \u00bd Fragen an &#8230; Michael Grupe (Fink &#038; Fuchs)"}]},{"@type":"WebSite","@id":"https:\/\/alle-im-digitalen-wandel.de\/home\/#website","url":"https:\/\/alle-im-digitalen-wandel.de\/home\/","name":"Alle im digitalen Wandel","description":"Ein Projekt der Hochschule Darmstadt","publisher":{"@id":"https:\/\/alle-im-digitalen-wandel.de\/home\/#organization"},"potentialAction":[{"@type":"SearchAction","target":{"@type":"EntryPoint","urlTemplate":"https:\/\/alle-im-digitalen-wandel.de\/home\/?s={search_term_string}"},"query-input":"required name=search_term_string"}],"inLanguage":"de"},{"@type":"Organization","@id":"https:\/\/alle-im-digitalen-wandel.de\/home\/#organization","name":"Alle im digitalen Wandel","url":"https:\/\/alle-im-digitalen-wandel.de\/home\/","logo":{"@type":"ImageObject","inLanguage":"de","@id":"https:\/\/alle-im-digitalen-wandel.de\/home\/#\/schema\/logo\/image\/","url":"https:\/\/alle-im-digitalen-wandel.de\/wp-content\/uploads\/2020\/07\/cropped-Frame21.png","contentUrl":"https:\/\/alle-im-digitalen-wandel.de\/wp-content\/uploads\/2020\/07\/cropped-Frame21.png","width":1786,"height":782,"caption":"Alle im digitalen Wandel"},"image":{"@id":"https:\/\/alle-im-digitalen-wandel.de\/home\/#\/schema\/logo\/image\/"}},{"@type":"Person","@id":"https:\/\/alle-im-digitalen-wandel.de\/home\/#\/schema\/person\/aba2c887bf097e6be68caeba38b9c526","name":"admin","image":{"@type":"ImageObject","inLanguage":"de","@id":"https:\/\/alle-im-digitalen-wandel.de\/home\/#\/schema\/person\/image\/","url":"https:\/\/secure.gravatar.com\/avatar\/20e0375322246cb402e46562715ccc80?s=96&d=mm&r=g","contentUrl":"https:\/\/secure.gravatar.com\/avatar\/20e0375322246cb402e46562715ccc80?s=96&d=mm&r=g","caption":"admin"},"url":"https:\/\/alle-im-digitalen-wandel.de\/home\/author\/admin\/"}]}},"_links":{"self":[{"href":"https:\/\/alle-im-digitalen-wandel.de\/home\/wp-json\/wp\/v2\/posts\/104"}],"collection":[{"href":"https:\/\/alle-im-digitalen-wandel.de\/home\/wp-json\/wp\/v2\/posts"}],"about":[{"href":"https:\/\/alle-im-digitalen-wandel.de\/home\/wp-json\/wp\/v2\/types\/post"}],"author":[{"embeddable":true,"href":"https:\/\/alle-im-digitalen-wandel.de\/home\/wp-json\/wp\/v2\/users\/1"}],"replies":[{"embeddable":true,"href":"https:\/\/alle-im-digitalen-wandel.de\/home\/wp-json\/wp\/v2\/comments?post=104"}],"version-history":[{"count":7,"href":"https:\/\/alle-im-digitalen-wandel.de\/home\/wp-json\/wp\/v2\/posts\/104\/revisions"}],"predecessor-version":[{"id":1103,"href":"https:\/\/alle-im-digitalen-wandel.de\/home\/wp-json\/wp\/v2\/posts\/104\/revisions\/1103"}],"wp:featuredmedia":[{"embeddable":true,"href":"https:\/\/alle-im-digitalen-wandel.de\/home\/wp-json\/wp\/v2\/media\/105"}],"wp:attachment":[{"href":"https:\/\/alle-im-digitalen-wandel.de\/home\/wp-json\/wp\/v2\/media?parent=104"}],"wp:term":[{"taxonomy":"category","embeddable":true,"href":"https:\/\/alle-im-digitalen-wandel.de\/home\/wp-json\/wp\/v2\/categories?post=104"},{"taxonomy":"post_tag","embeddable":true,"href":"https:\/\/alle-im-digitalen-wandel.de\/home\/wp-json\/wp\/v2\/tags?post=104"}],"curies":[{"name":"wp","href":"https:\/\/api.w.org\/{rel}","templated":true}]}}